{"id":27885,"date":"2020-05-01T19:03:56","date_gmt":"2020-05-01T23:03:56","guid":{"rendered":"http:\/\/blogdalucianaoliveira.com.br\/blog\/?p=27885"},"modified":"2020-05-01T19:04:04","modified_gmt":"2020-05-01T23:04:04","slug":"por-mais-lucro-neoliberais-atacam-sindicatos-para-desorganizar-trabalhadores","status":"publish","type":"post","link":"http:\/\/blogdalucianaoliveira.com.br\/blog\/2020\/05\/01\/por-mais-lucro-neoliberais-atacam-sindicatos-para-desorganizar-trabalhadores\/","title":{"rendered":"Por mais lucro, neoliberais atacam sindicatos para desorganizar trabalhadores"},"content":{"rendered":"\n<figure class=\"wp-block-image size-large\"><img data-recalc-dims=\"1\" loading=\"lazy\" decoding=\"async\" width=\"600\" height=\"400\" data-attachment-id=\"27886\" data-permalink=\"http:\/\/blogdalucianaoliveira.com.br\/blog\/2020\/05\/01\/por-mais-lucro-neoliberais-atacam-sindicatos-para-desorganizar-trabalhadores\/image-2-11\/\" data-orig-file=\"https:\/\/i0.wp.com\/blogdalucianaoliveira.com.br\/blog\/wp-content\/uploads\/2020\/05\/image-2.jpeg?fit=800%2C533\" data-orig-size=\"800,533\" data-comments-opened=\"0\" data-image-meta=\"{&quot;aperture&quot;:&quot;0&quot;,&quot;credit&quot;:&quot;&quot;,&quot;camera&quot;:&quot;&quot;,&quot;caption&quot;:&quot;&quot;,&quot;created_timestamp&quot;:&quot;0&quot;,&quot;copyright&quot;:&quot;&quot;,&quot;focal_length&quot;:&quot;0&quot;,&quot;iso&quot;:&quot;0&quot;,&quot;shutter_speed&quot;:&quot;0&quot;,&quot;title&quot;:&quot;&quot;,&quot;orientation&quot;:&quot;0&quot;}\" data-image-title=\"image-2\" data-image-description=\"\" data-image-caption=\"\" data-medium-file=\"https:\/\/i0.wp.com\/blogdalucianaoliveira.com.br\/blog\/wp-content\/uploads\/2020\/05\/image-2.jpeg?fit=300%2C200\" data-large-file=\"https:\/\/i0.wp.com\/blogdalucianaoliveira.com.br\/blog\/wp-content\/uploads\/2020\/05\/image-2.jpeg?fit=600%2C400\" src=\"https:\/\/i0.wp.com\/blogdalucianaoliveira.com.br\/blog\/wp-content\/uploads\/2020\/05\/image-2.jpeg?resize=600%2C400\" alt=\"\" class=\"wp-image-27886\" srcset=\"https:\/\/i0.wp.com\/blogdalucianaoliveira.com.br\/blog\/wp-content\/uploads\/2020\/05\/image-2.jpeg?w=800 800w, https:\/\/i0.wp.com\/blogdalucianaoliveira.com.br\/blog\/wp-content\/uploads\/2020\/05\/image-2.jpeg?resize=300%2C200 300w, https:\/\/i0.wp.com\/blogdalucianaoliveira.com.br\/blog\/wp-content\/uploads\/2020\/05\/image-2.jpeg?resize=768%2C512 768w, https:\/\/i0.wp.com\/blogdalucianaoliveira.com.br\/blog\/wp-content\/uploads\/2020\/05\/image-2.jpeg?resize=450%2C300 450w\" sizes=\"auto, (max-width: 600px) 100vw, 600px\" \/><\/figure>\n\n\n\n<h4 class=\"wp-block-heading\">Transforma\u00e7\u00f5es no mundo do trabalho imp\u00f5em desafio de manter trabalhadores organizados e defender direitos hist\u00f3ricos<\/h4>\n\n\n\n<!--more-->\n\n\n\n<p>Caroline Oliveira &#8211; Brasil de Fato\u00a0<\/p>\n\n\n\n<p>O Brasil est\u00e1 com o p\u00e9 na ditadura militar enquanto Ot\u00e1vio faz piquete na porta da f\u00e1brica, com um megafone na m\u00e3o. Seu filho, Ti\u00e3o, metal\u00fargico de fam\u00edlia, ignora o pai e o piquete. Para ele, greve \u00e9 utopia, uma luta ingl\u00f3ria. Sua preocupa\u00e7\u00e3o \u00e9 deixar a vida dif\u00edcil para tr\u00e1s. Na pe\u00e7a teatral \u201cEles n\u00e3o usam black-tie\u201d, escrita por Gianfrancesco Guarnieri, est\u00e3o retratados os conflitos de uma categoria e de duas gera\u00e7\u00f5es que parecem viver em mundos diferentes, ainda que iguais.&nbsp;<\/p>\n\n\n\n<p>Projetados os personagens para 2020, Ot\u00e1vio seria o trabalhador que est\u00e1 diante do desafio de reorganiza\u00e7\u00e3o do movimento sindical diante das transforma\u00e7\u00f5es no capitalismo. O&nbsp;filho Ti\u00e3o seria hoje o motorista de Uber que n\u00e3o se v\u00ea representado pela estrutura sindical e que nega a CLT,&nbsp;t\u00e3o distante de sua realidade, enquanto conquista hist\u00f3rica dos trabalhadores.<\/p>\n\n\n\n<p>Saindo da arte e chegando \u00e0 vida real, a trabalhadora Lucineide Varj\u00e3o, presidente da Confedera\u00e7\u00e3o Nacional dos Qu\u00edmicos, faz perguntas comuns entre dirigentes do movimento sindical brasileiro: quais ser\u00e3o as novas formas de organizar a sociedade e o mundo do trabalho nessa conjuntura? Como as entidades hist\u00f3ricas de trabalhadores organizados podem seguir&nbsp;defendendo direitos&nbsp;nesse novo mundo do trabalho?&nbsp;<\/p>\n\n\n\n<p>Em que mundo o movimento sindical se encontra?<\/p>\n\n\n\n<p>A nova conjuntura de que Varj\u00e3o fala, que faz emergir&nbsp;<a href=\"https:\/\/www.brasildefato.com.br\/2019\/12\/28\/mudancas-no-mercado-de-trabalho-responsabilizam-as-pessoas-pela-exclusao-e-aumentam-i\" target=\"_blank\" rel=\"noreferrer noopener\">um novo mercado de trabalho<\/a>&nbsp;e novos desafios ao movimento sindical, caracteriza-se por tr\u00eas fatores: transforma\u00e7\u00f5es tecnol\u00f3gicas, controle do sistema produtivo e da riqueza financeira e a l\u00f3gica da meritocracia.&nbsp;\u00c9 a explica\u00e7\u00e3o dada pelo soci\u00f3logo&nbsp;Clemente Ganz L\u00facio.<\/p>\n\n\n\n<p>De acordo com ele, o sistema produtivo capitalista atravessa uma transforma\u00e7\u00e3o profunda. \u201cEsse novo mundo do trabalho se caracteriza por uma alta flexibiliza\u00e7\u00e3o de jornadas, formas de contrata\u00e7\u00e3o e&nbsp;remunera\u00e7\u00e3o. Isso aumenta a precariza\u00e7\u00e3o das condi\u00e7\u00f5es de trabalho, mesmo no trabalho formal, e faz crescer muito o conjunto de trabalhadores que vivem em ocupa\u00e7\u00f5es prec\u00e1rias e informais.\u201d<\/p>\n\n\n\n<p>A l\u00f3gica atual \u00e9 &#8220;mais lucro e mais r\u00e1pido&#8221;. Esse \u00e9 o lema da reorganiza\u00e7\u00e3o do&nbsp;sistema produtivo, cada vez mais concentrado e desigual. L\u00facio explica que, desde a crise econ\u00f4mica internacional de 2008, cerca de 130 pa\u00edses realizaram&nbsp;<a href=\"https:\/\/www.brasildefato.com.br\/2018\/09\/19\/ministerio-do-trabalho-confirma-a-reforma-trabalhista-e-um-desastre\" target=\"_blank\" rel=\"noreferrer noopener\">reformas trabalhistas semelhantes \u00e0 brasileira<\/a>. \u201cIsso facilitou que as empresas fa\u00e7am as mudan\u00e7as necess\u00e1rias para concorrer, colocar tecnologia, demitir, ajustar contrato, jornada, remunera\u00e7\u00e3o, sem que haja resist\u00eancia de&nbsp;sindicatos ou do Estado.\u201d<\/p>\n\n\n\n<p>A terceira dimens\u00e3o ocorre na esfera individual.&nbsp;\u00c9 a ideia de que o m\u00e9rito de cada um determinar\u00e1&nbsp;aquilo que poder\u00e1 ser ou comprar. \u201cEnt\u00e3o os trabalhadores dizem &#8216;deixa que eu me viro, n\u00e3o quero sindicato&#8217;. O enraizamento dessa l\u00f3gica confere ao sindicato uma fragilidade enorme que precisa ser reconstitu\u00edda. E possivelmente a resposta n\u00e3o vir\u00e1 com o mesmo sindicato, a mesma organiza\u00e7\u00e3o sindical. N\u00e3o ser\u00e1 necessariamente a mesma pauta\u201d, argumenta&nbsp;L\u00facio.&nbsp;<\/p>\n\n\n\n<p><a href=\"https:\/\/www.brasildefato.com.br\/2019\/03\/06\/bolsonaro-ataca-sindicatos-e-tenta-impedir-organizacao-popular-contra-suas-politicas\"><strong>::Bolsonaro ataca sindicatos e tenta impedir organiza\u00e7\u00e3o popular contra suas pol\u00edticas::<\/strong><\/a><\/p>\n\n\n\n<p>O soci\u00f3logo alerta, por fim, para a necessidade de reconhecer que o mundo formal do trabalho n\u00e3o encontra&nbsp;mais lastro na realidade de grande parte dos trabalhadores. \u201c<a href=\"https:\/\/www.brasildefato.com.br\/2019\/09\/18\/souto-maior-brasil-se-tornou-laboratorio-da-retracao-dos-direitos-trabalhistas\/?utm_source=bdf\" target=\"_blank\" rel=\"noreferrer noopener\">Como organizar os trabalhadores do Uber?<\/a>&nbsp;Eles n\u00e3o t\u00eam um lugar fixo, eles t\u00eam um autom\u00f3vel que circula na cidade. Talvez organizar um sindicato via celular? Um novo sindicato, diferente daquele que entregava o boletim na porta de f\u00e1brica.\u201d<\/p>\n\n\n\n<p>Dados mais recentes da Pesquisa Nacional por Amostra de Domic\u00edlios Cont\u00ednua, do Instituto Brasileiro de Geografia e Estat\u00edstica, mostram que o Brasil tinha 38,4 milh\u00f5es de&nbsp;<a href=\"https:\/\/www.brasildefato.com.br\/2019\/05\/03\/de-ambulante-a-motorista-de-aplicativo-brasil-tem-39-milhoes-no-trabalho-informal\" target=\"_blank\" rel=\"noreferrer noopener\">pessoas de trabalhadores na informalidade<\/a>, em 2019, o que corresponde a 41,1% da popula\u00e7\u00e3o ocupada no Pa\u00eds. Em 2020, o primeiro trimestre do ano fechou com 12,85 milh\u00f5es de desempregados, 12,2% da popula\u00e7\u00e3o.<\/p>\n\n\n\n<p><a href=\"https:\/\/www.brasildefato.com.br\/2019\/05\/03\/de-ambulante-a-motorista-de-aplicativo-brasil-tem-39-milhoes-no-trabalho-informal\"><strong>::De ambulante a motorista de aplicativo: o trabalho informal no Brasil::<\/strong><\/a><\/p>\n\n\n\n<p>Conjuntura brasileira: &#8220;O caminho da servid\u00e3o&#8221;<\/p>\n\n\n\n<p>Para impor as reformas desejadas e garantir lucros sempre crescentes, esta fase do capitalismo alia-se a governos de caracter\u00edsticas autocr\u00e1ticas. Diferente da democracia, que significa poder do povo, na autocracia, como o nome sugere, o poder serve a si mesmo, ao grupo que est\u00e1 no comando.<\/p>\n\n\n\n<p>Segundo o soci\u00f3logo Ricardo Antunes, essa l\u00f3gica est\u00e1 sufocando a luta organizada dos trabalhadores no Brasil. \u201cO governo ultraconservador de Temer e, principalmente o de Bolsonaro,&nbsp;pelos tra\u00e7os de um governo autocr\u00e1tico,&nbsp;<a href=\"https:\/\/www.brasildefato.com.br\/2019\/03\/06\/bolsonaro-ataca-sindicatos-e-tenta-impedir-organizacao-popular-contra-suas-politicas\" target=\"_blank\" rel=\"noreferrer noopener\">come\u00e7aram os caminhos para aniquilar os sindicatos<\/a>\u201d, explica&nbsp;Antunes, que \u00e9 docente no Instituto de Filosofia e Ci\u00eancias Humanas da Universidade Estadual de Campinas (Unicamp).<\/p>\n\n\n\n<p>Ele cita Friedrich Hayek, uma refer\u00eancia do neoliberalismo, que no livro \u201cO caminho da servid\u00e3o\u201d, caracteriza sindicatos como&nbsp;um entrave para o capitalismo desse tipo. N\u00e3o \u00e0&nbsp;toa essas organiza\u00e7\u00f5es&nbsp;tornaram-se alvo dos dois \u00faltimos&nbsp;presidentes brasileiros. \u201cUm governo que se depender dele quer aniquilar os sindicatos, at\u00e9 mesmo a Justi\u00e7a do Trabalho, que \u00e9 um \u00f3rg\u00e3o do Estado, do Poder Judici\u00e1rio. Isso coloca aos sindicatos um desafio profundo.\u201d<\/p>\n\n\n\n<p><a href=\"https:\/\/www.brasildefato.com.br\/2020\/04\/30\/artigo-o-desamparo-do-trabalhador-de-aplicativos-e-a-crise-do-direito-de-trabalho\"><strong>::Artigo | O desamparo do trabalhador de aplicativos e a crise do Direito de Trabalho::<\/strong><\/a><\/p>\n\n\n\n<p>Juvandia Moreira \u00e9&nbsp;presidenta da Confedera\u00e7\u00e3o Nacional dos Trabalhadores do Ramo Financeiro (Contraf) e sofreu junto de seus companheiros de categoria, as&nbsp;<a href=\"https:\/\/www.brasildefato.com.br\/2019\/10\/02\/artigo-or-nao-ha-militancia-de-esquerda-sem-fraternidade-por-valerio-arcary\">derrotas dos \u00faltimos anos<\/a>. Ela lembra que, para al\u00e9m dos carros-chefe, as reformas trabalhista e previdenci\u00e1ria, outras medidas tamb\u00e9m atacaram diretamente a estrutura sindical. A Medida Provis\u00f3ria (MP) 813, por exemplo, extinguiu a contribui\u00e7\u00e3o sindical obrigat\u00f3ria, eliminando a principal fonte de recursos da maioria dos sindicatos brasileiros.<\/p>\n\n\n\n<p>\u201cAtacaram quem \u00e9 que faz a resist\u00eancia, garante direito, faz greve, que \u00e9 o movimento sindical. Ent\u00e3o para enfraquecer o movimento sindical eles permitiram a terceiriza\u00e7\u00e3o, flexibiliza\u00e7\u00e3o de direitos e a n\u00e3o garantia da sustenta\u00e7\u00e3o financeira da organiza\u00e7\u00e3o dos trabalhadores\u201d, relata Moreira.<\/p>\n\n\n\n<p>Entre as investidas&nbsp;com intuito de individualizar e deixar trabalhadores mais suscet\u00edveis \u00e0s vontades dos patr\u00f5es, a presidenta da Contraf tamb\u00e9m cita a MP 905, que instituiu a Carteira de Trabalho Verde e Amarela, e as medidas 927 e 935, que excluem a participa\u00e7\u00e3o de sindicatos em negocia\u00e7\u00f5es com determinadas categorias.<\/p>\n\n\n\n<p><strong><a href=\"https:\/\/www.brasildefato.com.br\/2020\/03\/27\/por-lucro-durante-pandemia-milionarios-brasileiros-desprezam-mortos-ciencia-e-dados\">::Por lucro durante pandemia, milion\u00e1rios brasileiros desprezam mortos, ci\u00eancia e dados::<\/a><\/strong><\/p>\n\n\n\n<p>O que a pandemia escancara<\/p>\n\n\n\n<p>Desde a chegada do coronav\u00edrus ao Brasil, sindicatos t\u00eam se organizado para tentar&nbsp;<a href=\"https:\/\/www.brasildefato.com.br\/2020\/03\/31\/movimentos-sociais-lancam-plano-de-60-propostas-contra-a-covid-19-e-a-crise-economica\">garantir direitos a trabalhadores<\/a>,&nbsp;seja o recebimento de sal\u00e1rios durante a quarenta ou mesmo a oferta de&nbsp;<a href=\"https:\/\/www.brasildefato.com.br\/2020\/04\/10\/trabalhadores-da-gol-foram-proibidos-de-usar-mascaras-e-luvas-durante-a-pandemia\">condi\u00e7\u00f5es adequadas de trabalho<\/a>, para os&nbsp;<a href=\"https:\/\/www.brasildefato.com.br\/2020\/04\/03\/a-jornada-dos-trabalhadores-dos-servicos-essenciais-que-nao-param-na-quarentena\">servi\u00e7os considerados essenciais<\/a>.<\/p>\n\n\n\n<p>Nos notici\u00e1rios, den\u00fancias de&nbsp;<a href=\"https:\/\/www.brasildefato.com.br\/2020\/04\/28\/na-pb-empresarios-protestam-contra-quarentena-e-obrigam-trabalhadores-a-se-ajoelhar\">ass\u00e9dio de patr\u00f5es<\/a>, de trabalhadores&nbsp;<a href=\"https:\/\/www.brasildefato.com.br\/2020\/03\/28\/trabalhadores-de-frigorifico-em-sc-relatam-medo-e-desespero-por-conta-do-coronavirus\">expostos ao risco<\/a>&nbsp;de contamina\u00e7\u00e3o e de&nbsp;<a href=\"https:\/\/www.brasildefato.com.br\/2020\/04\/02\/no-dia-em-que-o-madero-demitiu-600-trabalhadores-mst-doou-12-toneladas-de-arroz\">demiss\u00f5es massivas<\/a>. Dentro da l\u00f3gica que rege o mundo do trabalho brasileiro, nada deveria poder parar o lucro, muito menos dar preju\u00edzo&nbsp;aos capitalistas.<\/p>\n\n\n\n<p><a href=\"https:\/\/www.brasildefato.com.br\/2020\/04\/29\/coronavirus-trabalhadores-da-saude-lutam-contra-medo-riscos-e-falta-de-estrutura\"><strong>::Coronav\u00edrus: trabalhadores da sa\u00fade lutam contra medo, riscos e falta de estrutura::<\/strong><\/a><\/p>\n\n\n\n<p>Direto do olho do furac\u00e3o da covid-19, Cleonice Ribeiro, presidenta&nbsp;do Sindicato dos Trabalhadores P\u00fablicos da Sa\u00fade no Estado de S\u00e3o Paulo (SindSa\u00fade-SP), considera&nbsp;que este momento de pandemia torna ainda mais expl\u00edcita a precariza\u00e7\u00e3o do trabalho em curso nos \u00faltimos anos.<\/p>\n\n\n\n<p>\u201cO medo \u00e9 muito grande, mas a gente continua reivindicando, no movimento sindical, um amparo melhor para esses trabalhadores&nbsp;quanto \u00e0 quest\u00e3o das condi\u00e7\u00f5es de trabalho, mas tamb\u00e9m da valoriza\u00e7\u00e3o salarial, porque os sal\u00e1rios s\u00e3o muito baixos.\u201d<\/p>\n\n\n\n<p>Com a pandemia, cerca de 1,6 bilh\u00f5es de trabalhadores do mercado informal est\u00e3o sob o risco de perder o emprego, de acordo com dados da Organiza\u00e7\u00e3o Internacional do Trabalho (OIT), divulgados nesta quarta-feira (29). Horas antes, os Estados Unidos anunciaram uma retra\u00e7\u00e3o de 4,8% na produ\u00e7\u00e3o econ\u00f4mica no primeiro trimestre de 2020. O resultado \u00e9 o pior desde a crise de 2008.&nbsp;<\/p>\n\n\n\n<p>O soci\u00f3logo Ricardo Antunes&nbsp;acredita que o resultado ser\u00e1 exatamente esse previsto pela OIT. &#8220;Como a recess\u00e3o vai ser brutal no mundo neste ano,&nbsp;<a href=\"https:\/\/www.brasildefato.com.br\/2020\/04\/03\/marcia-tiburi-projeta-ofensiva-neoliberal-apos-pandemia-vai-se-intensificar\" target=\"_blank\" rel=\"noreferrer noopener\">em cima de quem as classes burguesas jogar\u00e3o essa recess\u00e3o?<\/a>&nbsp;Nos&nbsp;<a href=\"https:\/\/www.brasildefato.com.br\/2020\/04\/28\/de-onde-tirar-o-dinheiro-para-pagar-a-conta-da-crise\">ombros da classe trabalhadora<\/a>. Ent\u00e3o o desafio de todo sindicato de classe hoje \u00e9 reinventar um novo modo de vida. Que trabalho n\u00f3s queremos?\u201d.<\/p>\n\n\n\n<p>Edi\u00e7\u00e3o: Rodrigo Chagas<\/p>\n","protected":false},"excerpt":{"rendered":"<p>Transforma\u00e7\u00f5es no mundo do trabalho imp\u00f5em desafio de manter trabalhadores organizados e defender direitos hist\u00f3ricos<\/p>\n","protected":false},"author":1,"featured_media":0,"comment_status":"closed","ping_status":"open","sticky":false,"template":"","format":"standard","meta":{"_exactmetrics_skip_tracking":false,"_exactmetrics_sitenote_active":false,"_exactmetrics_sitenote_note":"","_exactmetrics_sitenote_category":0,"jetpack_post_was_ever_published":false,"_jetpack_newsletter_access":"","_jetpack_dont_email_post_to_subs":false,"_jetpack_newsletter_tier_id":0,"_jetpack_memberships_contains_paywalled_content":false,"_jetpack_memberships_contains_paid_content":false,"footnotes":"","jetpack_publicize_message":"","jetpack_publicize_feature_enabled":true,"jetpack_social_post_already_shared":true,"jetpack_social_options":{"image_generator_settings":{"template":"highway","enabled":false},"version":2}},"categories":[1],"tags":[],"class_list":["post-27885","post","type-post","status-publish","format-standard","hentry","category-notas"],"jetpack_publicize_connections":[],"jetpack_sharing_enabled":true,"jetpack_featured_media_url":"","jetpack_shortlink":"https:\/\/wp.me\/p7wKYW-7fL","jetpack-related-posts":[],"_links":{"self":[{"href":"http:\/\/blogdalucianaoliveira.com.br\/blog\/wp-json\/wp\/v2\/posts\/27885","targetHints":{"allow":["GET"]}}],"collection":[{"href":"http:\/\/blogdalucianaoliveira.com.br\/blog\/wp-json\/wp\/v2\/posts"}],"about":[{"href":"http:\/\/blogdalucianaoliveira.com.br\/blog\/wp-json\/wp\/v2\/types\/post"}],"author":[{"embeddable":true,"href":"http:\/\/blogdalucianaoliveira.com.br\/blog\/wp-json\/wp\/v2\/users\/1"}],"replies":[{"embeddable":true,"href":"http:\/\/blogdalucianaoliveira.com.br\/blog\/wp-json\/wp\/v2\/comments?post=27885"}],"version-history":[{"count":1,"href":"http:\/\/blogdalucianaoliveira.com.br\/blog\/wp-json\/wp\/v2\/posts\/27885\/revisions"}],"predecessor-version":[{"id":27887,"href":"http:\/\/blogdalucianaoliveira.com.br\/blog\/wp-json\/wp\/v2\/posts\/27885\/revisions\/27887"}],"wp:attachment":[{"href":"http:\/\/blogdalucianaoliveira.com.br\/blog\/wp-json\/wp\/v2\/media?parent=27885"}],"wp:term":[{"taxonomy":"category","embeddable":true,"href":"http:\/\/blogdalucianaoliveira.com.br\/blog\/wp-json\/wp\/v2\/categories?post=27885"},{"taxonomy":"post_tag","embeddable":true,"href":"http:\/\/blogdalucianaoliveira.com.br\/blog\/wp-json\/wp\/v2\/tags?post=27885"}],"curies":[{"name":"wp","href":"https:\/\/api.w.org\/{rel}","templated":true}]}}