{"id":27888,"date":"2020-05-02T07:56:11","date_gmt":"2020-05-02T11:56:11","guid":{"rendered":"http:\/\/blogdalucianaoliveira.com.br\/blog\/?p=27888"},"modified":"2020-05-02T07:56:19","modified_gmt":"2020-05-02T11:56:19","slug":"moro-comeca-a-delatar-bolsonaro-neste-sabado","status":"publish","type":"post","link":"http:\/\/blogdalucianaoliveira.com.br\/blog\/2020\/05\/02\/moro-comeca-a-delatar-bolsonaro-neste-sabado\/","title":{"rendered":"Moro come\u00e7a a delatar Bolsonaro neste s\u00e1bado"},"content":{"rendered":"\n<figure class=\"wp-block-image size-large\"><img data-recalc-dims=\"1\" loading=\"lazy\" decoding=\"async\" width=\"600\" height=\"374\" data-attachment-id=\"27889\" data-permalink=\"http:\/\/blogdalucianaoliveira.com.br\/blog\/2020\/05\/02\/moro-comeca-a-delatar-bolsonaro-neste-sabado\/image-3-11\/\" data-orig-file=\"https:\/\/i0.wp.com\/blogdalucianaoliveira.com.br\/blog\/wp-content\/uploads\/2020\/05\/image-3.jpeg?fit=610%2C380\" data-orig-size=\"610,380\" data-comments-opened=\"0\" data-image-meta=\"{&quot;aperture&quot;:&quot;0&quot;,&quot;credit&quot;:&quot;&quot;,&quot;camera&quot;:&quot;&quot;,&quot;caption&quot;:&quot;&quot;,&quot;created_timestamp&quot;:&quot;0&quot;,&quot;copyright&quot;:&quot;&quot;,&quot;focal_length&quot;:&quot;0&quot;,&quot;iso&quot;:&quot;0&quot;,&quot;shutter_speed&quot;:&quot;0&quot;,&quot;title&quot;:&quot;&quot;,&quot;orientation&quot;:&quot;0&quot;}\" data-image-title=\"image-3\" data-image-description=\"\" data-image-caption=\"\" data-medium-file=\"https:\/\/i0.wp.com\/blogdalucianaoliveira.com.br\/blog\/wp-content\/uploads\/2020\/05\/image-3.jpeg?fit=300%2C187\" data-large-file=\"https:\/\/i0.wp.com\/blogdalucianaoliveira.com.br\/blog\/wp-content\/uploads\/2020\/05\/image-3.jpeg?fit=600%2C374\" src=\"https:\/\/i0.wp.com\/blogdalucianaoliveira.com.br\/blog\/wp-content\/uploads\/2020\/05\/image-3.jpeg?resize=600%2C374\" alt=\"\" class=\"wp-image-27889\" srcset=\"https:\/\/i0.wp.com\/blogdalucianaoliveira.com.br\/blog\/wp-content\/uploads\/2020\/05\/image-3.jpeg?w=610 610w, https:\/\/i0.wp.com\/blogdalucianaoliveira.com.br\/blog\/wp-content\/uploads\/2020\/05\/image-3.jpeg?resize=300%2C187 300w, https:\/\/i0.wp.com\/blogdalucianaoliveira.com.br\/blog\/wp-content\/uploads\/2020\/05\/image-3.jpeg?resize=482%2C300 482w\" sizes=\"auto, (max-width: 600px) 100vw, 600px\" \/><\/figure>\n\n\n\n<p><strong>Por Alex Solnik, para o\u00a0<\/strong><a href=\"https:\/\/catarse.me\/jornalistaspelademocracia\"><strong>Jornalistas pela Democracia<\/strong><\/a>\u00a0 &#8211; H\u00e1 quatro dias, a 27 de abril, o ministro Celso de Mello, do STF, ao autorizar, a pedido da PGR, o in\u00edcio das investiga\u00e7\u00f5es acerca das acusa\u00e7\u00f5es do ministro da Justi\u00e7a Sergio Moro ao presidente da Rep\u00fablica estipulou o prazo de 60 dias para o in\u00edci0 dos trabalhos, com o interrogat\u00f3rio de Moro; ontem, 30 de abril, a pedido de um grupo de deputados encurtou o prazo para cinco dias; hoje no final da tarde Moro anunciou que vai depor amanh\u00e3 mesmo, em pleno s\u00e1bado.<\/p>\n\n\n\n<!--more-->\n\n\n\n<p>Essa pressa, incomum em se tratando de STF, parece ter dois motivos.<\/p>\n\n\n\n<p>Celso de Mello quer correr para concluir o processo ir a voto antes de se aposentar, em novembro pr\u00f3ximo, quando ent\u00e3o ser\u00e1 substitu\u00eddo por algu\u00e9m \u201cterrivelmente bolsonarista\u201d que jamais votar\u00e1 contra Bolsonaro.<\/p>\n\n\n\n<p>Moro preferiu depor antes que assumisse o novo chefe da PF para n\u00e3o correr o risco de os integrantes da investiga\u00e7\u00e3o serem nomeados pelo indicado de Bolsonaro que, mesmo se n\u00e3o for Alexandre Ramagem, o sonho do ainda presidente, dever\u00e1 ser outro delegado com perfil bolsonarista.<\/p>\n\n\n\n<p>A pressa tamb\u00e9m indica que Moro j\u00e1 deve estar separando provas de tentativas de interfer\u00eancia de Bolsonaro na PF h\u00e1 algum tempo, o dossi\u00ea est\u00e1 organizado e n\u00e3o devem ser poucas, dando o h\u00e1bito do \u201cchefe supremo\u201d de se comunicar por whatsapp e escrever o que lhe vem na telha, o mais das vezes com o f\u00edgado.<\/p>\n\n\n\n<p>Se n\u00e3o tivesse um arsenal de provas robusto, Moro n\u00e3o partiria para essa guerra surda e inesperada.<\/p>\n\n\n\n<p>Ele passa, dessa maneira, de maior usu\u00e1rio do instituto da dela\u00e7\u00e3o premiada, sem o qual n\u00e3o existiria a Lava Jato a delator &#8211; que pode ser tanto premiado quanto punido, a depender do rumo das investiga\u00e7\u00f5es.<\/p>\n\n\n\n<p>Uma guerra judicial entre Moro e Lula ou entre Bolsonaro e Lula poderia ocorrer, seria previs\u00edvel, mas quem apostaria suas fichas, no ano passado, na previs\u00e3o de que o grande duelo de 2020 seria entre Moro e Bolsonaro?<\/p>\n\n\n\n<p>Nem Nostradamus se atreveria a fazer uma previs\u00e3o t\u00e3o inveross\u00edmil.<\/p>\n\n\n\n<p>A pressa de Moro dever\u00e1 acelerar a nomea\u00e7\u00e3o do substituto de Maur\u00edcio Valeixo porque Bolsonaro n\u00e3o vai querer que a investiga\u00e7\u00e3o corra solta por muito tempo.<\/p>\n","protected":false},"excerpt":{"rendered":"<p>Por Alex Solnik, para o\u00a0Jornalistas pela Democracia\u00a0 &#8211; H\u00e1 quatro dias, a 27 de abril, o ministro Celso de Mello, do STF, ao autorizar, a pedido da PGR, o in\u00edcio das investiga\u00e7\u00f5es acerca das acusa\u00e7\u00f5es do ministro da Justi\u00e7a Sergio Moro ao presidente da Rep\u00fablica estipulou o prazo de 60 dias para o in\u00edci0 dos&#8230;<a class=\"more-link\" href=\"http:\/\/blogdalucianaoliveira.com.br\/blog\/2020\/05\/02\/moro-comeca-a-delatar-bolsonaro-neste-sabado\/\">Continue a leitura <span class=\"meta-nav\">&raquo;<\/span><\/a><\/p>\n","protected":false},"author":1,"featured_media":0,"comment_status":"closed","ping_status":"open","sticky":false,"template":"","format":"standard","meta":{"_exactmetrics_skip_tracking":false,"_exactmetrics_sitenote_active":false,"_exactmetrics_sitenote_note":"","_exactmetrics_sitenote_category":0,"jetpack_post_was_ever_published":false,"_jetpack_newsletter_access":"","_jetpack_dont_email_post_to_subs":false,"_jetpack_newsletter_tier_id":0,"_jetpack_memberships_contains_paywalled_content":false,"_jetpack_memberships_contains_paid_content":false,"footnotes":"","jetpack_publicize_message":"","jetpack_publicize_feature_enabled":true,"jetpack_social_post_already_shared":true,"jetpack_social_options":{"image_generator_settings":{"template":"highway","enabled":false},"version":2}},"categories":[1],"tags":[],"class_list":["post-27888","post","type-post","status-publish","format-standard","hentry","category-notas"],"jetpack_publicize_connections":[],"jetpack_sharing_enabled":true,"jetpack_featured_media_url":"","jetpack_shortlink":"https:\/\/wp.me\/p7wKYW-7fO","jetpack-related-posts":[],"_links":{"self":[{"href":"http:\/\/blogdalucianaoliveira.com.br\/blog\/wp-json\/wp\/v2\/posts\/27888","targetHints":{"allow":["GET"]}}],"collection":[{"href":"http:\/\/blogdalucianaoliveira.com.br\/blog\/wp-json\/wp\/v2\/posts"}],"about":[{"href":"http:\/\/blogdalucianaoliveira.com.br\/blog\/wp-json\/wp\/v2\/types\/post"}],"author":[{"embeddable":true,"href":"http:\/\/blogdalucianaoliveira.com.br\/blog\/wp-json\/wp\/v2\/users\/1"}],"replies":[{"embeddable":true,"href":"http:\/\/blogdalucianaoliveira.com.br\/blog\/wp-json\/wp\/v2\/comments?post=27888"}],"version-history":[{"count":1,"href":"http:\/\/blogdalucianaoliveira.com.br\/blog\/wp-json\/wp\/v2\/posts\/27888\/revisions"}],"predecessor-version":[{"id":27890,"href":"http:\/\/blogdalucianaoliveira.com.br\/blog\/wp-json\/wp\/v2\/posts\/27888\/revisions\/27890"}],"wp:attachment":[{"href":"http:\/\/blogdalucianaoliveira.com.br\/blog\/wp-json\/wp\/v2\/media?parent=27888"}],"wp:term":[{"taxonomy":"category","embeddable":true,"href":"http:\/\/blogdalucianaoliveira.com.br\/blog\/wp-json\/wp\/v2\/categories?post=27888"},{"taxonomy":"post_tag","embeddable":true,"href":"http:\/\/blogdalucianaoliveira.com.br\/blog\/wp-json\/wp\/v2\/tags?post=27888"}],"curies":[{"name":"wp","href":"https:\/\/api.w.org\/{rel}","templated":true}]}}