{"id":27896,"date":"2020-05-02T20:25:42","date_gmt":"2020-05-03T00:25:42","guid":{"rendered":"http:\/\/blogdalucianaoliveira.com.br\/blog\/?p=27896"},"modified":"2020-05-02T20:25:42","modified_gmt":"2020-05-03T00:25:42","slug":"sebastiao-salgado-mobiliza-personalidades-como-mccartney-em-defesa-de-indios-contra-coronavirus","status":"publish","type":"post","link":"http:\/\/blogdalucianaoliveira.com.br\/blog\/2020\/05\/02\/sebastiao-salgado-mobiliza-personalidades-como-mccartney-em-defesa-de-indios-contra-coronavirus\/","title":{"rendered":"Sebasti\u00e3o Salgado mobiliza personalidades como McCartney em defesa de \u00edndios contra coronav\u00edrus"},"content":{"rendered":"\n<figure class=\"wp-block-image size-large\"><img data-recalc-dims=\"1\" loading=\"lazy\" decoding=\"async\" width=\"600\" height=\"388\" data-attachment-id=\"27897\" data-permalink=\"http:\/\/blogdalucianaoliveira.com.br\/blog\/2020\/05\/02\/sebastiao-salgado-mobiliza-personalidades-como-mccartney-em-defesa-de-indios-contra-coronavirus\/image-5-10\/\" data-orig-file=\"https:\/\/i0.wp.com\/blogdalucianaoliveira.com.br\/blog\/wp-content\/uploads\/2020\/05\/image-5.jpeg?fit=689%2C445\" data-orig-size=\"689,445\" data-comments-opened=\"0\" data-image-meta=\"{&quot;aperture&quot;:&quot;0&quot;,&quot;credit&quot;:&quot;&quot;,&quot;camera&quot;:&quot;&quot;,&quot;caption&quot;:&quot;&quot;,&quot;created_timestamp&quot;:&quot;0&quot;,&quot;copyright&quot;:&quot;&quot;,&quot;focal_length&quot;:&quot;0&quot;,&quot;iso&quot;:&quot;0&quot;,&quot;shutter_speed&quot;:&quot;0&quot;,&quot;title&quot;:&quot;&quot;,&quot;orientation&quot;:&quot;0&quot;}\" data-image-title=\"image-5\" data-image-description=\"\" data-image-caption=\"\" data-medium-file=\"https:\/\/i0.wp.com\/blogdalucianaoliveira.com.br\/blog\/wp-content\/uploads\/2020\/05\/image-5.jpeg?fit=300%2C194\" data-large-file=\"https:\/\/i0.wp.com\/blogdalucianaoliveira.com.br\/blog\/wp-content\/uploads\/2020\/05\/image-5.jpeg?fit=600%2C388\" src=\"https:\/\/i0.wp.com\/blogdalucianaoliveira.com.br\/blog\/wp-content\/uploads\/2020\/05\/image-5.jpeg?resize=600%2C388\" alt=\"\" class=\"wp-image-27897\" srcset=\"https:\/\/i0.wp.com\/blogdalucianaoliveira.com.br\/blog\/wp-content\/uploads\/2020\/05\/image-5.jpeg?w=689 689w, https:\/\/i0.wp.com\/blogdalucianaoliveira.com.br\/blog\/wp-content\/uploads\/2020\/05\/image-5.jpeg?resize=300%2C194 300w, https:\/\/i0.wp.com\/blogdalucianaoliveira.com.br\/blog\/wp-content\/uploads\/2020\/05\/image-5.jpeg?resize=464%2C300 464w\" sizes=\"auto, (max-width: 600px) 100vw, 600px\" \/><\/figure>\n\n\n\n<p>Estamos solicitando uma for\u00e7a-tarefa que entre nesses territ\u00f3rios e proteja essa popula\u00e7\u00e3o&#8217;, diz o fot\u00f3grafo.<\/p>\n\n\n\n<!--more-->\n\n\n\n<p><strong><a href=\"https:\/\/www1.folha.uol.com.br\/autores\/fabiano-maisonnave.shtml\">Fabiano Maisonnave<\/a><\/strong>, na FSP<\/p>\n\n\n\n<p>Preocupado com a amea\u00e7a de genoc\u00eddio dos povos ind\u00edgenas diante da Covid-19,<a href=\"https:\/\/arte.folha.uol.com.br\/ilustrada\/2017\/sebastiao-salgado\/marubos\/cercados-por-todos-os-lados\/\">&nbsp;o fot\u00f3grafo Sebasti\u00e3o Salgado&nbsp;<\/a>mobilizou dezenas de personalidades mundiais em torno de um manifesto que exorta o Estado brasileiro a proteger essas popula\u00e7\u00f5es.<\/p>\n\n\n\n<p>\u201cDiante da urg\u00eancia e da seriedade dessa crise, como amigos do Brasil e admiradores de seu esp\u00edrito, cultura, beleza, democracia e biodiversidade, apelamos ao presidente da Rep\u00fablica, sua excel\u00eancia senhor Jair Bolsonaro, e aos l\u00edderes do Congresso e do Judici\u00e1rio a adotarem medidas imediatas para proteger as popula\u00e7\u00f5es ind\u00edgenas do pa\u00eds contra esse v\u00edrus devastador.\u201d<\/p>\n\n\n\n<p>O texto acima foi publicado em forma de an\u00fancio em jornais do Brasil e do exterior, incluindo esta&nbsp;<strong>Folha<\/strong>, Frankfurter Allgemeine (Alemanha), El Pa\u00eds (Espanha) e The Guardian (Reino Unido).<\/p>\n\n\n\n<figure class=\"wp-block-image\"><img data-recalc-dims=\"1\" decoding=\"async\" src=\"https:\/\/i0.wp.com\/f.i.uol.com.br\/fotografia\/2020\/05\/01\/15883658495eac8a191ec6b_1588365849_3x2_md.jpg?w=600&#038;ssl=1\" alt=\"Grupo ashaninka, no extremo oeste do Acre\"\/><figcaption>Grupo ashaninka, no extremo oeste do Acre &#8211;&nbsp;Sebasti\u00e3o Salgado&nbsp;<\/figcaption><\/figure>\n\n\n\n<p>\u201cEsses povos s\u00e3o parte da extraordin\u00e1ria hist\u00f3ria de nossa esp\u00e9cie. Seu desaparecimento seria uma grande trag\u00e9dia para o Brasil e uma imensa perda para a humanidade. N\u00e3o h\u00e1 tempo a perder\u201d, afirma o manifesto.<\/p>\n\n\n\n<p>Subscrevem a iniciativa Madonna, Paul McCartney, Sting, Sylvester Stallone, Pedro Almod\u00f3var, Brad Pitt, Meryl Streep, Ai Weiwei, Tadao Ando, Werner Herzog e o pr\u00edncipe Albert 2\u00ba, de M\u00f4naco, entre outros nomes de renome internacional.<\/p>\n\n\n\n<p>Do Brasil, assinam Gisele B\u00fcndchen, Chico Buarque, Gilberto Gil, Caetano Veloso, Luciano Huck, Fernando Meirelles, Jo\u00e3o Carlos Martins, Carlos Nobre e Beatriz Milhazes, al\u00e9m de Salgado e da designer L\u00e9lia, sua mulher.<\/p>\n\n\n\n<p>\u201cS\u00f3 em Roraima, calculam-se em torno de 20 mil garimpeiros dentro do territ\u00f3rio ianom\u00e2mi. H\u00e1 madeireiros invadindo para todo lado. O contato hoje com o coronav\u00edrus \u00e9 um perigo total. E, como eles n\u00e3o t\u00eam defesa imunol\u00f3gica, h\u00e1 um risco maior de genoc\u00eddio. A minha preocupa\u00e7\u00e3o \u00e9 de defesa desses povos\u201d, disse Salgado \u00e0&nbsp;<strong>Folha<\/strong>, por telefone, de Paris.<\/p>\n\n\n\n<p>Salgado passou boa parte dos \u00faltimos sete anos fotografando povos ind\u00edgenas da Amaz\u00f4nia.&nbsp;<a href=\"https:\/\/arte.folha.uol.com.br\/ilustrada\/2017\/sebastiao-salgado\/marubos\/cercados-por-todos-os-lados\/\">A&nbsp;<strong>Folha<\/strong>&nbsp;acompanha as viagens do fot\u00f3grafo brasileiro, relatadas nas reportagens da s\u00e9rie \u201cSebasti\u00e3o Salgado na Amaz\u00f4nia\u201d<\/a>.<\/p>\n\n\n\n<p>\u201cEstamos solicitando uma interven\u00e7\u00e3o, uma for\u00e7a-tarefa que entre nesses territ\u00f3rios e proteja essa popula\u00e7\u00e3o, como aconteceu nos meses de julho e agosto, nos inc\u00eandios florestais, quando houve uma enorme press\u00e3o internacional\u201d, afirmou o fot\u00f3grafo.<\/p>\n\n\n\n<p>\u201cTenho esperan\u00e7a de que tenha repercuss\u00e3o principalmente do Legislativo e do Judici\u00e1rio, pessoas com uma preocupa\u00e7\u00e3o intelectual maior do que a Presid\u00eancia da Rep\u00fablica.\u201d<\/p>\n\n\n\n<p>Nos \u00faltimos dias, o governo Bolsonaro afastou chefes de fiscaliza\u00e7\u00e3o do Ibama favor\u00e1veis ao combate ao garimpo ilegal em terras ind\u00edgenas e emitiu uma portaria, via Funai, que abre caminho para a grilagem de terras ind\u00edgenas. Ambas decis\u00f5es s\u00e3o criticadas por l\u00edderes ind\u00edgenas e ambientalistas.<\/p>\n\n\n\n<h3 class=\"wp-block-heading\">COVID NA AMAZ\u00d4NIA<\/h3>\n\n\n\n<p><a href=\"https:\/\/www1.folha.uol.com.br\/cotidiano\/2020\/05\/em-meio-a-alta-recorde-do-coronavirus-am-anuncia-reabertura-gradual-do-comercio-em-manaus.shtml\">Com o epicentro em Manaus<\/a>, o novo coronav\u00edrus j\u00e1 se espalhou pelos nove pa\u00edses com territ\u00f3rio na regi\u00e3o Amaz\u00f4nica. Monitoramento da Repam (Rede Eclesial Panamaz\u00f4nica), ligada \u00e0 Igreja Cat\u00f3lica, contabiliza 20.471 casos confirmados da Covid-19, com 1.257 mortos, at\u00e9 o dia 30 de abril.<\/p>\n\n\n\n<p>O levantamento da Secretaria Especial de Sa\u00fade Ind\u00edgena (Sesai), do Minist\u00e9rio da Sa\u00fade, aponta 105 casos confirmados entre os \u00edndios. Houve seis \u00f3bitos, todos registrados na Amaz\u00f4nia.<\/p>\n\n\n\n<p>A Sesai n\u00e3o contabiliza nem atende ind\u00edgenas morando nas cidades. Assim, casos como o do agente epidemiol\u00f3gico Aldevan Baniwa, 46, morto por coronav\u00edrus em Manaus, onde moram cerca de 30 mil ind\u00edgenas, ficam de fora da estat\u00edstica oficial.<\/p>\n\n\n\n<p>&#8220;Temos de criar um movimento planet\u00e1rio de prote\u00e7\u00e3o \u00e0s comunidades ind\u00edgenas. A pr\u00e9-hist\u00f3ria da humanidade est\u00e1 dentro da floresta amaz\u00f4nica, nesses grupos isolados, que somos n\u00f3s h\u00e1 10 mil, 20 mil anos. A humanidade n\u00e3o pode perder, \u00e9 a origem de todos n\u00f3s, sem exce\u00e7\u00e3o\u201d, diz Salgado.<\/p>\n","protected":false},"excerpt":{"rendered":"<p>Estamos solicitando uma for\u00e7a-tarefa que entre nesses territ\u00f3rios e proteja essa popula\u00e7\u00e3o&#8217;, diz o fot\u00f3grafo.<\/p>\n","protected":false},"author":1,"featured_media":0,"comment_status":"closed","ping_status":"open","sticky":false,"template":"","format":"standard","meta":{"_exactmetrics_skip_tracking":false,"_exactmetrics_sitenote_active":false,"_exactmetrics_sitenote_note":"","_exactmetrics_sitenote_category":0,"jetpack_post_was_ever_published":false,"_jetpack_newsletter_access":"","_jetpack_dont_email_post_to_subs":false,"_jetpack_newsletter_tier_id":0,"_jetpack_memberships_contains_paywalled_content":false,"_jetpack_memberships_contains_paid_content":false,"footnotes":"","jetpack_publicize_message":"","jetpack_publicize_feature_enabled":true,"jetpack_social_post_already_shared":true,"jetpack_social_options":{"image_generator_settings":{"template":"highway","enabled":false},"version":2}},"categories":[1],"tags":[],"class_list":["post-27896","post","type-post","status-publish","format-standard","hentry","category-notas"],"jetpack_publicize_connections":[],"jetpack_sharing_enabled":true,"jetpack_featured_media_url":"","jetpack_shortlink":"https:\/\/wp.me\/p7wKYW-7fW","jetpack-related-posts":[],"_links":{"self":[{"href":"http:\/\/blogdalucianaoliveira.com.br\/blog\/wp-json\/wp\/v2\/posts\/27896","targetHints":{"allow":["GET"]}}],"collection":[{"href":"http:\/\/blogdalucianaoliveira.com.br\/blog\/wp-json\/wp\/v2\/posts"}],"about":[{"href":"http:\/\/blogdalucianaoliveira.com.br\/blog\/wp-json\/wp\/v2\/types\/post"}],"author":[{"embeddable":true,"href":"http:\/\/blogdalucianaoliveira.com.br\/blog\/wp-json\/wp\/v2\/users\/1"}],"replies":[{"embeddable":true,"href":"http:\/\/blogdalucianaoliveira.com.br\/blog\/wp-json\/wp\/v2\/comments?post=27896"}],"version-history":[{"count":1,"href":"http:\/\/blogdalucianaoliveira.com.br\/blog\/wp-json\/wp\/v2\/posts\/27896\/revisions"}],"predecessor-version":[{"id":27898,"href":"http:\/\/blogdalucianaoliveira.com.br\/blog\/wp-json\/wp\/v2\/posts\/27896\/revisions\/27898"}],"wp:attachment":[{"href":"http:\/\/blogdalucianaoliveira.com.br\/blog\/wp-json\/wp\/v2\/media?parent=27896"}],"wp:term":[{"taxonomy":"category","embeddable":true,"href":"http:\/\/blogdalucianaoliveira.com.br\/blog\/wp-json\/wp\/v2\/categories?post=27896"},{"taxonomy":"post_tag","embeddable":true,"href":"http:\/\/blogdalucianaoliveira.com.br\/blog\/wp-json\/wp\/v2\/tags?post=27896"}],"curies":[{"name":"wp","href":"https:\/\/api.w.org\/{rel}","templated":true}]}}