{"id":27902,"date":"2020-05-03T09:30:43","date_gmt":"2020-05-03T13:30:43","guid":{"rendered":"http:\/\/blogdalucianaoliveira.com.br\/blog\/?p=27902"},"modified":"2020-05-03T09:30:51","modified_gmt":"2020-05-03T13:30:51","slug":"faco-tudo-ao-contrario-do-que-o-presidente-manda-diz-alceu-valenca-que-faz-live-de-casa","status":"publish","type":"post","link":"http:\/\/blogdalucianaoliveira.com.br\/blog\/2020\/05\/03\/faco-tudo-ao-contrario-do-que-o-presidente-manda-diz-alceu-valenca-que-faz-live-de-casa\/","title":{"rendered":"&#8216;Fa\u00e7o tudo ao contr\u00e1rio do que o presidente manda&#8217;, diz Alceu Valen\u00e7a, que faz live de casa"},"content":{"rendered":"\n<figure class=\"wp-block-image size-large\"><img loading=\"lazy\" decoding=\"async\" width=\"1150\" height=\"766\" data-attachment-id=\"27903\" data-permalink=\"http:\/\/blogdalucianaoliveira.com.br\/blog\/2020\/05\/03\/faco-tudo-ao-contrario-do-que-o-presidente-manda-diz-alceu-valenca-que-faz-live-de-casa\/145d9d53-c6f0-44bf-a93a-017b1bece6bc\/\" data-orig-file=\"https:\/\/i0.wp.com\/blogdalucianaoliveira.com.br\/blog\/wp-content\/uploads\/2020\/05\/145D9D53-C6F0-44BF-A93A-017B1BECE6BC.jpeg?fit=1150%2C766\" data-orig-size=\"1150,766\" data-comments-opened=\"0\" data-image-meta=\"{&quot;aperture&quot;:&quot;0&quot;,&quot;credit&quot;:&quot;&quot;,&quot;camera&quot;:&quot;&quot;,&quot;caption&quot;:&quot;&quot;,&quot;created_timestamp&quot;:&quot;0&quot;,&quot;copyright&quot;:&quot;&quot;,&quot;focal_length&quot;:&quot;0&quot;,&quot;iso&quot;:&quot;0&quot;,&quot;shutter_speed&quot;:&quot;0&quot;,&quot;title&quot;:&quot;&quot;,&quot;orientation&quot;:&quot;1&quot;}\" data-image-title=\"145D9D53-C6F0-44BF-A93A-017B1BECE6BC\" data-image-description=\"\" data-image-caption=\"\" data-medium-file=\"https:\/\/i0.wp.com\/blogdalucianaoliveira.com.br\/blog\/wp-content\/uploads\/2020\/05\/145D9D53-C6F0-44BF-A93A-017B1BECE6BC.jpeg?fit=300%2C200\" data-large-file=\"https:\/\/i0.wp.com\/blogdalucianaoliveira.com.br\/blog\/wp-content\/uploads\/2020\/05\/145D9D53-C6F0-44BF-A93A-017B1BECE6BC.jpeg?fit=600%2C400\" src=\"https:\/\/i1.wp.com\/blogdalucianaoliveira.com.br\/blog\/wp-content\/uploads\/2020\/05\/145D9D53-C6F0-44BF-A93A-017B1BECE6BC.jpeg?fit=600%2C400\" alt=\"\" class=\"wp-image-27903\" srcset=\"https:\/\/i0.wp.com\/blogdalucianaoliveira.com.br\/blog\/wp-content\/uploads\/2020\/05\/145D9D53-C6F0-44BF-A93A-017B1BECE6BC.jpeg?w=1150 1150w, https:\/\/i0.wp.com\/blogdalucianaoliveira.com.br\/blog\/wp-content\/uploads\/2020\/05\/145D9D53-C6F0-44BF-A93A-017B1BECE6BC.jpeg?resize=300%2C200 300w, https:\/\/i0.wp.com\/blogdalucianaoliveira.com.br\/blog\/wp-content\/uploads\/2020\/05\/145D9D53-C6F0-44BF-A93A-017B1BECE6BC.jpeg?resize=1024%2C682 1024w, https:\/\/i0.wp.com\/blogdalucianaoliveira.com.br\/blog\/wp-content\/uploads\/2020\/05\/145D9D53-C6F0-44BF-A93A-017B1BECE6BC.jpeg?resize=768%2C512 768w, https:\/\/i0.wp.com\/blogdalucianaoliveira.com.br\/blog\/wp-content\/uploads\/2020\/05\/145D9D53-C6F0-44BF-A93A-017B1BECE6BC.jpeg?resize=450%2C300 450w\" sizes=\"auto, (max-width: 600px) 100vw, 600px\" \/><\/figure>\n\n\n\n<p>Transmiss\u00e3o est\u00e1 programada para este domingo, 3, no canal do cantor e compositor no YouTube.<\/p>\n\n\n\n<!--more-->\n\n\n\n<p>Estad\u00e3o<\/p>\n\n\n\n<p>Como diz na letra de Cabelo no Pente, Alceu Valen\u00e7a andou pisando pelas ruas do passado. Mas sem sair de casa. O cantor e compositor de 73 anos est\u00e1 resguardado em sua resid\u00eancia no Rio de Janeiro e passa a quarentena tocando viol\u00e3o, lembrando-se de m\u00fasicas que estimulam recorda\u00e7\u00f5es de lugares onde ele esteve. \u201cFico o tempo todo viajando nessas hist\u00f3rias\u201d, conta Alceu.<\/p>\n\n\n\n<p>Neste domingo, 3 de maio, \u00e0s 18h, ele faz uma live por meio de seu canal no YouTube em apoio a uma a\u00e7\u00e3o para distribuir recursos a profissionais da m\u00fasica que n\u00e3o est\u00e3o trabalhando por causa da quarentena. Nesta entrevista, Alceu fala sobre o atual momento e explica por que sua obra atravessa gera\u00e7\u00f5es.<\/p>\n\n\n\n<p>Como tem sido sua quarentena?<\/p>\n\n\n\n<p>Desde o in\u00edcio da quarentena estou dentro de casa. Comecei a tocar viol\u00e3o. Quando morei em Paris, no fim dos anos 1970, n\u00e3o tinha o que fazer e ficava tocando viol\u00e3o. Agora, o dia todinho sem ter o que fazer, fico tocando coisas do meu repert\u00f3rio e algumas coisas de Luiz Gonzaga. Fico me lembrando de S\u00e3o Bento do Una, onde nasci. A\u00ed me lembro de Olinda e come\u00e7o a cantar coisas de Olinda. Depois me lembro de S\u00e3o Paulo, de m\u00fasicas que fiz na cidade (canta trechos de Dia de C\u00e3o e Na Primeira Manh\u00e3). A\u00ed canto m\u00fasica que fiz em Minas Gerais, Solid\u00e3o, e uma m\u00fasica que eu fiz em Nova York, Tesoura do Desejo. Fico o tempo o todo viajando nessas hist\u00f3rias.<\/p>\n\n\n\n<p>O que voc\u00ea est\u00e1 preparando para a live?<\/p>\n\n\n\n<p>Paulo Rafael (guitarrista) participa tocando cinco m\u00fasicas comigo. A live \u00e9 livre e vou fazendo as coisas. Mas o tempo todo eu penso em roteiro, conex\u00f5es que eu vejo. Quando eu estou cantando uma m\u00fasica que fala de cabelo, como Girassol, eu me lembro de Cabelo no Pente. Quando eu canto Pau De Arara, do Luiz Gonzaga, me lembro de S\u00e3o Bento do Una. Se eu me lembrar de l\u00e1, vou cantar martelo agalopado (recita trecho de Agalopado). Tudo na minha cabe\u00e7a \u00e9 o HD da mem\u00f3ria, projetando um futuro melhor em que a humanidade destrua o coronav\u00edrus.<\/p>\n\n\n\n<p>Como \u00e9 sua rela\u00e7\u00e3o com a internet e a tecnologia?<\/p>\n\n\n\n<p>A internet \u00e9 uma maravilha. No confinamento, se n\u00e3o tivesse WhatsApp, as pessoas ficariam loucas dentro de casa. Estou me comunicando com a fam\u00edlia e amigos do mundo todo. Mas tenho alguns cuidados. N\u00e3o fa\u00e7o parte de grupos e isso pra mim \u00e9 muito bom porque gosto de ser livre pensador. Parece-me que a quest\u00e3o do grupo na internet faz com que o pensamento vire, quase sempre, um pensamento de grupo. Tamb\u00e9m vejo filmes, mas prefiro a tela grande.<\/p>\n\n\n\n<p>Esta \u00e9 uma live em apoio ao projeto Juntos Pela M\u00fasica, iniciativa do Spotify e da Uni\u00e3o Brasileira de Compositores (UBC) para distribuir recursos a artistas da m\u00fasica neste momento da pandemia. Qual \u00e9 a situa\u00e7\u00e3o dos cantores e compositores neste momento em que n\u00e3o h\u00e1 shows?<\/p>\n\n\n\n<p>Est\u00e1 dif\u00edcil para a turma da cultura e da m\u00fasica. Eu vejo a situa\u00e7\u00e3o de quem trabalha como roadie e t\u00e9cnico de som. Est\u00e1 dif\u00edcil para essa turma. O povo ainda n\u00e3o consegue entender o que \u00e9 economia criativa. Vi uma reportagem dizendo que o S\u00e3o Jo\u00e3o da Bahia tinha acabado e que movimentava R$ 1 bilh\u00e3o. As pessoas, \u00e0s vezes, ficam estigmatizando esse tipo de evento.<\/p>\n\n\n\n<p>Uma caracter\u00edstica dos seus shows \u00e9 que na plateia h\u00e1 pessoas que te acompanham desde o in\u00edcio da carreira at\u00e9 jovens de 20 anos. O que impulsionou este encontro de gera\u00e7\u00f5es?<\/p>\n\n\n\n<p>Minha m\u00fasica nunca teve uma rela\u00e7\u00e3o com movimentos. Nunca fiz parte deles. Quando eu estudava Direito, eu era jornalista do Jornal do Brasil e da Editora Bloch. N\u00e3o sabia se ia ser artista. Vim para o Rio em uma timidez incr\u00edvel nesse sentido, n\u00e3o sabia se minha m\u00fasica era boa, se n\u00e3o era. Foi Geraldo Azevedo quem gostou da minha m\u00fasica e deu uma for\u00e7a para mim. Minha obra est\u00e1 no tempo tr\u00eas: presente, passado e futuro, tudo ao mesmo tempo. Os Beatles s\u00e3o uma coisa eterna. Mas se eu fosse pelo caminho dos Beatles, eu ia ser um subproduto dos Beatles. Se eu fosse atr\u00e1s de movimentos, eu ia ficar dentro daquele movimento. Ent\u00e3o, em vez de pertencer a movimento, eu me movimento e minha m\u00fasica vai se movimentando. La Belle de Jour, no YouTube, tem 91 milh\u00f5es de acessos. Com a internet, o pai que gostou daquilo passa para o filho e a\u00ed o Esp\u00edrito Santo benze.<\/p>\n\n\n\n<p>J\u00e1 faz quatro anos da retomada de O Grande Encontro, show com Geraldo e Elba Ramalho. Quando voc\u00eas se reencontraram, acharam que o projeto duraria tanto tempo?<\/p>\n\n\n\n<p>Pra gente \u00e9 um prazer estar junto. Geraldinho \u00e9 meu compadre, mas ele n\u00e3o vem \u00e0 minha casa e eu tamb\u00e9m n\u00e3o vou \u00e0 casa dele. Ele \u00e9 um cara estradeiro. Elba tamb\u00e9m s\u00f3 vive na estrada e eu tamb\u00e9m s\u00f3 vivo na estrada. No Grande Encontro \u00e9 que a gente se encontra, um encontro de tr\u00eas pessoas que t\u00eam uma hist\u00f3ria pr\u00f3xima. Geraldinho foi meu parceiro no primeiro disco. As pessoas pedem o show com anteced\u00eancia e nossos empres\u00e1rios se comunicam. O Grande Encontro acontece, mas tamb\u00e9m tem o meu show de S\u00e3o Jo\u00e3o, o de carnaval, o com a Orquestra Ouro Preto, o show ac\u00fastico e o Amigo da Arte, que ainda n\u00e3o foi para S\u00e3o Paulo e Rio, em que o repert\u00f3rio \u00e9 uma alus\u00e3o a um poeta ou escritor que ficou na minha cabe\u00e7a.<\/p>\n\n\n\n<p>Voc\u00ea e Moraes Moreira brincavam com o fato de o p\u00fablico por vezes confundia um com o outro. Imagino que a morte dele deva ter sido um choque pra voc\u00ea.<\/p>\n\n\n\n<p>Foi triste. Ele tinha conversado com um amigo meu de Recife, j\u00e1 no confinamento, e estava alegre. No mesmo dia esse amigo disse pra eu ligar pra Moraes e acabei n\u00e3o ligando. O Rio de Janeiro tinha encontro de poetas, m\u00fasicos como Moraes, meus amigos. N\u00e3o precisava marcar, voc\u00ea ia no bar Diagonal e as pessoas estavam l\u00e1, ou num bar da G\u00e1vea. Ningu\u00e9m mais vai no Diagonal e os encontros ficaram dif\u00edceis. Ele tamb\u00e9m vinha do interior, tinha a rela\u00e7\u00e3o com o cordel. Eu admirava muito os Novos Baianos, porque eles usavam a guitarra el\u00e9trica em uma m\u00fasica genuinamente brasileira.<\/p>\n\n\n\n<p>Voc\u00ea tem acompanhado a cena contempor\u00e2nea de Pernambuco? O que mais te agrada nela?<\/p>\n\n\n\n<p>Tem o Juliano Holanda, Alm\u00e9rio, a Isabela Moraes, uma menina de Caruaru. S\u00e3o pessoas que t\u00eam muito talento. \u00c9 preciso que a gente acolha essas pessoas. Hoje qualquer um pode gravar. Isso \u00e9 bom. Quando vim para o Rio de Janeiro, eu e Geraldo fizemos um teste para a gravadora Philips e n\u00e3o passamos, talvez eles n\u00e3o tenham se interessado pelas m\u00fasicas. Nessa \u00e9poca a rela\u00e7\u00e3o era muito mais f\u00e1cil, a gravadora botava uma m\u00fasica no r\u00e1dio, a pessoa ouvia e comprava o disco. Para quem est\u00e1 come\u00e7ando hoje \u00e9 dif\u00edcil aparecer, porque na internet o card\u00e1pio \u00e9 muito grande.<\/p>\n\n\n\n<p>Qual sua avalia\u00e7\u00e3o do Brasil neste momento?<\/p>\n\n\n\n<p>Estamos passando por essa pandemia e eu fa\u00e7o tudo ao contr\u00e1rio do que o presidente manda. Quando ele fala pra ir para a rua, eu n\u00e3o, eu fico dentro de casa. \u00c9 gripezinha? N\u00e3o, a gripe \u00e9 forte. Tem muita gente morrendo.<\/p>\n\n\n\n<p>O que pretende fazer quando a quarentena chegar ao fim?<\/p>\n\n\n\n<p>Fazer shows, viajar e passar um tempo em S\u00e3o Bento do Una, no meio do mato, ouvindo os passarinhos e sons da natureza.<\/p>\n","protected":false},"excerpt":{"rendered":"<p>Transmiss\u00e3o est\u00e1 programada para este domingo, 3, no canal do cantor e compositor no YouTube.<\/p>\n","protected":false},"author":1,"featured_media":0,"comment_status":"closed","ping_status":"open","sticky":false,"template":"","format":"standard","meta":{"_exactmetrics_skip_tracking":false,"_exactmetrics_sitenote_active":false,"_exactmetrics_sitenote_note":"","_exactmetrics_sitenote_category":0,"jetpack_post_was_ever_published":false,"_jetpack_newsletter_access":"","_jetpack_dont_email_post_to_subs":false,"_jetpack_newsletter_tier_id":0,"_jetpack_memberships_contains_paywalled_content":false,"_jetpack_memberships_contains_paid_content":false,"footnotes":"","jetpack_publicize_message":"","jetpack_publicize_feature_enabled":true,"jetpack_social_post_already_shared":true,"jetpack_social_options":{"image_generator_settings":{"template":"highway","enabled":false},"version":2}},"categories":[1],"tags":[],"class_list":["post-27902","post","type-post","status-publish","format-standard","hentry","category-notas"],"jetpack_publicize_connections":[],"jetpack_sharing_enabled":true,"jetpack_featured_media_url":"","jetpack_shortlink":"https:\/\/wp.me\/p7wKYW-7g2","jetpack-related-posts":[],"_links":{"self":[{"href":"http:\/\/blogdalucianaoliveira.com.br\/blog\/wp-json\/wp\/v2\/posts\/27902","targetHints":{"allow":["GET"]}}],"collection":[{"href":"http:\/\/blogdalucianaoliveira.com.br\/blog\/wp-json\/wp\/v2\/posts"}],"about":[{"href":"http:\/\/blogdalucianaoliveira.com.br\/blog\/wp-json\/wp\/v2\/types\/post"}],"author":[{"embeddable":true,"href":"http:\/\/blogdalucianaoliveira.com.br\/blog\/wp-json\/wp\/v2\/users\/1"}],"replies":[{"embeddable":true,"href":"http:\/\/blogdalucianaoliveira.com.br\/blog\/wp-json\/wp\/v2\/comments?post=27902"}],"version-history":[{"count":1,"href":"http:\/\/blogdalucianaoliveira.com.br\/blog\/wp-json\/wp\/v2\/posts\/27902\/revisions"}],"predecessor-version":[{"id":27904,"href":"http:\/\/blogdalucianaoliveira.com.br\/blog\/wp-json\/wp\/v2\/posts\/27902\/revisions\/27904"}],"wp:attachment":[{"href":"http:\/\/blogdalucianaoliveira.com.br\/blog\/wp-json\/wp\/v2\/media?parent=27902"}],"wp:term":[{"taxonomy":"category","embeddable":true,"href":"http:\/\/blogdalucianaoliveira.com.br\/blog\/wp-json\/wp\/v2\/categories?post=27902"},{"taxonomy":"post_tag","embeddable":true,"href":"http:\/\/blogdalucianaoliveira.com.br\/blog\/wp-json\/wp\/v2\/tags?post=27902"}],"curies":[{"name":"wp","href":"https:\/\/api.w.org\/{rel}","templated":true}]}}