{"id":27905,"date":"2020-05-03T20:13:00","date_gmt":"2020-05-04T00:13:00","guid":{"rendered":"http:\/\/blogdalucianaoliveira.com.br\/blog\/?p=27905"},"modified":"2020-05-03T20:13:04","modified_gmt":"2020-05-04T00:13:04","slug":"jornalistas-sao-agredidos-em-ato-estimulado-por-bolsonaro","status":"publish","type":"post","link":"http:\/\/blogdalucianaoliveira.com.br\/blog\/2020\/05\/03\/jornalistas-sao-agredidos-em-ato-estimulado-por-bolsonaro\/","title":{"rendered":"Jornalistas s\u00e3o agredidos em ato estimulado por Bolsonaro"},"content":{"rendered":"\n<figure class=\"wp-block-image size-large\"><img data-recalc-dims=\"1\" loading=\"lazy\" decoding=\"async\" width=\"600\" height=\"400\" data-attachment-id=\"27906\" data-permalink=\"http:\/\/blogdalucianaoliveira.com.br\/blog\/2020\/05\/03\/jornalistas-sao-agredidos-em-ato-estimulado-por-bolsonaro\/image-7-10\/\" data-orig-file=\"https:\/\/i0.wp.com\/blogdalucianaoliveira.com.br\/blog\/wp-content\/uploads\/2020\/05\/image-7.jpeg?fit=800%2C533\" data-orig-size=\"800,533\" data-comments-opened=\"0\" data-image-meta=\"{&quot;aperture&quot;:&quot;0&quot;,&quot;credit&quot;:&quot;&quot;,&quot;camera&quot;:&quot;&quot;,&quot;caption&quot;:&quot;&quot;,&quot;created_timestamp&quot;:&quot;0&quot;,&quot;copyright&quot;:&quot;&quot;,&quot;focal_length&quot;:&quot;0&quot;,&quot;iso&quot;:&quot;0&quot;,&quot;shutter_speed&quot;:&quot;0&quot;,&quot;title&quot;:&quot;&quot;,&quot;orientation&quot;:&quot;0&quot;}\" data-image-title=\"image-7\" data-image-description=\"\" data-image-caption=\"\" data-medium-file=\"https:\/\/i0.wp.com\/blogdalucianaoliveira.com.br\/blog\/wp-content\/uploads\/2020\/05\/image-7.jpeg?fit=300%2C200\" data-large-file=\"https:\/\/i0.wp.com\/blogdalucianaoliveira.com.br\/blog\/wp-content\/uploads\/2020\/05\/image-7.jpeg?fit=600%2C400\" src=\"https:\/\/i0.wp.com\/blogdalucianaoliveira.com.br\/blog\/wp-content\/uploads\/2020\/05\/image-7.jpeg?resize=600%2C400\" alt=\"\" class=\"wp-image-27906\" srcset=\"https:\/\/i0.wp.com\/blogdalucianaoliveira.com.br\/blog\/wp-content\/uploads\/2020\/05\/image-7.jpeg?w=800 800w, https:\/\/i0.wp.com\/blogdalucianaoliveira.com.br\/blog\/wp-content\/uploads\/2020\/05\/image-7.jpeg?resize=300%2C200 300w, https:\/\/i0.wp.com\/blogdalucianaoliveira.com.br\/blog\/wp-content\/uploads\/2020\/05\/image-7.jpeg?resize=768%2C512 768w, https:\/\/i0.wp.com\/blogdalucianaoliveira.com.br\/blog\/wp-content\/uploads\/2020\/05\/image-7.jpeg?resize=450%2C300 450w\" sizes=\"auto, (max-width: 600px) 100vw, 600px\" \/><\/figure>\n\n\n\n<h4 class=\"wp-block-heading\">Dia Mundial da Liberdade de Imprensa \u00e9 comemorado com socos e pontap\u00e9s em Bras\u00edlia&nbsp;<\/h4>\n\n\n\n<!--more-->\n\n\n\n<p>Brasil de Fato\u00a0<br><\/p>\n\n\n\n<p>&#8220;Tenho certeza de uma coisa, n\u00f3s temos um povo emocionado, n\u00f3s temos as For\u00e7as Armadas ao lado do povo pela lei&#8221;, disse Bolsonaro no protesto em que participou na tarde deste domingo (3).&nbsp;<\/p>\n\n\n\n<p>Mais uma vez, o tom autorit\u00e1rio e agressivo de Jair Bolsonaro ecoou em seus seguidores. Num&nbsp;<a href=\"https:\/\/www.brasildefato.com.br\/2020\/04\/23\/juristas-pedem-abertura-de-processo-criminal-contra-jair-bolsonaro-no-stf\">ato antidemocr\u00e1tico<\/a>,&nbsp;no qual milhares de pessoas protestaram em frente ao Planalto pedindo o fechamento do Congresso e do STF, jornalistas e suas equipes foram agredidos com chutes e socos por apoiadores do presidente da Rep\u00fablica.&nbsp;<\/p>\n\n\n\n<p>A manifesta\u00e7\u00e3o, que contou com a presen\u00e7a de&nbsp;<a href=\"https:\/\/www.brasildefato.com.br\/2020\/05\/03\/bolsonaro-leva-filha-em-novo-ato-golpista-nao-vamos-mais-admitir-interferencia\">Bolsonaro e sua filha de nove anos<\/a>, Laura, ocorreu no Dia Mundial da Liberdade de Imprensa e resultou em pancadaria, quando membros da m\u00eddia foram atacados por manifestantes. O fot\u00f3grafo Dida Sampaio do Estad\u00e3o, e o motorista de sua equipe, Marcos Pereira, foram os primeiros a sofrer&nbsp;viol\u00eancia, que depois se estendeu ao rep\u00f3rter da Folha de S. Paulo Fabio Pupo, que tentou defender o par. O jornalista do Poder 360 Nivaldo Carboni tamb\u00e9m foi agredido fisicamente. Todos foram retirados do local por uma escolta policial e passam bem. &nbsp;<\/p>\n\n\n\n<p>L\u00edderes democr\u00e1ticos rapidamente repudiaram os ataques, assim como o&nbsp;<a href=\"https:\/\/www.brasildefato.com.br\/2020\/04\/30\/gosto-pelo-poder-mantem-militares-passivos-a-bolsonaro-avalia-cientista-politico\">discurso b\u00e9lico e absolutista do presidente<\/a>&nbsp;da Rep\u00fablica.&nbsp;<\/p>\n\n\n\n<p>O l\u00edder da oposi\u00e7\u00e3o na C\u00e2mara dos Deputados, Andr\u00e9 Figueiredo afirmou:&nbsp;<\/p>\n\n\n\n<p>\u201c\u00c9 inadmiss\u00edvel a agress\u00e3o por parte de militantes bolsonaristas \u00e0 equipe do Estad\u00e3o, principalmente no Dia Internacional da Liberdade de Imprensa. \u00c9 a viol\u00eancia e a intoler\u00e2ncia que v\u00e3o ganhando for\u00e7a, cria de um presidente que ataca a democracia e se pauta pelo \u00f3dio e o autoritarismo\u201d.&nbsp;<\/p>\n\n\n\n<p>O presidente da Ordem dos Advogados do Brasil &nbsp;(OAB), Felipe Santa Cruz tamb\u00e9m se pronunciou:&nbsp;<\/p>\n\n\n\n<p>\u201cOs limites que existem s\u00e3o os da Constitui\u00e7\u00e3o, e valem para todos, inclusive e sobretudo para o presidente. A \u00fanica paci\u00eancia que chegou ao fim, legitimamente e com raz\u00e3o, \u00e9 a paci\u00eancia da sociedade com um governante que negligencia suas obriga\u00e7\u00f5es, incita o caos e a desordem, em meio a uma crise sanit\u00e1ria e econ\u00f4mica\u201d.<\/p>\n\n\n\n<p>Em nota \u00e0 imprensa, a ministra Carmen L\u00facia, do Supremo Tribunal Federal, deixou claro seu rep\u00fadio aos acontecimentos:<\/p>\n\n\n\n<p>&#8220;\u00c9 inaceit\u00e1vel, \u00e9 inexplic\u00e1vel que, no Dia Mundial da Liberdade de Imprensa, ainda tenhamos cidad\u00e3os que n\u00e3o entenderam que o papel da imprensa \u00e9 que permite a n\u00f3s sermos livres, e que garante a liberdade de express\u00e3o, sem a aqual n\u00e3o h\u00e1 dignidade. n\u00e3o h\u00e1 dignidade sem liberdade. E n\u00e3o h\u00e1 liberdade sem sermos informados sobre o que acontece. Esse \u00e9 um papel que a imprensa cumpre superiormente, por ser seu dever e por garantir a liberdade de cada um de n\u00f3s\u201d.&nbsp;<\/p>\n\n\n\n<p>Rodrigo Maia, Presidente da C\u00e2mara dos Deputados foi mais um que se posicionou contra as a\u00e7\u00f5es de Bolsonaro e seus apoiadores:&nbsp;<\/p>\n\n\n\n<p>\u201cOntem enfermeiras amea\u00e7adas. Hoje jornalistas agredidos. Amanh\u00e3 qualquer um que se op\u00f5e \u00e0 vis\u00e3o de mundo deles. Cabe \u00e0s institui\u00e7\u00f5es democr\u00e1ticas impor a ordem legal a esse grupo que confunde fazer pol\u00edtica com tocar o terror. Minha solidariedade aos jornalistas e profissionais de sa\u00fade agredidos. Que a Justi\u00e7a seja c\u00e9lere para punir esses criminosos. No Brasil, infelizmente, lutamos contra o coronav\u00edrus e o v\u00edrus do extremismo, cujo pior efeito \u00e9 ignorar a ci\u00eancia e negar a realidade. O caminho ser\u00e1 mais duro, mas a democracia e os brasileiros que querem paz vencer\u00e3o\u201d.<\/p>\n\n\n\n<p>O presidente&nbsp;ainda n\u00e3o se manifestou sobre as agress\u00f5es cometidas por seus seguidores.<\/p>\n\n\n\n<p>Edi\u00e7\u00e3o: \u00cdtalo Piva<\/p>\n","protected":false},"excerpt":{"rendered":"<p>Dia Mundial da Liberdade de Imprensa \u00e9 comemorado com socos e pontap\u00e9s em Bras\u00edlia&nbsp;<\/p>\n","protected":false},"author":1,"featured_media":0,"comment_status":"closed","ping_status":"open","sticky":false,"template":"","format":"standard","meta":{"_exactmetrics_skip_tracking":false,"_exactmetrics_sitenote_active":false,"_exactmetrics_sitenote_note":"","_exactmetrics_sitenote_category":0,"jetpack_post_was_ever_published":false,"_jetpack_newsletter_access":"","_jetpack_dont_email_post_to_subs":false,"_jetpack_newsletter_tier_id":0,"_jetpack_memberships_contains_paywalled_content":false,"_jetpack_memberships_contains_paid_content":false,"footnotes":"","jetpack_publicize_message":"","jetpack_publicize_feature_enabled":true,"jetpack_social_post_already_shared":true,"jetpack_social_options":{"image_generator_settings":{"template":"highway","enabled":false},"version":2}},"categories":[1],"tags":[],"class_list":["post-27905","post","type-post","status-publish","format-standard","hentry","category-notas"],"jetpack_publicize_connections":[],"jetpack_sharing_enabled":true,"jetpack_featured_media_url":"","jetpack_shortlink":"https:\/\/wp.me\/p7wKYW-7g5","jetpack-related-posts":[],"_links":{"self":[{"href":"http:\/\/blogdalucianaoliveira.com.br\/blog\/wp-json\/wp\/v2\/posts\/27905","targetHints":{"allow":["GET"]}}],"collection":[{"href":"http:\/\/blogdalucianaoliveira.com.br\/blog\/wp-json\/wp\/v2\/posts"}],"about":[{"href":"http:\/\/blogdalucianaoliveira.com.br\/blog\/wp-json\/wp\/v2\/types\/post"}],"author":[{"embeddable":true,"href":"http:\/\/blogdalucianaoliveira.com.br\/blog\/wp-json\/wp\/v2\/users\/1"}],"replies":[{"embeddable":true,"href":"http:\/\/blogdalucianaoliveira.com.br\/blog\/wp-json\/wp\/v2\/comments?post=27905"}],"version-history":[{"count":1,"href":"http:\/\/blogdalucianaoliveira.com.br\/blog\/wp-json\/wp\/v2\/posts\/27905\/revisions"}],"predecessor-version":[{"id":27907,"href":"http:\/\/blogdalucianaoliveira.com.br\/blog\/wp-json\/wp\/v2\/posts\/27905\/revisions\/27907"}],"wp:attachment":[{"href":"http:\/\/blogdalucianaoliveira.com.br\/blog\/wp-json\/wp\/v2\/media?parent=27905"}],"wp:term":[{"taxonomy":"category","embeddable":true,"href":"http:\/\/blogdalucianaoliveira.com.br\/blog\/wp-json\/wp\/v2\/categories?post=27905"},{"taxonomy":"post_tag","embeddable":true,"href":"http:\/\/blogdalucianaoliveira.com.br\/blog\/wp-json\/wp\/v2\/tags?post=27905"}],"curies":[{"name":"wp","href":"https:\/\/api.w.org\/{rel}","templated":true}]}}