{"id":27911,"date":"2020-05-03T20:36:02","date_gmt":"2020-05-04T00:36:02","guid":{"rendered":"http:\/\/blogdalucianaoliveira.com.br\/blog\/?p=27911"},"modified":"2020-05-03T20:36:12","modified_gmt":"2020-05-04T00:36:12","slug":"bolsonaro-e-lider-mais-isolado-do-populismo-de-direita-hoje-diz-pesquisador-do-extremismo-politico","status":"publish","type":"post","link":"http:\/\/blogdalucianaoliveira.com.br\/blog\/2020\/05\/03\/bolsonaro-e-lider-mais-isolado-do-populismo-de-direita-hoje-diz-pesquisador-do-extremismo-politico\/","title":{"rendered":"&#8216;Bolsonaro \u00e9 l\u00edder mais isolado do populismo de direita hoje&#8217;, diz pesquisador do extremismo pol\u00edtico"},"content":{"rendered":"\n<figure class=\"wp-block-image size-large\"><img data-recalc-dims=\"1\" loading=\"lazy\" decoding=\"async\" width=\"410\" height=\"230\" data-attachment-id=\"27913\" data-permalink=\"http:\/\/blogdalucianaoliveira.com.br\/blog\/2020\/05\/03\/bolsonaro-e-lider-mais-isolado-do-populismo-de-direita-hoje-diz-pesquisador-do-extremismo-politico\/image-10-8\/\" data-orig-file=\"https:\/\/i0.wp.com\/blogdalucianaoliveira.com.br\/blog\/wp-content\/uploads\/2020\/05\/image-10.jpeg?fit=410%2C230\" data-orig-size=\"410,230\" data-comments-opened=\"0\" data-image-meta=\"{&quot;aperture&quot;:&quot;0&quot;,&quot;credit&quot;:&quot;&quot;,&quot;camera&quot;:&quot;&quot;,&quot;caption&quot;:&quot;&quot;,&quot;created_timestamp&quot;:&quot;0&quot;,&quot;copyright&quot;:&quot;&quot;,&quot;focal_length&quot;:&quot;0&quot;,&quot;iso&quot;:&quot;0&quot;,&quot;shutter_speed&quot;:&quot;0&quot;,&quot;title&quot;:&quot;&quot;,&quot;orientation&quot;:&quot;0&quot;}\" data-image-title=\"image-10\" data-image-description=\"\" data-image-caption=\"\" data-medium-file=\"https:\/\/i0.wp.com\/blogdalucianaoliveira.com.br\/blog\/wp-content\/uploads\/2020\/05\/image-10.jpeg?fit=300%2C168\" data-large-file=\"https:\/\/i0.wp.com\/blogdalucianaoliveira.com.br\/blog\/wp-content\/uploads\/2020\/05\/image-10.jpeg?fit=410%2C230\" src=\"https:\/\/i0.wp.com\/blogdalucianaoliveira.com.br\/blog\/wp-content\/uploads\/2020\/05\/image-10.jpeg?resize=410%2C230\" alt=\"\" class=\"wp-image-27913\" srcset=\"https:\/\/i0.wp.com\/blogdalucianaoliveira.com.br\/blog\/wp-content\/uploads\/2020\/05\/image-10.jpeg?w=410 410w, https:\/\/i0.wp.com\/blogdalucianaoliveira.com.br\/blog\/wp-content\/uploads\/2020\/05\/image-10.jpeg?resize=300%2C168 300w\" sizes=\"auto, (max-width: 410px) 100vw, 410px\" \/><\/figure>\n\n\n\n<p>O populismo de direita que cresceu como movimento pol\u00edtico e chegou ao poder nos \u00faltimos anos em diversas partes do globo n\u00e3o tem dado uma resposta \u00fanica \u00e0 pandemia de covid-19.<\/p>\n\n\n\n<!--more-->\n\n\n\n<p>Camilla Veras Mota &#8211; Da BBC News Brasil em S\u00e3o Paulo<\/p>\n\n\n\n<p>O cientista pol\u00edtico holand\u00eas Cas Mudde, que estuda h\u00e1 quase tr\u00eas d\u00e9cadas a ultradireita, identifica entre os pol\u00edticos desse matiz desde uma abordagem &#8220;estereotipada&#8221; &#8211; negando a realidade e tentando difundir teorias conspirat\u00f3rias sobre o novo coronav\u00edrus &#8211; at\u00e9 a\u00e7\u00f5es mais contundentes, ainda que tardias.&nbsp;<\/p>\n\n\n\n<p>O presidente brasileiro, para ele, n\u00e3o se encaixa em um grupo espec\u00edfico. &#8220;Pelo que pude ver, quando se fala da resposta \u00e0 covid-19 &#8211; ou \u00e0 falta dela -, Bolsonaro tem uma categoria pr\u00f3pria, como o l\u00edder de ultradireita mais ignorante e mais isolado do mundo&#8221;, diz o professor da Universidade da Ge\u00f3rgia, nos Estados Unidos.<\/p>\n\n\n\n<p>O pesquisador se refere em parte ao fato de Bolsonaro desobedecer deliberadamente as recomenda\u00e7\u00f5es da Organiza\u00e7\u00e3o Mundial de Sa\u00fade (OMS) &#8211; ao sair para visitar estabelecimentos comerciais e cumprimentar apoiadores na rua, negando o risco que o novo coronav\u00edrus representa \u00e0 sa\u00fade p\u00fablica -, enquanto, em paralelo, enfrenta oposi\u00e7\u00e3o dentro da pr\u00f3pria administra\u00e7\u00e3o, o que culminou com desaven\u00e7as com os agora ex-ministros da Sa\u00fade, Luiz Henrique Mandetta, e da Justi\u00e7a, Sergio Moro.&nbsp;<\/p>\n\n\n\n<p>Em sua \u00faltima obra,\u00a0<em>The Far Right Today<\/em>\u00a0(&#8220;A Ultradireita Hoje&#8221;, sem edi\u00e7\u00e3o no Brasil), lan\u00e7ada no fim de 2019, Mudde fala sobre a mais recente ascens\u00e3o do populismo de direita no mundo para o p\u00fablico n\u00e3o especializado no tema.<\/p>\n\n\n\n<p>Ele divide a ultradireita (&#8220;far right&#8221;) em dois grandes grupos, a extrema direita (&#8220;extreme right&#8221;), que rejeita completamente a democracia, e a direita radical (&#8220;radical right&#8221;), que opera dentro das institui\u00e7\u00f5es democr\u00e1ticas, ainda que se coloque contra valores fundamentais desse sistema, como a separa\u00e7\u00e3o de poderes e os direitos das minorias.&nbsp;<\/p>\n\n\n\n<p>Bolsonaro faz, segundo ele, parte desse \u00faltimo grupo.<\/p>\n\n\n\n<p>Leia, a seguir, a entrevista concedida por e-mail \u00e0 BBC News Brasil.<\/p>\n\n\n\n<p><strong>BBC News Brasil &#8211; Como a direita radical\/extrema direita t\u00eam se posicionado em rela\u00e7\u00e3o \u00e0s medidas para conter a pandemia de covid-19?&nbsp;<\/strong><\/p>\n\n\n\n<p><strong>Cas Mudde &#8211;&nbsp;<\/strong>As diferentes respostas da utradireita se espalham por praticamente por todo o espectro de possibilidades. Desde negar completamente (o risco do novo coronav\u00edrus), como o presidente Bolsonaro no Brasil, ou minimiz\u00e1-lo, como o presidente (dos Estados Unidos, Donald) Trump, a uma resposta tardia, por\u00e9m contundente, como o primeiro-ministro Narendra Modi na \u00cdndia e Viktor Orb\u00e1n na Hungria.<\/p>\n\n\n\n<p>H\u00e1 ainda aqueles que criticam os partidos de situa\u00e7\u00e3o por tomarem medidas que consideram muito brandas, como as siglas de ultradireita na Holanda. (No pa\u00eds, partidos da direita radical como F\u00f3rum pela Democracia (FvD) e Partido pela Liberdade (PVV), que fazem oposi\u00e7\u00e3o \u00e0 coaliz\u00e3o de centro liderada pelo premi\u00ea Mark Rutte, t\u00eam defendido uma quarentena semelhante \u00e0 adotada pela maioria dos pa\u00edses da Europa).<\/p>\n\n\n\n<p><strong>BBC News Brasil &#8211; Por que vemos respostas t\u00e3o diferentes?&nbsp;<\/strong><\/p>\n\n\n\n<p><strong>Mudde &#8211;&nbsp;<\/strong>H\u00e1 raz\u00f5es internas e externas. Bolsonaro e Trump geralmente relutam em aceitar aquilo de que n\u00e3o gostam ou que acreditam que possa prejudic\u00e1-los politicamente, enquanto Modi e Orb\u00e1n s\u00e3o pol\u00edticos profissionais, que entendem que a realidade pode ser distorcida, mas n\u00e3o ignorada.&nbsp;<\/p>\n\n\n\n<p>Tamb\u00e9m faz diferen\u00e7a o fato de se estar no poder ou na oposi\u00e7\u00e3o. Na oposi\u00e7\u00e3o, a ultradireita precisa criticar a resposta do governo, qualquer que ela seja, porque esse \u00e9 seu modelo de fazer pol\u00edtica.&nbsp;<\/p>\n\n\n\n<p>Finalmente, h\u00e1 tamb\u00e9m o fato de que alguns pa\u00edses foram atingidos mais fortemente pela pandemia &#8211; e mais cedo &#8211; do que outros.&nbsp;<\/p>\n\n\n\n<p><strong>BBC News Brasil &#8211; Como o senhor enxerga a resposta do presidente Jair Bolsonaro \u00e0 doen\u00e7a aqui no Brasil,&nbsp;<\/strong><strong>e&nbsp;<\/strong><strong>em que categoria ele se encaixa?&nbsp;<\/strong><\/p>\n\n\n\n<p><strong>Mudde &#8211;&nbsp;<\/strong>Pelo que pude ver, quando se fala da resposta \u00e0 covid-19 &#8211; ou \u00e0 falta dela -, Bolsonaro tem uma categoria pr\u00f3pria, como o l\u00edder de ultradireita mais ignorante e mais isolado do mundo.<\/p>\n\n\n\n<p>Mesmo Trump tem reconhecido o que a doen\u00e7a significa, ainda que pense que a amea\u00e7a n\u00e3o seja t\u00e3o s\u00e9ria quanto as autoridades de sa\u00fade &#8211; e pol\u00edticos do Partido Democrata &#8211; dizem e que esteja preocupado com a situa\u00e7\u00e3o da economia americana, vari\u00e1vel que acredita que vai decidir as pr\u00f3ximas elei\u00e7\u00f5es presidenciais e sua poss\u00edvel reelei\u00e7\u00e3o.<\/p>\n\n\n\n<figure class=\"wp-block-image\"><img data-recalc-dims=\"1\" decoding=\"async\" src=\"https:\/\/i0.wp.com\/ichef.bbci.co.uk\/news\/410\/cpsprodpb\/12BCF\/production\/_112015767_boris.png?w=600&#038;ssl=1\" alt=\"Boris Johnson\"\/><figcaption>Image captionPremi\u00ea brit\u00e2nico chegou a ser hospitalizado com covid-19 e retornou ao trabalho nesta segunda (27\/04)<\/figcaption><\/figure>\n\n\n\n<p><strong>BBC News Brasil &#8211; Tanto o presidente americano quanto o primeiro-ministro do Reino Unido, Boris Johnson, resistiram no in\u00edcio da pandemia, mas eventualmente reconheceram sua dimens\u00e3o e os riscos que ela representa \u00e0 sa\u00fade p\u00fablica. \u00c9 poss\u00edvel que, uma vez que o n\u00famero de infectados e mortos chegue a um patamar demasiadamente elevado, fique dif\u00edcil para a ultradireita manter o que o senhor j\u00e1 chamou de &#8220;resposta estereotipada&#8221; &#8211; nega\u00e7\u00e3o da realidade, distra\u00e7\u00e3o do p\u00fablico com teorias conspirat\u00f3rias e uma rea\u00e7\u00e3o lenta e hesitante \u00e0 doen\u00e7a?&nbsp;<\/strong><\/p>\n\n\n\n<p><strong>Mudde &#8211;<\/strong>&nbsp;Sim, acho que eles foram for\u00e7ados a reconhecer o significado da covid-19 pelas circunst\u00e2ncias. No caso de Trump, o surto mortal em Nova York, sua cidade natal, claramente o afetou.&nbsp;<\/p>\n\n\n\n<p>At\u00e9 o momento, o Brasil n\u00e3o foi atingido com n\u00fameros t\u00e3o devastadores (como os EUA), mas tudo indica que o pico da pandemia no pa\u00eds est\u00e1 logo ali, e isso provavelmente provocar\u00e1 uma mudan\u00e7a na posi\u00e7\u00e3o de Bolsonaro &#8211; ainda que permane\u00e7a mais c\u00e9tico do que os demais, para pelo menos tentar manter as apar\u00eancias depois de ignorar o problema por tanto tempo.<\/p>\n\n\n\n<p><strong>BBC News Brasil &#8211; Em um artigo recente, o senhor afirmou que, dadas as diferentes respostas dadas pela ultradireita \u00e0 pandemia, o novo coronav\u00edrus provavelmente &#8220;n\u00e3o mataria o populismo&#8221;, acrescentando que &#8220;alguns ganhariam, outros perderiam e outros sairiam iguais&#8221;. Que fatores determinar\u00e3o quem ser\u00e3o os ganhadores e perdedores quando tudo isto acabar?<\/strong><\/p>\n\n\n\n<p><strong>Mudde &#8211;&nbsp;<\/strong>Primeiramente e mais importante, o n\u00famero de mortes pela covid-19 em cada pa\u00eds.<\/p>\n\n\n\n<p>Depois, o impacto econ\u00f4mico causado pelas medidas de isolamento social.&nbsp;<\/p>\n\n\n\n<p>Terceiro, a narrativa que se tornar dominante sobre como o governo respondeu \u00e0 pandemia. Em alguns lugares, governantes sair\u00e3o como vencedores, em outros, como perdedores.<\/p>\n\n\n\n<p>Dado que muitos l\u00edderes de ultradireita &#8211; ou coaliz\u00f5es com partidos de ultradireita &#8211; t\u00eam dado respostas parecidas \u00e0quelas apresentadas pela pol\u00edtica &#8220;convencional&#8221;, n\u00e3o acho que haver\u00e1 muita diferen\u00e7a.&nbsp;<\/p>\n\n\n\n<figure class=\"wp-block-image\"><img data-recalc-dims=\"1\" decoding=\"async\" src=\"https:\/\/i0.wp.com\/ichef.bbci.co.uk\/news\/410\/cpsprodpb\/704F\/production\/_112015782_trump.png?w=600&#038;ssl=1\" alt=\"Trump\"\/><figcaption>Image captionPara cientista pol\u00edtico, Trump foi for\u00e7ado pelas circunst\u00e2ncias a mudar a postura em rela\u00e7\u00e3o ao novo coronav\u00edrus<\/figcaption><\/figure>\n\n\n\n<p><strong>BBC News Brasil &#8211; Como a crise econ\u00f4mica que provavelmente se avizinha pode impactar a atual onda do populismo de direita?&nbsp;<\/strong><\/p>\n\n\n\n<p><strong>Mudde &#8211;<\/strong>&nbsp;Como falei, isso far\u00e1 parte do esfor\u00e7o pol\u00edtico quando as coisas voltarem ao &#8220;normal&#8221;, quando diferentes vertentes da pol\u00edtica tentar\u00e3o convencer os eleitores de que suas eventuais propostas s\u00e3o melhores, isso quando se fala tanto de sa\u00fade quanto de economia.&nbsp;<\/p>\n\n\n\n<p>Apesar da cren\u00e7a popular, os partidos de ultradireita n\u00e3o se beneficiaram tanto da crise financeira de 2008. (Mudde argumenta&nbsp;<a href=\"https:\/\/blogs.lse.ac.uk\/europpblog\/2013\/08\/22\/contrary-to-popular-opinion-europe-has-not-seen-a-rise-in-far-right-support-since-the-start-of-the-crisis\/\">neste artigo&nbsp;<\/a>que os dados eleitorais nos 28 pa\u00edses da Uni\u00e3o Europeia nos pleitos ap\u00f3s a chamada Grande Depress\u00e3o n\u00e3o permitem estabelecer uma correla\u00e7\u00e3o entre o avan\u00e7o da ultradireita e as dificuldades econ\u00f4micas do per\u00edodo).&nbsp;<\/p>\n\n\n\n<p>Quando o foco \u00e9 principalmente a economia, esses partidos geralmente t\u00eam menos a oferecer, j\u00e1 que seus principais temas s\u00e3o mais socioculturais do que socioecon\u00f4micos.&nbsp;<\/p>\n\n\n\n<p><strong>BBC News Brasil &#8211; No Brasil, apesar de pesquisas de opini\u00e3o indicarem que a maioria da popula\u00e7\u00e3o \u00e9 favor\u00e1vel a medidas de isolamento social, Bolsonaro com frequ\u00eancia desobedece as recomenda\u00e7\u00f5es &#8211; sai aos fins de semana para visitar estabelecimentos comerciais, cumprimenta apoiadores e endossa manifesta\u00e7\u00f5es contr\u00e1rias \u00e0 quarentena. Quais os riscos dessa estrat\u00e9gia?&nbsp;<\/strong><\/p>\n\n\n\n<p><strong>Mudde &#8211;<\/strong>&nbsp;Governar para a base (e n\u00e3o para o pa\u00eds) \u00e9 sempre arriscado, mas particularmente arriscado se sua base \u00e9 muito pequena.&nbsp;<\/p>\n\n\n\n<p>Trump tamb\u00e9m governa para a base, mas sua base \u00e9 formada, cada vez mais, pelo universo dos eleitores republicanos. Al\u00e9m disso, ele consegue se beneficiar da infraestrutura de um dos dois grandes partidos do pa\u00eds (o Partido Republicano).<\/p>\n\n\n\n<figure class=\"wp-block-image\"><img data-recalc-dims=\"1\" decoding=\"async\" src=\"https:\/\/i0.wp.com\/ichef.bbci.co.uk\/news\/410\/cpsprodpb\/975F\/production\/_112015783_orban.png?w=600&#038;ssl=1\" alt=\"Primeiro-ministro da Hungria, Viktor Orb\u00e1n\"\/><figcaption>Image captionPrimeiro-ministro da Hungria est\u00e1 entre os l\u00edderes populistas de direita que v\u00eam dando resposta mais contundente \u00e0 pandemia &#8211; por outro lado, tem usado a crise para concentrar poderes<\/figcaption><\/figure>\n\n\n\n<p>Bolsonaro n\u00e3o tem nem um nem outro. No fim das contas, poucos eleitores realmente votaram nele. As pessoas votaram contra o PT &#8211; e pode haver outros candidatos anti-PT nas pr\u00f3ximas elei\u00e7\u00f5es, eventualmente com uma infraestrutura partid\u00e1ria maior por tr\u00e1s.&nbsp;<\/p>\n\n\n\n<p><strong>BBC News Brasil &#8211; A ret\u00f3rica anticorrup\u00e7\u00e3o foi um pilar importante do discurso que elegeu Bolsonaro. Um dos s\u00edmbolos da opera\u00e7\u00e3o que exp\u00f4s esquemas de corrup\u00e7\u00e3o que envolviam o PT, o ex-juiz Sergio Moro, pediu demiss\u00e3o do cargo de ministro da Justi\u00e7a e e acusou o presidente de tentar interferir politicamente na Pol\u00edcia Federal. Um eventual crise pol\u00edtica decorrente dessa cis\u00e3o poderia abrir espa\u00e7o para o aparecimento do &#8220;pr\u00f3ximo candidato anti-PT&#8221; ao qual o senhor faz refer\u00eancia?&nbsp;<\/strong><\/p>\n\n\n\n<p><strong>Mudde &#8211;&nbsp;<\/strong>Isso. Ao contr\u00e1rio de Trump, Bolsonaro tem sido confrontado com uma esp\u00e9cie de insurrei\u00e7\u00e3o dentro da pr\u00f3pria administra\u00e7\u00e3o &#8211; algo que o enfraquece.&nbsp;<\/p>\n\n\n\n<p><strong>BBC News Brasil &#8211; A atual onda de populismo de direita \u00e9 marcada pela nega\u00e7\u00e3o da Ci\u00eancia &#8211; das mudan\u00e7as clim\u00e1ticas \u00e0s vacinas. A pandemia e o esfor\u00e7o da comunidade cient\u00edfica em busca de respostas sobre a doen\u00e7a podem eventualmente mudar essa caracter\u00edstica?<\/strong><\/p>\n\n\n\n<p><strong>Mudde &#8211;<\/strong>&nbsp;N\u00e3o, n\u00e3o acho que muitas pessoas v\u00e3o pensar diferente depois da pandemia.&nbsp;<\/p>\n\n\n\n<p>O estere\u00f3tipo dos eleitores da ultradireita \u00e9 de que eles negam as mudan\u00e7as clim\u00e1ticas e a covid-19, mas n\u00e3o \u00e9 exatamente isso.<\/p>\n\n\n\n<p>De forma geral, eles aceitam que elas existem, mas negam pontos espec\u00edficos &#8211; e, por isso, acreditam em outras solu\u00e7\u00f5es (n\u00e3o endossadas pelo conhecimento cient\u00edfico).&nbsp;<\/p>\n\n\n\n<p>Dado que levar\u00e1 muito tempo at\u00e9 que consigamos entender de fato qual a resposta mais efetiva contra o novo coronav\u00edrus &#8211; se soubermos algum dia, j\u00e1 que isso depende de um amplo espectro de fatores que varia de um pa\u00eds para outro -, essa discuss\u00e3o ser\u00e1 primordialmente determinada pela pol\u00edtica, em vez da Ci\u00eancia.<\/p>\n","protected":false},"excerpt":{"rendered":"<p>O populismo de direita que cresceu como movimento pol\u00edtico e chegou ao poder nos \u00faltimos anos em diversas partes do globo n\u00e3o tem dado uma resposta \u00fanica \u00e0 pandemia de covid-19.<\/p>\n","protected":false},"author":1,"featured_media":0,"comment_status":"closed","ping_status":"open","sticky":false,"template":"","format":"standard","meta":{"_exactmetrics_skip_tracking":false,"_exactmetrics_sitenote_active":false,"_exactmetrics_sitenote_note":"","_exactmetrics_sitenote_category":0,"jetpack_post_was_ever_published":false,"_jetpack_newsletter_access":"","_jetpack_dont_email_post_to_subs":false,"_jetpack_newsletter_tier_id":0,"_jetpack_memberships_contains_paywalled_content":false,"_jetpack_memberships_contains_paid_content":false,"footnotes":"","jetpack_publicize_message":"","jetpack_publicize_feature_enabled":true,"jetpack_social_post_already_shared":true,"jetpack_social_options":{"image_generator_settings":{"template":"highway","enabled":false},"version":2}},"categories":[1],"tags":[],"class_list":["post-27911","post","type-post","status-publish","format-standard","hentry","category-notas"],"jetpack_publicize_connections":[],"jetpack_sharing_enabled":true,"jetpack_featured_media_url":"","jetpack_shortlink":"https:\/\/wp.me\/p7wKYW-7gb","jetpack-related-posts":[],"_links":{"self":[{"href":"http:\/\/blogdalucianaoliveira.com.br\/blog\/wp-json\/wp\/v2\/posts\/27911","targetHints":{"allow":["GET"]}}],"collection":[{"href":"http:\/\/blogdalucianaoliveira.com.br\/blog\/wp-json\/wp\/v2\/posts"}],"about":[{"href":"http:\/\/blogdalucianaoliveira.com.br\/blog\/wp-json\/wp\/v2\/types\/post"}],"author":[{"embeddable":true,"href":"http:\/\/blogdalucianaoliveira.com.br\/blog\/wp-json\/wp\/v2\/users\/1"}],"replies":[{"embeddable":true,"href":"http:\/\/blogdalucianaoliveira.com.br\/blog\/wp-json\/wp\/v2\/comments?post=27911"}],"version-history":[{"count":1,"href":"http:\/\/blogdalucianaoliveira.com.br\/blog\/wp-json\/wp\/v2\/posts\/27911\/revisions"}],"predecessor-version":[{"id":27914,"href":"http:\/\/blogdalucianaoliveira.com.br\/blog\/wp-json\/wp\/v2\/posts\/27911\/revisions\/27914"}],"wp:attachment":[{"href":"http:\/\/blogdalucianaoliveira.com.br\/blog\/wp-json\/wp\/v2\/media?parent=27911"}],"wp:term":[{"taxonomy":"category","embeddable":true,"href":"http:\/\/blogdalucianaoliveira.com.br\/blog\/wp-json\/wp\/v2\/categories?post=27911"},{"taxonomy":"post_tag","embeddable":true,"href":"http:\/\/blogdalucianaoliveira.com.br\/blog\/wp-json\/wp\/v2\/tags?post=27911"}],"curies":[{"name":"wp","href":"https:\/\/api.w.org\/{rel}","templated":true}]}}