{"id":27915,"date":"2020-05-03T22:37:26","date_gmt":"2020-05-04T02:37:26","guid":{"rendered":"http:\/\/blogdalucianaoliveira.com.br\/blog\/?p=27915"},"modified":"2020-05-03T22:37:30","modified_gmt":"2020-05-04T02:37:30","slug":"covid-19-justica-atende-pedido-do-mpf-e-mpt-e-determina-que-somente-servicos-essenciais-podem-funcionar-em-rondonia","status":"publish","type":"post","link":"http:\/\/blogdalucianaoliveira.com.br\/blog\/2020\/05\/03\/covid-19-justica-atende-pedido-do-mpf-e-mpt-e-determina-que-somente-servicos-essenciais-podem-funcionar-em-rondonia\/","title":{"rendered":"Covid-19: Justi\u00e7a atende pedido do MPF e MPT e determina que somente servi\u00e7os essenciais podem funcionar em Rond\u00f4nia"},"content":{"rendered":"\n<figure class=\"wp-block-image size-large\"><img data-recalc-dims=\"1\" loading=\"lazy\" decoding=\"async\" width=\"600\" height=\"400\" data-attachment-id=\"27916\" data-permalink=\"http:\/\/blogdalucianaoliveira.com.br\/blog\/2020\/05\/03\/covid-19-justica-atende-pedido-do-mpf-e-mpt-e-determina-que-somente-servicos-essenciais-podem-funcionar-em-rondonia\/image-11-8\/\" data-orig-file=\"https:\/\/i0.wp.com\/blogdalucianaoliveira.com.br\/blog\/wp-content\/uploads\/2020\/05\/image-11.jpeg?fit=678%2C452\" data-orig-size=\"678,452\" data-comments-opened=\"0\" data-image-meta=\"{&quot;aperture&quot;:&quot;0&quot;,&quot;credit&quot;:&quot;&quot;,&quot;camera&quot;:&quot;&quot;,&quot;caption&quot;:&quot;&quot;,&quot;created_timestamp&quot;:&quot;0&quot;,&quot;copyright&quot;:&quot;&quot;,&quot;focal_length&quot;:&quot;0&quot;,&quot;iso&quot;:&quot;0&quot;,&quot;shutter_speed&quot;:&quot;0&quot;,&quot;title&quot;:&quot;&quot;,&quot;orientation&quot;:&quot;0&quot;}\" data-image-title=\"image-11\" data-image-description=\"\" data-image-caption=\"\" data-medium-file=\"https:\/\/i0.wp.com\/blogdalucianaoliveira.com.br\/blog\/wp-content\/uploads\/2020\/05\/image-11.jpeg?fit=300%2C200\" data-large-file=\"https:\/\/i0.wp.com\/blogdalucianaoliveira.com.br\/blog\/wp-content\/uploads\/2020\/05\/image-11.jpeg?fit=600%2C400\" src=\"https:\/\/i0.wp.com\/blogdalucianaoliveira.com.br\/blog\/wp-content\/uploads\/2020\/05\/image-11.jpeg?resize=600%2C400\" alt=\"\" class=\"wp-image-27916\" srcset=\"https:\/\/i0.wp.com\/blogdalucianaoliveira.com.br\/blog\/wp-content\/uploads\/2020\/05\/image-11.jpeg?w=678 678w, https:\/\/i0.wp.com\/blogdalucianaoliveira.com.br\/blog\/wp-content\/uploads\/2020\/05\/image-11.jpeg?resize=300%2C200 300w, https:\/\/i0.wp.com\/blogdalucianaoliveira.com.br\/blog\/wp-content\/uploads\/2020\/05\/image-11.jpeg?resize=450%2C300 450w\" sizes=\"auto, (max-width: 600px) 100vw, 600px\" \/><\/figure>\n\n\n\n<p><em>Decis\u00e3o judicial pro\u00edbe que prefeituras autorizem retorno das aulas e atividades n\u00e3o-essenciais a partir desta segunda-feira, 4 de maio<\/em><\/p>\n\n\n\n<!--more-->\n\n\n\n<p>Assessoria &#8211; Uma decis\u00e3o liminar da Justi\u00e7a Federal atendeu ao pedido do Minist\u00e9rio P\u00fablico Federal (MPF) e do Minist\u00e9rio P\u00fablico do Trabalho (MPT) e determinou que apenas atividades essenciais podem funcionar em Rond\u00f4nia. Na decis\u00e3o, a Justi\u00e7a Federal suspendeu a aplica\u00e7\u00e3o de dois artigos do decreto estadual que delegava aos prefeitos a decis\u00e3o sobre o funcionamento de estabelecimentos educacionais e de atividades n\u00e3o-essenciais (cinemas, bares, clubes, academias, casas de show, boates, shopping center etc) a partir desta segunda-feira, 4 de maio.<\/p>\n\n\n\n<p>O governo de Rond\u00f4nia est\u00e1 proibido de autorizar o funcionamento de atividades n\u00e3o essenciais e institui\u00e7\u00f5es de ensino sem a pr\u00e9via publica\u00e7\u00e3o de raz\u00f5es t\u00e9cnico-cient\u00edficas que justifiquem as medidas, incluindo previs\u00e3o de seus impactos sobre o sistema de sa\u00fade estadual e seus profissionais.<\/p>\n\n\n\n<p>Na decis\u00e3o, a Justi\u00e7a Federal considerou que a pandemia j\u00e1 est\u00e1 em curso h\u00e1 diversas semanas e era de se esperar que o Estado de Rond\u00f4nia possu\u00edsse estudos, dados atualizados e informa\u00e7\u00f5es j\u00e1 produzidas previamente ao decreto estadual de abertura indiscriminada do com\u00e9rcio. Al\u00e9m disto, em casos de sa\u00fade p\u00fablica, devem-se observar os princ\u00edpios da precau\u00e7\u00e3o e da preven\u00e7\u00e3o. \u201cA suspens\u00e3o das medidas de distanciamento social, como informa a ci\u00eancia, n\u00e3o produzir\u00e1 resultado favor\u00e1vel \u00e0 prote\u00e7\u00e3o da vida e da sa\u00fade da popula\u00e7\u00e3o. N\u00e3o se trata de quest\u00e3o ideol\u00f3gica. Trata-se de quest\u00e3o t\u00e9cnica. O Estado de Rond\u00f4nia passa por vertiginosa curva ascendente nos casos diagnosticados\u201d, afirmou na decis\u00e3o o juiz Shamil Cipriano.<\/p>\n\n\n\n<p><em>Fase de acelera\u00e7\u00e3o<\/em> &#8211; No dia 16 de abril, MPF e MPT haviam recomendado que o governo de Rond\u00f4nia apresentasse os estudos que embasaram a libera\u00e7\u00e3o de atividades, contendo evid\u00eancias cient\u00edficas e an\u00e1lises sobre as informa\u00e7\u00f5es estrat\u00e9gicas em sa\u00fade, bem como que qualquer libera\u00e7\u00e3o de atividade seja precedida da an\u00e1lise da autoridade sanit\u00e1ria e esteja acompanhada dessas mesmas evid\u00eancias. Ainda, recomendaram que a libera\u00e7\u00e3o gradual de atividades viesse acompanhada de protocolos de medidas sanit\u00e1rias (notas t\u00e9cnicas) a serem seguidas por cada categoria.<\/p>\n\n\n\n<p>O governo respondeu aos \u00f3rg\u00e3os ministeriais &#8211; ap\u00f3s protesto indevido de que procuradores da Rep\u00fablica n\u00e3o poderiam enviar of\u00edcio ao governador \u2013 acusando-os de \u201catrapalhar\u201d os esfor\u00e7os do governador e de falta de \u201cpatriotismo\u201d.  Acrescentaram que o governo estadual est\u00e1 pautando as medidas por boletins epidemiol\u00f3gicos e notas t\u00e9cnicas expedidas pela Ag\u00eancia Estadual de Vigil\u00e2ncia Sanit\u00e1ria (Agevisa).<\/p>\n\n\n\n<p>Entretanto, o boletim epidemiol\u00f3gico da Agevisa do dia 28 de abril relata que \u201cRond\u00f4nia entrou na fase cr\u00edtica da pandemia pela covid-19, tendendo para ocorr\u00eancia exponencial de casos (acelera\u00e7\u00e3o) a partir da semana epidemiol\u00f3gica 18 (26\/04 a 02\/05). A intensifica\u00e7\u00e3o da transmiss\u00e3o da covid-19 nos alerta a redobrar os cuidados previamente estabelecidos para evitarmos um colapso no sistema de sa\u00fade\u201d.<\/p>\n\n\n\n<p>Para MPF e MPT, se as proje\u00e7\u00f5es comparativas com a It\u00e1lia e mesmo as mais conservadoras feitas por pesquisadores da Universidade Federal de Rond\u00f4nia estiverem minimamente corretas, haver\u00e1 colapso da capacidade hospitalar em menos de 10 dias. Os \u00f3rg\u00e3os argumentam que at\u00e9 a data de 29\/04\/2020, o governo de Rond\u00f4nia ainda n\u00e3o possu\u00eda um mapeamento real ou estimado do n\u00famero de casos de covid-19 em seu territ\u00f3rio, uma vez que, num universo de 1,7 milh\u00e3o de habitantes, realizou pouco mais de 1.900 testes em hip\u00f3teses bastante restritas.<\/p>\n","protected":false},"excerpt":{"rendered":"<p>Decis\u00e3o judicial pro\u00edbe que prefeituras autorizem retorno das aulas e atividades n\u00e3o-essenciais a partir desta segunda-feira, 4 de maio<\/p>\n","protected":false},"author":1,"featured_media":0,"comment_status":"closed","ping_status":"open","sticky":false,"template":"","format":"standard","meta":{"_exactmetrics_skip_tracking":false,"_exactmetrics_sitenote_active":false,"_exactmetrics_sitenote_note":"","_exactmetrics_sitenote_category":0,"jetpack_post_was_ever_published":false,"_jetpack_newsletter_access":"","_jetpack_dont_email_post_to_subs":false,"_jetpack_newsletter_tier_id":0,"_jetpack_memberships_contains_paywalled_content":false,"_jetpack_memberships_contains_paid_content":false,"footnotes":"","jetpack_publicize_message":"","jetpack_publicize_feature_enabled":true,"jetpack_social_post_already_shared":true,"jetpack_social_options":{"image_generator_settings":{"template":"highway","enabled":false},"version":2}},"categories":[1],"tags":[],"class_list":["post-27915","post","type-post","status-publish","format-standard","hentry","category-notas"],"jetpack_publicize_connections":[],"jetpack_sharing_enabled":true,"jetpack_featured_media_url":"","jetpack_shortlink":"https:\/\/wp.me\/p7wKYW-7gf","jetpack-related-posts":[],"_links":{"self":[{"href":"http:\/\/blogdalucianaoliveira.com.br\/blog\/wp-json\/wp\/v2\/posts\/27915","targetHints":{"allow":["GET"]}}],"collection":[{"href":"http:\/\/blogdalucianaoliveira.com.br\/blog\/wp-json\/wp\/v2\/posts"}],"about":[{"href":"http:\/\/blogdalucianaoliveira.com.br\/blog\/wp-json\/wp\/v2\/types\/post"}],"author":[{"embeddable":true,"href":"http:\/\/blogdalucianaoliveira.com.br\/blog\/wp-json\/wp\/v2\/users\/1"}],"replies":[{"embeddable":true,"href":"http:\/\/blogdalucianaoliveira.com.br\/blog\/wp-json\/wp\/v2\/comments?post=27915"}],"version-history":[{"count":1,"href":"http:\/\/blogdalucianaoliveira.com.br\/blog\/wp-json\/wp\/v2\/posts\/27915\/revisions"}],"predecessor-version":[{"id":27917,"href":"http:\/\/blogdalucianaoliveira.com.br\/blog\/wp-json\/wp\/v2\/posts\/27915\/revisions\/27917"}],"wp:attachment":[{"href":"http:\/\/blogdalucianaoliveira.com.br\/blog\/wp-json\/wp\/v2\/media?parent=27915"}],"wp:term":[{"taxonomy":"category","embeddable":true,"href":"http:\/\/blogdalucianaoliveira.com.br\/blog\/wp-json\/wp\/v2\/categories?post=27915"},{"taxonomy":"post_tag","embeddable":true,"href":"http:\/\/blogdalucianaoliveira.com.br\/blog\/wp-json\/wp\/v2\/tags?post=27915"}],"curies":[{"name":"wp","href":"https:\/\/api.w.org\/{rel}","templated":true}]}}