{"id":27929,"date":"2020-05-04T19:42:30","date_gmt":"2020-05-04T23:42:30","guid":{"rendered":"http:\/\/blogdalucianaoliveira.com.br\/blog\/?p=27929"},"modified":"2020-05-04T19:42:34","modified_gmt":"2020-05-04T23:42:34","slug":"novo-diretor-geral-decide-trocar-chefe-da-policia-federal-do-rio-foco-de-interesse-da-familia-bolsonaro","status":"publish","type":"post","link":"http:\/\/blogdalucianaoliveira.com.br\/blog\/2020\/05\/04\/novo-diretor-geral-decide-trocar-chefe-da-policia-federal-do-rio-foco-de-interesse-da-familia-bolsonaro\/","title":{"rendered":"Novo diretor-geral decide trocar chefe da Pol\u00edcia Federal do Rio, foco de interesse da fam\u00edlia Bolsonaro"},"content":{"rendered":"\n<figure class=\"wp-block-image size-large\"><img data-recalc-dims=\"1\" loading=\"lazy\" decoding=\"async\" width=\"600\" height=\"600\" data-attachment-id=\"27932\" data-permalink=\"http:\/\/blogdalucianaoliveira.com.br\/blog\/2020\/05\/04\/novo-diretor-geral-decide-trocar-chefe-da-policia-federal-do-rio-foco-de-interesse-da-familia-bolsonaro\/image-15-7\/\" data-orig-file=\"https:\/\/i0.wp.com\/blogdalucianaoliveira.com.br\/blog\/wp-content\/uploads\/2020\/05\/image-15.jpeg?fit=750%2C750\" data-orig-size=\"750,750\" data-comments-opened=\"0\" data-image-meta=\"{&quot;aperture&quot;:&quot;0&quot;,&quot;credit&quot;:&quot;&quot;,&quot;camera&quot;:&quot;&quot;,&quot;caption&quot;:&quot;&quot;,&quot;created_timestamp&quot;:&quot;0&quot;,&quot;copyright&quot;:&quot;&quot;,&quot;focal_length&quot;:&quot;0&quot;,&quot;iso&quot;:&quot;0&quot;,&quot;shutter_speed&quot;:&quot;0&quot;,&quot;title&quot;:&quot;&quot;,&quot;orientation&quot;:&quot;0&quot;}\" data-image-title=\"image-15\" data-image-description=\"\" data-image-caption=\"\" data-medium-file=\"https:\/\/i0.wp.com\/blogdalucianaoliveira.com.br\/blog\/wp-content\/uploads\/2020\/05\/image-15.jpeg?fit=300%2C300\" data-large-file=\"https:\/\/i0.wp.com\/blogdalucianaoliveira.com.br\/blog\/wp-content\/uploads\/2020\/05\/image-15.jpeg?fit=600%2C600\" src=\"https:\/\/i0.wp.com\/blogdalucianaoliveira.com.br\/blog\/wp-content\/uploads\/2020\/05\/image-15.jpeg?resize=600%2C600\" alt=\"\" class=\"wp-image-27932\" srcset=\"https:\/\/i0.wp.com\/blogdalucianaoliveira.com.br\/blog\/wp-content\/uploads\/2020\/05\/image-15.jpeg?w=750 750w, https:\/\/i0.wp.com\/blogdalucianaoliveira.com.br\/blog\/wp-content\/uploads\/2020\/05\/image-15.jpeg?resize=300%2C300 300w, https:\/\/i0.wp.com\/blogdalucianaoliveira.com.br\/blog\/wp-content\/uploads\/2020\/05\/image-15.jpeg?resize=150%2C150 150w\" sizes=\"auto, (max-width: 600px) 100vw, 600px\" \/><\/figure>\n\n\n\n<p>Na FSP &#8211; O novo diretor-geral da Pol\u00edcia Federal,\u00a0<a href=\"https:\/\/www1.folha.uol.com.br\/poder\/2020\/05\/bolsonaro-nomeia-para-a-pf-indicado-de-ramagem-barrado-pelo-supremo.shtml\">Rolando Souza<\/a>, decidiu trocar a chefia da superintend\u00eancia do Rio de Janeiro,\u00a0<a href=\"https:\/\/www1.folha.uol.com.br\/poder\/2020\/04\/familia-adversarios-e-fake-news-entenda-obsessao-de-bolsonaro-pela-pf-no-rj-e-em-pe.shtml\">foco de interesse da fam\u00edlia de Jair Bolsonaro<\/a>.<\/p>\n\n\n\n<!--more-->\n\n\n\n<p>Carlos Henrique Oliveira, atual comandante do estado, foi convidado para ser o diretor-executivo, n\u00famero dois na hierarquia do \u00f3rg\u00e3o.<\/p>\n\n\n\n<p>Sergio Moro\u00a0<a href=\"https:\/\/www1.folha.uol.com.br\/poder\/2020\/04\/leia-a-integra-do-discurso-de-despedida-de-moro-e-entenda-ponto-a-ponto.shtml\">disse em sua despedida<\/a>\u00a0que Bolsonaro queria trocar o diretor-geral para interferir politicamente na pol\u00edcia.<\/p>\n\n\n\n<p>O ex-ministro afirmou tamb\u00e9m que o presidente queria mudan\u00e7as no Rio e em Pernambuco.<\/p>\n\n\n\n<p>Como mostrou o Painel, Alexandre Ramagem, que teve a nomea\u00e7\u00e3o suspensa pelo STF (Supremo Tribunal Federal), tamb\u00e9m tinha\u00a0<a href=\"https:\/\/www1.folha.uol.com.br\/colunas\/painel\/2020\/04\/ramagem-ja-procurava-nome-para-substituir-superintendente-do-rio-local-polemico-para-familia-bolsonaro.shtml\">decidido trocar o Rio<\/a>.<\/p>\n\n\n\n<figure class=\"wp-block-image size-large\"><img data-recalc-dims=\"1\" loading=\"lazy\" decoding=\"async\" width=\"600\" height=\"400\" data-attachment-id=\"27930\" data-permalink=\"http:\/\/blogdalucianaoliveira.com.br\/blog\/2020\/05\/04\/novo-diretor-geral-decide-trocar-chefe-da-policia-federal-do-rio-foco-de-interesse-da-familia-bolsonaro\/image-13-7\/\" data-orig-file=\"https:\/\/i0.wp.com\/blogdalucianaoliveira.com.br\/blog\/wp-content\/uploads\/2020\/05\/image-13.jpeg?fit=768%2C512\" data-orig-size=\"768,512\" data-comments-opened=\"0\" data-image-meta=\"{&quot;aperture&quot;:&quot;0&quot;,&quot;credit&quot;:&quot;&quot;,&quot;camera&quot;:&quot;&quot;,&quot;caption&quot;:&quot;&quot;,&quot;created_timestamp&quot;:&quot;0&quot;,&quot;copyright&quot;:&quot;&quot;,&quot;focal_length&quot;:&quot;0&quot;,&quot;iso&quot;:&quot;0&quot;,&quot;shutter_speed&quot;:&quot;0&quot;,&quot;title&quot;:&quot;&quot;,&quot;orientation&quot;:&quot;0&quot;}\" data-image-title=\"image-13\" data-image-description=\"\" data-image-caption=\"\" data-medium-file=\"https:\/\/i0.wp.com\/blogdalucianaoliveira.com.br\/blog\/wp-content\/uploads\/2020\/05\/image-13.jpeg?fit=300%2C200\" data-large-file=\"https:\/\/i0.wp.com\/blogdalucianaoliveira.com.br\/blog\/wp-content\/uploads\/2020\/05\/image-13.jpeg?fit=600%2C400\" src=\"https:\/\/i0.wp.com\/blogdalucianaoliveira.com.br\/blog\/wp-content\/uploads\/2020\/05\/image-13.jpeg?resize=600%2C400\" alt=\"\" class=\"wp-image-27930\" srcset=\"https:\/\/i0.wp.com\/blogdalucianaoliveira.com.br\/blog\/wp-content\/uploads\/2020\/05\/image-13.jpeg?w=768 768w, https:\/\/i0.wp.com\/blogdalucianaoliveira.com.br\/blog\/wp-content\/uploads\/2020\/05\/image-13.jpeg?resize=300%2C200 300w, https:\/\/i0.wp.com\/blogdalucianaoliveira.com.br\/blog\/wp-content\/uploads\/2020\/05\/image-13.jpeg?resize=450%2C300 450w\" sizes=\"auto, (max-width: 600px) 100vw, 600px\" \/><\/figure>\n\n\n\n<p>Carlos Henrique virou superintendente do Rio por&nbsp;<a href=\"https:\/\/www1.folha.uol.com.br\/colunas\/painel\/2020\/04\/psb-solicita-a-presidencia-documentos-de-demissao-de-mauricio-valeixo-via-lei-de-acesso.shtml\">decis\u00e3o de Maur\u00edcio Valeixo<\/a>, ex-diretor-geral, ap\u00f3s a primeira crise entre a PF e Bolsonaro.<\/p>\n\n\n\n<p>Em agosto do ano passado, o presidente atropelou a Pol\u00edcia Federal anunciando a troca de comando estadual que ainda estava sendo discutida internamente.<\/p>\n\n\n\n<p>Depois, Bolsonaro deu entrevistas rejeitando o nome escolhido pela dire\u00e7\u00e3o do \u00f3rg\u00e3o, o de Carlos Henrique Oliveira, que era superintendente de Pernambuco.<\/p>\n\n\n\n<p>Isso porque, segundo Bolsonaro, estava pr\u00e9-conversado (n\u00e3o disse com quem) o nome de Alexandre Saraiva, hoje superintendente no Amazonas.<\/p>\n\n\n\n<p>O fato de o presidente ter, no m\u00ednimo, sugerido um nome provocou rea\u00e7\u00e3o imediata na c\u00fapula da PF, inclusive com amea\u00e7as para deixar os cargos.<\/p>\n\n\n\n<p>Um despacho de um delegado em um caso que envolvia supostamente um aliado de Bolsonaro, o deputado federal H\u00e9lio Neg\u00e3o (PSL-RJ), foi&nbsp;<a href=\"https:\/\/www1.folha.uol.com.br\/poder\/2019\/09\/despacho-de-delegado-com-nome-de-aliado-de-bolsonaro-e-pivo-de-crise-na-pf.shtml\">um dos ingredientes da crise<\/a>.<\/p>\n","protected":false},"excerpt":{"rendered":"<p>Na FSP &#8211; O novo diretor-geral da Pol\u00edcia Federal,\u00a0Rolando Souza, decidiu trocar a chefia da superintend\u00eancia do Rio de Janeiro,\u00a0foco de interesse da fam\u00edlia de Jair Bolsonaro.<\/p>\n","protected":false},"author":1,"featured_media":0,"comment_status":"closed","ping_status":"open","sticky":false,"template":"","format":"standard","meta":{"_exactmetrics_skip_tracking":false,"_exactmetrics_sitenote_active":false,"_exactmetrics_sitenote_note":"","_exactmetrics_sitenote_category":0,"jetpack_post_was_ever_published":false,"_jetpack_newsletter_access":"","_jetpack_dont_email_post_to_subs":false,"_jetpack_newsletter_tier_id":0,"_jetpack_memberships_contains_paywalled_content":false,"_jetpack_memberships_contains_paid_content":false,"footnotes":"","jetpack_publicize_message":"","jetpack_publicize_feature_enabled":true,"jetpack_social_post_already_shared":true,"jetpack_social_options":{"image_generator_settings":{"template":"highway","enabled":false},"version":2}},"categories":[1],"tags":[],"class_list":["post-27929","post","type-post","status-publish","format-standard","hentry","category-notas"],"jetpack_publicize_connections":[],"jetpack_sharing_enabled":true,"jetpack_featured_media_url":"","jetpack_shortlink":"https:\/\/wp.me\/p7wKYW-7gt","jetpack-related-posts":[],"_links":{"self":[{"href":"http:\/\/blogdalucianaoliveira.com.br\/blog\/wp-json\/wp\/v2\/posts\/27929","targetHints":{"allow":["GET"]}}],"collection":[{"href":"http:\/\/blogdalucianaoliveira.com.br\/blog\/wp-json\/wp\/v2\/posts"}],"about":[{"href":"http:\/\/blogdalucianaoliveira.com.br\/blog\/wp-json\/wp\/v2\/types\/post"}],"author":[{"embeddable":true,"href":"http:\/\/blogdalucianaoliveira.com.br\/blog\/wp-json\/wp\/v2\/users\/1"}],"replies":[{"embeddable":true,"href":"http:\/\/blogdalucianaoliveira.com.br\/blog\/wp-json\/wp\/v2\/comments?post=27929"}],"version-history":[{"count":1,"href":"http:\/\/blogdalucianaoliveira.com.br\/blog\/wp-json\/wp\/v2\/posts\/27929\/revisions"}],"predecessor-version":[{"id":27933,"href":"http:\/\/blogdalucianaoliveira.com.br\/blog\/wp-json\/wp\/v2\/posts\/27929\/revisions\/27933"}],"wp:attachment":[{"href":"http:\/\/blogdalucianaoliveira.com.br\/blog\/wp-json\/wp\/v2\/media?parent=27929"}],"wp:term":[{"taxonomy":"category","embeddable":true,"href":"http:\/\/blogdalucianaoliveira.com.br\/blog\/wp-json\/wp\/v2\/categories?post=27929"},{"taxonomy":"post_tag","embeddable":true,"href":"http:\/\/blogdalucianaoliveira.com.br\/blog\/wp-json\/wp\/v2\/tags?post=27929"}],"curies":[{"name":"wp","href":"https:\/\/api.w.org\/{rel}","templated":true}]}}