{"id":27934,"date":"2020-05-04T19:45:01","date_gmt":"2020-05-04T23:45:01","guid":{"rendered":"http:\/\/blogdalucianaoliveira.com.br\/blog\/?p=27934"},"modified":"2020-05-04T19:45:10","modified_gmt":"2020-05-04T23:45:10","slug":"quero-o-rio-disse-bolsonaro-em-mensagem-a-moro","status":"publish","type":"post","link":"http:\/\/blogdalucianaoliveira.com.br\/blog\/2020\/05\/04\/quero-o-rio-disse-bolsonaro-em-mensagem-a-moro\/","title":{"rendered":"\u201cQuero o Rio\u201d, disse Bolsonaro em mensagem a Moro"},"content":{"rendered":"\n<figure class=\"wp-block-image size-large\"><img data-recalc-dims=\"1\" loading=\"lazy\" decoding=\"async\" width=\"600\" height=\"374\" data-attachment-id=\"27935\" data-permalink=\"http:\/\/blogdalucianaoliveira.com.br\/blog\/2020\/05\/04\/quero-o-rio-disse-bolsonaro-em-mensagem-a-moro\/image-16-7\/\" data-orig-file=\"https:\/\/i0.wp.com\/blogdalucianaoliveira.com.br\/blog\/wp-content\/uploads\/2020\/05\/image-16.jpeg?fit=610%2C380\" data-orig-size=\"610,380\" data-comments-opened=\"0\" data-image-meta=\"{&quot;aperture&quot;:&quot;0&quot;,&quot;credit&quot;:&quot;&quot;,&quot;camera&quot;:&quot;&quot;,&quot;caption&quot;:&quot;&quot;,&quot;created_timestamp&quot;:&quot;0&quot;,&quot;copyright&quot;:&quot;&quot;,&quot;focal_length&quot;:&quot;0&quot;,&quot;iso&quot;:&quot;0&quot;,&quot;shutter_speed&quot;:&quot;0&quot;,&quot;title&quot;:&quot;&quot;,&quot;orientation&quot;:&quot;0&quot;}\" data-image-title=\"image-16\" data-image-description=\"\" data-image-caption=\"\" data-medium-file=\"https:\/\/i0.wp.com\/blogdalucianaoliveira.com.br\/blog\/wp-content\/uploads\/2020\/05\/image-16.jpeg?fit=300%2C187\" data-large-file=\"https:\/\/i0.wp.com\/blogdalucianaoliveira.com.br\/blog\/wp-content\/uploads\/2020\/05\/image-16.jpeg?fit=600%2C374\" src=\"https:\/\/i0.wp.com\/blogdalucianaoliveira.com.br\/blog\/wp-content\/uploads\/2020\/05\/image-16.jpeg?resize=600%2C374\" alt=\"\" class=\"wp-image-27935\" srcset=\"https:\/\/i0.wp.com\/blogdalucianaoliveira.com.br\/blog\/wp-content\/uploads\/2020\/05\/image-16.jpeg?w=610 610w, https:\/\/i0.wp.com\/blogdalucianaoliveira.com.br\/blog\/wp-content\/uploads\/2020\/05\/image-16.jpeg?resize=300%2C187 300w, https:\/\/i0.wp.com\/blogdalucianaoliveira.com.br\/blog\/wp-content\/uploads\/2020\/05\/image-16.jpeg?resize=482%2C300 482w\" sizes=\"auto, (max-width: 600px) 100vw, 600px\" \/><\/figure>\n\n\n\n<p><strong>247&nbsp;<\/strong>&#8211; Em uma das mensagens entregues pelo ex-ministro da Justi\u00e7a Sergio Moro \u00e0 Pol\u00edcia Federal&nbsp;<a href=\"https:\/\/www.brasil247.com\/regionais\/sul\/moro-detalha-a-pf-acusacoes-contra-bolsonaro-em-depoimento-de-8-horas\">durante seu depoimento neste fim de semana em Curitiba<\/a>, Jair Bolsonaro foi enf\u00e1tico: \u201cquero o Rio\u201d.<\/p>\n\n\n\n<!--more-->\n\n\n\n<p>O presidente fazia refer\u00eancia ao comando da PF no estado do Rio de Janeiro, onde correm investiga\u00e7\u00f5es que envolvem sua fam\u00edlia.\u00a0<br><\/p>\n\n\n\n<p><a href=\"https:\/\/www.brasil247.com\/regionais\/sudeste\/novo-diretor-geral-da-pf-troca-chefia-no-rj-pela-familia-bolsonaro\">Nesta segunda-feira 4, o novo diretor-geral da PF, Rolando Souza, trocou o comando<\/a>. Carlos Henrique Oliveira, atual comandante do estado, foi convidado para ser o diretor-executivo, n\u00famero dois na hierarquia do \u00f3rg\u00e3o, informa a&nbsp;<a href=\"https:\/\/www1.folha.uol.com.br\/colunas\/painel\/2020\/05\/novo-diretor-geral-decide-trocar-chefe-da-policia-federal-do-rio-foco-de-interesse-da-familia-bolsonaro.shtml?utm_source=twitter&amp;utm_medium=social-media&amp;utm_content=geral&amp;utm_campaign=noticias\">coluna Painel, da Folha de S.Paulo<\/a>.<\/p>\n\n\n\n<p>Durante seu depoimento, Sergio Moro falou v\u00e1rias vezes sobre o interesse de Bolsonaro em trocar o superintendente da PF no Rio de Janeiro.<\/p>\n","protected":false},"excerpt":{"rendered":"<p>247&nbsp;&#8211; Em uma das mensagens entregues pelo ex-ministro da Justi\u00e7a Sergio Moro \u00e0 Pol\u00edcia Federal&nbsp;durante seu depoimento neste fim de semana em Curitiba, Jair Bolsonaro foi enf\u00e1tico: \u201cquero o Rio\u201d.<\/p>\n","protected":false},"author":1,"featured_media":0,"comment_status":"closed","ping_status":"open","sticky":false,"template":"","format":"standard","meta":{"_exactmetrics_skip_tracking":false,"_exactmetrics_sitenote_active":false,"_exactmetrics_sitenote_note":"","_exactmetrics_sitenote_category":0,"jetpack_post_was_ever_published":false,"_jetpack_newsletter_access":"","_jetpack_dont_email_post_to_subs":false,"_jetpack_newsletter_tier_id":0,"_jetpack_memberships_contains_paywalled_content":false,"_jetpack_memberships_contains_paid_content":false,"footnotes":"","jetpack_publicize_message":"","jetpack_publicize_feature_enabled":true,"jetpack_social_post_already_shared":true,"jetpack_social_options":{"image_generator_settings":{"template":"highway","enabled":false},"version":2}},"categories":[1],"tags":[],"class_list":["post-27934","post","type-post","status-publish","format-standard","hentry","category-notas"],"jetpack_publicize_connections":[],"jetpack_sharing_enabled":true,"jetpack_featured_media_url":"","jetpack_shortlink":"https:\/\/wp.me\/p7wKYW-7gy","jetpack-related-posts":[],"_links":{"self":[{"href":"http:\/\/blogdalucianaoliveira.com.br\/blog\/wp-json\/wp\/v2\/posts\/27934","targetHints":{"allow":["GET"]}}],"collection":[{"href":"http:\/\/blogdalucianaoliveira.com.br\/blog\/wp-json\/wp\/v2\/posts"}],"about":[{"href":"http:\/\/blogdalucianaoliveira.com.br\/blog\/wp-json\/wp\/v2\/types\/post"}],"author":[{"embeddable":true,"href":"http:\/\/blogdalucianaoliveira.com.br\/blog\/wp-json\/wp\/v2\/users\/1"}],"replies":[{"embeddable":true,"href":"http:\/\/blogdalucianaoliveira.com.br\/blog\/wp-json\/wp\/v2\/comments?post=27934"}],"version-history":[{"count":1,"href":"http:\/\/blogdalucianaoliveira.com.br\/blog\/wp-json\/wp\/v2\/posts\/27934\/revisions"}],"predecessor-version":[{"id":27936,"href":"http:\/\/blogdalucianaoliveira.com.br\/blog\/wp-json\/wp\/v2\/posts\/27934\/revisions\/27936"}],"wp:attachment":[{"href":"http:\/\/blogdalucianaoliveira.com.br\/blog\/wp-json\/wp\/v2\/media?parent=27934"}],"wp:term":[{"taxonomy":"category","embeddable":true,"href":"http:\/\/blogdalucianaoliveira.com.br\/blog\/wp-json\/wp\/v2\/categories?post=27934"},{"taxonomy":"post_tag","embeddable":true,"href":"http:\/\/blogdalucianaoliveira.com.br\/blog\/wp-json\/wp\/v2\/tags?post=27934"}],"curies":[{"name":"wp","href":"https:\/\/api.w.org\/{rel}","templated":true}]}}