{"id":2798,"date":"2016-08-01T15:39:53","date_gmt":"2016-08-01T19:39:53","guid":{"rendered":"http:\/\/blogdalucianaoliveira.com.br\/blog\/?p=2798"},"modified":"2016-08-01T15:39:53","modified_gmt":"2016-08-01T19:39:53","slug":"teria-aceitado-ser-motorista-ou-limpar-os-cestos-de-papel-diz-primeira-porta-voz-do-vaticano","status":"publish","type":"post","link":"http:\/\/blogdalucianaoliveira.com.br\/blog\/2016\/08\/01\/teria-aceitado-ser-motorista-ou-limpar-os-cestos-de-papel-diz-primeira-porta-voz-do-vaticano\/","title":{"rendered":"&#8220;Teria aceitado ser motorista ou limpar os cestos de papel&#8221;, diz  primeira porta-voz do Vaticano"},"content":{"rendered":"<p><img data-recalc-dims=\"1\" loading=\"lazy\" decoding=\"async\" data-attachment-id=\"2799\" data-permalink=\"http:\/\/blogdalucianaoliveira.com.br\/blog\/2016\/08\/01\/teria-aceitado-ser-motorista-ou-limpar-os-cestos-de-papel-diz-primeira-porta-voz-do-vaticano\/image-639\/\" data-orig-file=\"https:\/\/i0.wp.com\/blogdalucianaoliveira.com.br\/blog\/wp-content\/uploads\/2016\/08\/image-10.jpeg?fit=291%2C430\" data-orig-size=\"291,430\" data-comments-opened=\"0\" data-image-meta=\"{&quot;aperture&quot;:&quot;5.6&quot;,&quot;credit&quot;:&quot;&quot;,&quot;camera&quot;:&quot;NIKON D300&quot;,&quot;caption&quot;:&quot;????????????????????????????????????&quot;,&quot;created_timestamp&quot;:&quot;1205838957&quot;,&quot;copyright&quot;:&quot;&quot;,&quot;focal_length&quot;:&quot;52&quot;,&quot;iso&quot;:&quot;200&quot;,&quot;shutter_speed&quot;:&quot;0.0166666666667&quot;,&quot;title&quot;:&quot;&quot;,&quot;orientation&quot;:&quot;1&quot;}\" data-image-title=\"image\" data-image-description=\"\" data-image-caption=\"&lt;p&gt;????????????????????????????????????&lt;\/p&gt;\n\" data-medium-file=\"https:\/\/i0.wp.com\/blogdalucianaoliveira.com.br\/blog\/wp-content\/uploads\/2016\/08\/image-10.jpeg?fit=203%2C300\" data-large-file=\"https:\/\/i0.wp.com\/blogdalucianaoliveira.com.br\/blog\/wp-content\/uploads\/2016\/08\/image-10.jpeg?fit=291%2C430\" src=\"https:\/\/i0.wp.com\/blogdalucianaoliveira.com.br\/blog\/wp-content\/uploads\/2016\/08\/image-10.jpeg?resize=291%2C430\" alt=\"????????????????????????????????????\" width=\"291\" height=\"430\" class=\"size-full wp-image-2799\" \/\n\nDo OBS \n\nPaloma Ovejero, uma jornalista espanhola de 40 anos, \u00e9 a nova vice-diretora da sala de imprensa do Vaticano. \u00c9 a primeira vez que uma mulher ocupa este cargo, e foi escolhida pelo papa Francisco.<!--more-- srcset=\"https:\/\/i0.wp.com\/blogdalucianaoliveira.com.br\/blog\/wp-content\/uploads\/2016\/08\/image-10.jpeg?w=291 291w, https:\/\/i0.wp.com\/blogdalucianaoliveira.com.br\/blog\/wp-content\/uploads\/2016\/08\/image-10.jpeg?resize=203%2C300 203w\" sizes=\"auto, (max-width: 291px) 100vw, 291px\" \/><\/p>\n<p>Uma mulher ocupa pela primeira vez um alto cargo na comunica\u00e7\u00e3o do Vaticano. Paloma Garc\u00eda Ovejero foi escolhida para vice-diretora da sala de imprensa do Vaticano, onde trabalhou nos \u00faltimos quatro anos como correspondente da r\u00e1dio espanhola COPE.<\/p>\n<p>O at\u00e9 agora diretor da sala de imprensa, Frederico Lombardi, um sacerdote que foi respons\u00e1vel pela sala de imprensa da Santa S\u00e9 durante os \u00faltimos dez anos, completa 74 anos no pr\u00f3ximo m\u00eas de agosto, e vai ser substitu\u00eddo por Greg Burke, um norte-americano que trabalhou na Fox News e j\u00e1 fazia parte da estrutura de comunica\u00e7\u00e3o do Vaticano. Greg Burke vai, portanto, ser o superior hier\u00e1rquico de Paloma Ovejero, que ser\u00e1, ent\u00e3o, vice-diretora.<\/p>\n<p>Paloma Ovejero, numa entrevista ao jornal El Espa\u00f1ol, explica que quer \u201cser uma ponte entre um lado e outro\u201d, entre o Papa e os jornalistas. \u201cTenho ideias, propostas\u201d, admite Paloma, mas reconhece que se vai integrar num \u201cprocesso de mudan\u00e7a\u201d.<\/p>\n<p>Teria aceitado ser motorista ou limpar os cestos do papel da sala de imprensa\u201d.<\/p>\n<p>\u201cChamaram-me da Secretaria de Estado do Vaticano na sexta-feira [dia 8 de julho]. Fui reunir-me com o cardeal Becciu \u2014 n\u00famero dois do organismo \u2013, que me disse que tinha de me fazer um pedido da parte do Papa\u201d, lembra Paloma.<\/p>\n<p>Sem pensar duas vezes, a jornalista disse: \u201cSe \u00e9 o Papa que me pede, n\u00e3o tenho nada a pensar. Teria aceitado ser motorista ou limpar os cestos do papel da sala de imprensa\u201d.<\/p>\n<p>Mas n\u00e3o era o caso. \u201cEle disse-me: \u00abO Papa precisa de que o ajudes e quer que sejas a nova vice-diretora da sala de imprensa\u00bb. E a\u00ed come\u00e7as a dar-te conta de que disseste sim a algo muito maior do que pensavas\u201d, recorda.<\/p>\n<p><img data-recalc-dims=\"1\" loading=\"lazy\" decoding=\"async\" data-attachment-id=\"2800\" data-permalink=\"http:\/\/blogdalucianaoliveira.com.br\/blog\/2016\/08\/01\/teria-aceitado-ser-motorista-ou-limpar-os-cestos-de-papel-diz-primeira-porta-voz-do-vaticano\/image-640\/\" data-orig-file=\"https:\/\/i0.wp.com\/blogdalucianaoliveira.com.br\/blog\/wp-content\/uploads\/2016\/08\/image-11.jpeg?fit=400%2C225\" data-orig-size=\"400,225\" data-comments-opened=\"0\" data-image-meta=\"{&quot;aperture&quot;:&quot;0&quot;,&quot;credit&quot;:&quot;&quot;,&quot;camera&quot;:&quot;&quot;,&quot;caption&quot;:&quot;&quot;,&quot;created_timestamp&quot;:&quot;0&quot;,&quot;copyright&quot;:&quot;&quot;,&quot;focal_length&quot;:&quot;0&quot;,&quot;iso&quot;:&quot;0&quot;,&quot;shutter_speed&quot;:&quot;0&quot;,&quot;title&quot;:&quot;&quot;,&quot;orientation&quot;:&quot;0&quot;}\" data-image-title=\"image\" data-image-description=\"\" data-image-caption=\"\" data-medium-file=\"https:\/\/i0.wp.com\/blogdalucianaoliveira.com.br\/blog\/wp-content\/uploads\/2016\/08\/image-11.jpeg?fit=300%2C169\" data-large-file=\"https:\/\/i0.wp.com\/blogdalucianaoliveira.com.br\/blog\/wp-content\/uploads\/2016\/08\/image-11.jpeg?fit=400%2C225\" src=\"https:\/\/i0.wp.com\/blogdalucianaoliveira.com.br\/blog\/wp-content\/uploads\/2016\/08\/image-11.jpeg?resize=400%2C225\" alt=\"image\" width=\"400\" height=\"225\" class=\"alignnone size-full wp-image-2800\" srcset=\"https:\/\/i0.wp.com\/blogdalucianaoliveira.com.br\/blog\/wp-content\/uploads\/2016\/08\/image-11.jpeg?w=400 400w, https:\/\/i0.wp.com\/blogdalucianaoliveira.com.br\/blog\/wp-content\/uploads\/2016\/08\/image-11.jpeg?resize=300%2C169 300w\" sizes=\"auto, (max-width: 400px) 100vw, 400px\" \/><\/p>\n<p>Para o Papa, \u00e9 \u201cclar\u00edssimo que a comunica\u00e7\u00e3o \u00e9 parte essencial do pontificado\u201d, afirma Paloma Ovejero, que teve logo um encontro privado com Francisco e o porta-voz Greg Burke. A miss\u00e3o da sala de imprensa do Vaticano \u00e9, para a jornalista, garantir que \u201ca mensagem do Papa seja lida e escutada exatamente da forma que ele a quis transmitir\u201d.<\/p>\n<p>Qual a diferen\u00e7a entre propaganda e informa\u00e7\u00e3o, pergunta-lhe o jornal espanhol. \u201cBoa pergunta para daqui a seis meses. Estou nos primeiros dias e ainda estou a come\u00e7ar a perceber como \u00e9 este mundo\u201d.<\/p>\n","protected":false},"excerpt":{"rendered":"","protected":false},"author":1,"featured_media":0,"comment_status":"closed","ping_status":"open","sticky":false,"template":"","format":"standard","meta":{"_exactmetrics_skip_tracking":false,"_exactmetrics_sitenote_active":false,"_exactmetrics_sitenote_note":"","_exactmetrics_sitenote_category":0,"jetpack_post_was_ever_published":false,"_jetpack_newsletter_access":"","_jetpack_dont_email_post_to_subs":false,"_jetpack_newsletter_tier_id":0,"_jetpack_memberships_contains_paywalled_content":false,"_jetpack_memberships_contains_paid_content":false,"footnotes":"","jetpack_publicize_message":"","jetpack_publicize_feature_enabled":true,"jetpack_social_post_already_shared":true,"jetpack_social_options":{"image_generator_settings":{"template":"highway","enabled":false},"version":2}},"categories":[1],"tags":[],"class_list":["post-2798","post","type-post","status-publish","format-standard","hentry","category-notas"],"jetpack_publicize_connections":[],"jetpack_sharing_enabled":true,"jetpack_featured_media_url":"","jetpack_shortlink":"https:\/\/wp.me\/p7wKYW-J8","jetpack-related-posts":[],"_links":{"self":[{"href":"http:\/\/blogdalucianaoliveira.com.br\/blog\/wp-json\/wp\/v2\/posts\/2798","targetHints":{"allow":["GET"]}}],"collection":[{"href":"http:\/\/blogdalucianaoliveira.com.br\/blog\/wp-json\/wp\/v2\/posts"}],"about":[{"href":"http:\/\/blogdalucianaoliveira.com.br\/blog\/wp-json\/wp\/v2\/types\/post"}],"author":[{"embeddable":true,"href":"http:\/\/blogdalucianaoliveira.com.br\/blog\/wp-json\/wp\/v2\/users\/1"}],"replies":[{"embeddable":true,"href":"http:\/\/blogdalucianaoliveira.com.br\/blog\/wp-json\/wp\/v2\/comments?post=2798"}],"version-history":[{"count":2,"href":"http:\/\/blogdalucianaoliveira.com.br\/blog\/wp-json\/wp\/v2\/posts\/2798\/revisions"}],"predecessor-version":[{"id":2802,"href":"http:\/\/blogdalucianaoliveira.com.br\/blog\/wp-json\/wp\/v2\/posts\/2798\/revisions\/2802"}],"wp:attachment":[{"href":"http:\/\/blogdalucianaoliveira.com.br\/blog\/wp-json\/wp\/v2\/media?parent=2798"}],"wp:term":[{"taxonomy":"category","embeddable":true,"href":"http:\/\/blogdalucianaoliveira.com.br\/blog\/wp-json\/wp\/v2\/categories?post=2798"},{"taxonomy":"post_tag","embeddable":true,"href":"http:\/\/blogdalucianaoliveira.com.br\/blog\/wp-json\/wp\/v2\/tags?post=2798"}],"curies":[{"name":"wp","href":"https:\/\/api.w.org\/{rel}","templated":true}]}}