{"id":2803,"date":"2016-08-02T10:54:01","date_gmt":"2016-08-02T14:54:01","guid":{"rendered":"http:\/\/blogdalucianaoliveira.com.br\/blog\/?p=2803"},"modified":"2016-08-02T11:05:46","modified_gmt":"2016-08-02T15:05:46","slug":"tudo-pronto-pra-festa-de-abertura-das-olimpiadas-temer-enfim-tera-destaque-como-enfeite","status":"publish","type":"post","link":"http:\/\/blogdalucianaoliveira.com.br\/blog\/2016\/08\/02\/tudo-pronto-pra-festa-de-abertura-das-olimpiadas-temer-enfim-tera-destaque-como-enfeite\/","title":{"rendered":"Tudo pronto pra festa de abertura das Olimp\u00edadas. Temer, enfim, ter\u00e1 destaque como enfeite"},"content":{"rendered":"<p><img data-recalc-dims=\"1\" loading=\"lazy\" decoding=\"async\" data-attachment-id=\"2804\" data-permalink=\"http:\/\/blogdalucianaoliveira.com.br\/blog\/2016\/08\/02\/tudo-pronto-pra-festa-de-abertura-das-olimpiadas-temer-enfim-tera-destaque-como-enfeite\/img_2131\/\" data-orig-file=\"https:\/\/i0.wp.com\/blogdalucianaoliveira.com.br\/blog\/wp-content\/uploads\/2016\/08\/IMG_2131.jpg?fit=532%2C423\" data-orig-size=\"532,423\" data-comments-opened=\"0\" data-image-meta=\"{&quot;aperture&quot;:&quot;0&quot;,&quot;credit&quot;:&quot;&quot;,&quot;camera&quot;:&quot;&quot;,&quot;caption&quot;:&quot;&quot;,&quot;created_timestamp&quot;:&quot;0&quot;,&quot;copyright&quot;:&quot;&quot;,&quot;focal_length&quot;:&quot;0&quot;,&quot;iso&quot;:&quot;0&quot;,&quot;shutter_speed&quot;:&quot;0&quot;,&quot;title&quot;:&quot;&quot;,&quot;orientation&quot;:&quot;1&quot;}\" data-image-title=\"IMG_2131\" data-image-description=\"\" data-image-caption=\"\" data-medium-file=\"https:\/\/i0.wp.com\/blogdalucianaoliveira.com.br\/blog\/wp-content\/uploads\/2016\/08\/IMG_2131.jpg?fit=300%2C239\" data-large-file=\"https:\/\/i0.wp.com\/blogdalucianaoliveira.com.br\/blog\/wp-content\/uploads\/2016\/08\/IMG_2131.jpg?fit=532%2C423\" src=\"https:\/\/i0.wp.com\/blogdalucianaoliveira.com.br\/blog\/wp-content\/uploads\/2016\/08\/IMG_2131.jpg?resize=532%2C423\" alt=\"IMG_2131\" width=\"532\" height=\"423\" class=\"alignnone size-full wp-image-2804\" srcset=\"https:\/\/i0.wp.com\/blogdalucianaoliveira.com.br\/blog\/wp-content\/uploads\/2016\/08\/IMG_2131.jpg?w=532 532w, https:\/\/i0.wp.com\/blogdalucianaoliveira.com.br\/blog\/wp-content\/uploads\/2016\/08\/IMG_2131.jpg?resize=300%2C239 300w, https:\/\/i0.wp.com\/blogdalucianaoliveira.com.br\/blog\/wp-content\/uploads\/2016\/08\/IMG_2131.jpg?resize=377%2C300 377w\" sizes=\"auto, (max-width: 532px) 100vw, 532px\" \/><\/p>\n<p>Em bolo que s\u00f3 tem uma cereja, s\u00f3 se olha pra cereja.<br \/>\nPor isso, quando algu\u00e9m faz de tudo pra sair do ostracismo e se gaba ao conseguir, dizemos que \u2018s\u00f3 quer ser a cereja do bolo\u2019.<!--more--><\/p>\n<p>Na abertura dos Jogos Ol\u00edmpicos na pr\u00f3xima sexta-feira, o lugar de destaque na festa, de cereja, \u00e9 do presidente interino, Michel Temer, que teme ficar enrubescido com a previs\u00e3o de uma recep\u00e7\u00e3o acalorada.<\/p>\n<p>E n\u00e3o \u00e9 por nada, Temer contar\u00e1 com muitos convidados importantes.<\/p>\n<p>Do lado de dentro da festa&#8230;<\/p>\n<p>Est\u00e3o confirmadas as presen\u00e7as do presidente da Fran\u00e7a, Fran\u00e7ois Hollande, o presidente da Argentina, Mauricio Macri, o pr\u00edncipe da Dinamarca, Frederik, o Rei da B\u00e9lgica, Phillipe e o vice-presidente da Guin\u00e9 Equatorial, o extravagante Teodoro Obiang Mangue, filho do ditador Teodoro Obiang.<\/p>\n<p>Do lado de fora&#8230;<\/p>\n<p>O coordenador nacional do MTST, Guilherme Boulos avisou que vai e vai levar milhares de convidados n\u00e3o pra aplaudir, mas vaiar o presidente e denunciar o que considera um golpe pol\u00edtico-midi\u00e1tico-judicial. A Frente Brasil Popular tamb\u00e9m vai protestar e, vai com a CUT e outros movimentos sociais e de esquerda.<\/p>\n<p>O Comit\u00ea Ol\u00edmpico Internacional (COI) divulgou o \u00f3bvio, que agir\u00e1 \u201ccom bom senso\u201d diante de protestos pac\u00edficos com cartazes, bandeiras ou outros s\u00edmbolos dentro das arenas ol\u00edmpicas. Nem poderia ser diferente, pois foi com bom senso que o Comit\u00ea Organizador da Copa agiu quando a torcida abastada \u2018sem senso do rid\u00edculo\u2019 vaiou e mandou a presidente afastada Dilma Roussef ir \u2018tomar no cu\u2019, na abertura do mundial.<\/p>\n<p>O que n\u00e3o se pode prever como protestos dentro das arenas ao longo da competi\u00e7\u00e3o \u00e9 que preocupa as autoridades brasileiras, afinal o presidente interino conseguiu o inusitado: ensaio de vaia no ensaio da festa abertura. <\/p>\n<p>A esgrimista Alejandra Benitez, 36 anos, uma das atletas de maior relevo na Venezuela vai disputar sua quarta Olimp\u00edada e j\u00e1 avisou que n\u00e3o vai saudar o interino.<\/p>\n<p>Ex-ministra do Esporte no governo de Nicol\u00e1s Maduro, deputada pelo Partido Socialista Unido da Venezuela, disse \u00e0 imprensa que lamenta ver Temer como a cereja do bolo, \u201cporque pensava que ia passar pelo est\u00e1dio e iria saudar a Dilma, como presidente da rep\u00fablica. Mas agora h\u00e1 um golpista. Eu n\u00e3o vou saud\u00e1-lo, por exemplo, porque \u00e9 um golpista.\u201d<\/p>\n<p>As Olimp\u00edadas do Rio s\u00e3o uma conquista do governo Dilma e portanto, a presidente afastada disse que torce pra que tudo ocorra bem, apesar de avisar que n\u00e3o vai \u00e0 abertura.<\/p>\n<p>Dilma n\u00e3o quer nem colocar a cereja no bolo, nem aparecer em foto de governo golpista.<\/p>\n","protected":false},"excerpt":{"rendered":"<p>Em bolo que s\u00f3 tem uma cereja, s\u00f3 se olha pra cereja. Por isso, quando algu\u00e9m faz de tudo pra sair do ostracismo e se gaba ao conseguir, dizemos que \u2018s\u00f3 quer ser a cereja do bolo\u2019.<\/p>\n","protected":false},"author":1,"featured_media":0,"comment_status":"closed","ping_status":"open","sticky":false,"template":"","format":"standard","meta":{"_exactmetrics_skip_tracking":false,"_exactmetrics_sitenote_active":false,"_exactmetrics_sitenote_note":"","_exactmetrics_sitenote_category":0,"jetpack_post_was_ever_published":false,"_jetpack_newsletter_access":"","_jetpack_dont_email_post_to_subs":false,"_jetpack_newsletter_tier_id":0,"_jetpack_memberships_contains_paywalled_content":false,"_jetpack_memberships_contains_paid_content":false,"footnotes":"","jetpack_publicize_message":"","jetpack_publicize_feature_enabled":true,"jetpack_social_post_already_shared":true,"jetpack_social_options":{"image_generator_settings":{"template":"highway","enabled":false},"version":2}},"categories":[1],"tags":[151,178,45],"class_list":["post-2803","post","type-post","status-publish","format-standard","hentry","category-notas","tag-olimpiadas","tag-protestos","tag-temer"],"jetpack_publicize_connections":[],"jetpack_sharing_enabled":true,"jetpack_featured_media_url":"","jetpack_shortlink":"https:\/\/wp.me\/p7wKYW-Jd","jetpack-related-posts":[],"_links":{"self":[{"href":"http:\/\/blogdalucianaoliveira.com.br\/blog\/wp-json\/wp\/v2\/posts\/2803","targetHints":{"allow":["GET"]}}],"collection":[{"href":"http:\/\/blogdalucianaoliveira.com.br\/blog\/wp-json\/wp\/v2\/posts"}],"about":[{"href":"http:\/\/blogdalucianaoliveira.com.br\/blog\/wp-json\/wp\/v2\/types\/post"}],"author":[{"embeddable":true,"href":"http:\/\/blogdalucianaoliveira.com.br\/blog\/wp-json\/wp\/v2\/users\/1"}],"replies":[{"embeddable":true,"href":"http:\/\/blogdalucianaoliveira.com.br\/blog\/wp-json\/wp\/v2\/comments?post=2803"}],"version-history":[{"count":3,"href":"http:\/\/blogdalucianaoliveira.com.br\/blog\/wp-json\/wp\/v2\/posts\/2803\/revisions"}],"predecessor-version":[{"id":2807,"href":"http:\/\/blogdalucianaoliveira.com.br\/blog\/wp-json\/wp\/v2\/posts\/2803\/revisions\/2807"}],"wp:attachment":[{"href":"http:\/\/blogdalucianaoliveira.com.br\/blog\/wp-json\/wp\/v2\/media?parent=2803"}],"wp:term":[{"taxonomy":"category","embeddable":true,"href":"http:\/\/blogdalucianaoliveira.com.br\/blog\/wp-json\/wp\/v2\/categories?post=2803"},{"taxonomy":"post_tag","embeddable":true,"href":"http:\/\/blogdalucianaoliveira.com.br\/blog\/wp-json\/wp\/v2\/tags?post=2803"}],"curies":[{"name":"wp","href":"https:\/\/api.w.org\/{rel}","templated":true}]}}