{"id":28046,"date":"2020-05-11T16:39:46","date_gmt":"2020-05-11T20:39:46","guid":{"rendered":"http:\/\/blogdalucianaoliveira.com.br\/blog\/?p=28046"},"modified":"2020-05-11T16:39:50","modified_gmt":"2020-05-11T20:39:50","slug":"organizador-de-ato-golpista-contra-stf-que-prometeu-comboio-com-300-caminhoes-pegou-covid-19-e-esta-na-uti","status":"publish","type":"post","link":"http:\/\/blogdalucianaoliveira.com.br\/blog\/2020\/05\/11\/organizador-de-ato-golpista-contra-stf-que-prometeu-comboio-com-300-caminhoes-pegou-covid-19-e-esta-na-uti\/","title":{"rendered":"Organizador de ato golpista contra STF, que prometeu comboio com 300 caminh\u00f5es, pegou Covid-19 e est\u00e1 na UTI"},"content":{"rendered":"\n<figure class=\"wp-block-image size-large\"><img data-recalc-dims=\"1\" loading=\"lazy\" decoding=\"async\" width=\"600\" height=\"374\" data-attachment-id=\"28047\" data-permalink=\"http:\/\/blogdalucianaoliveira.com.br\/blog\/2020\/05\/11\/organizador-de-ato-golpista-contra-stf-que-prometeu-comboio-com-300-caminhoes-pegou-covid-19-e-esta-na-uti\/image-38-6\/\" data-orig-file=\"https:\/\/i0.wp.com\/blogdalucianaoliveira.com.br\/blog\/wp-content\/uploads\/2020\/05\/image-38.jpeg?fit=610%2C380\" data-orig-size=\"610,380\" data-comments-opened=\"0\" data-image-meta=\"{&quot;aperture&quot;:&quot;0&quot;,&quot;credit&quot;:&quot;&quot;,&quot;camera&quot;:&quot;&quot;,&quot;caption&quot;:&quot;&quot;,&quot;created_timestamp&quot;:&quot;0&quot;,&quot;copyright&quot;:&quot;&quot;,&quot;focal_length&quot;:&quot;0&quot;,&quot;iso&quot;:&quot;0&quot;,&quot;shutter_speed&quot;:&quot;0&quot;,&quot;title&quot;:&quot;&quot;,&quot;orientation&quot;:&quot;0&quot;}\" data-image-title=\"image-38\" data-image-description=\"\" data-image-caption=\"\" data-medium-file=\"https:\/\/i0.wp.com\/blogdalucianaoliveira.com.br\/blog\/wp-content\/uploads\/2020\/05\/image-38.jpeg?fit=300%2C187\" data-large-file=\"https:\/\/i0.wp.com\/blogdalucianaoliveira.com.br\/blog\/wp-content\/uploads\/2020\/05\/image-38.jpeg?fit=600%2C374\" src=\"https:\/\/i0.wp.com\/blogdalucianaoliveira.com.br\/blog\/wp-content\/uploads\/2020\/05\/image-38.jpeg?resize=600%2C374\" alt=\"\" class=\"wp-image-28047\" srcset=\"https:\/\/i0.wp.com\/blogdalucianaoliveira.com.br\/blog\/wp-content\/uploads\/2020\/05\/image-38.jpeg?w=610 610w, https:\/\/i0.wp.com\/blogdalucianaoliveira.com.br\/blog\/wp-content\/uploads\/2020\/05\/image-38.jpeg?resize=300%2C187 300w, https:\/\/i0.wp.com\/blogdalucianaoliveira.com.br\/blog\/wp-content\/uploads\/2020\/05\/image-38.jpeg?resize=482%2C300 482w\" sizes=\"auto, (max-width: 600px) 100vw, 600px\" \/><\/figure>\n\n\n\n<p><strong>247 &#8211;\u00a0<\/strong>Permanece\u00a0<strong>acampado na Pra\u00e7a dos Tr\u00eas Poderes<\/strong>\u00a0um pequeno grupo de pessoas que pregam uma \u201cinterven\u00e7\u00e3o militar\u201d incluindo o fechamento do\u00a0<strong>Supremo Tribunal Federal (STF)<\/strong>\u00a0e do\u00a0<strong>Congresso Nacional<\/strong>. <br><\/p>\n\n\n\n<!--more-->\n\n\n\n<p>O\u00a0<strong>Congresso em Foco<\/strong> esteve no local na noite de ontem (s\u00e1bado, 9) e l\u00e1 encontrou dois militantes bolsonaristas que se tornaram famosos nos \u00faltimos dias. Um deles \u00e9 Renan da Silva Sena, que\u00a0<strong>agrediu enfermeiros<\/strong>durante ato no Dia do Trabalho e foi demitido semana passada do Minist\u00e9rio da Mulher, da Fam\u00edlia e dos Direitos Humanos, onde trabalhava como funcion\u00e1rio terceirizado. A\u00a0<a href=\"https:\/\/congressoemfoco.uol.com.br\/judiciario\/acampados-perto-do-stf-defensores-do-golpe-dizem-nao-ter-dat\">reportagem<\/a>\u00a0\u00e9 do portal Congresso em Foco.\u00a0<\/p>\n\n\n\n<p>O outro \u00e9 Paulo Felipe, militar da reserva (ele n\u00e3o informa a patente) e tamb\u00e9m \u00e9 conhecido como \u201cComandante Paulo\u201d. Em\u00a0<strong>v\u00eddeo que viralizou,\u00a0<\/strong>ele afirmou que \u201c300 caminh\u00f5es\u201d se encontravam a caminho de Bras\u00edlia, onde chegariam na sexta-feira (8), para \u2013 de acordo com as palavras dele \u2013 \u201cdarmos cabo dessa patifaria que est\u00e1 estabelecida no nosso pa\u00eds h\u00e1 35 anos por aquela casa maldita ali, Supremo Tribunal Federal, com 11\u00a0<em>gangsters<\/em>\u201d. O comboio, no entanto, n\u00e3o apareceu.Na manh\u00e3 deste domingo (10), Paulo aceitou dar entrevista. Questionado sobre a aus\u00eancia de caminh\u00f5es, respondeu:\u00a0<\/p>\n\n\n\n<p>&#8220;Eu n\u00e3o vou te dar muitas informa\u00e7\u00f5es porque o autor do comboio, o comandante do comboio est\u00e1 debilitado. Ele pegou&nbsp;<strong>covid-19<\/strong>, estava na UTI, estou aguardando ele me dar retorno sobre isso e ele \u00e9 que est\u00e1 no comando dessa opera\u00e7\u00e3o. Eu divulguei pra ele, porque eu divulgo v\u00eddeos quase que diariamente, ele me contactou e pediu para que eu divulgasse, aproveitasse a minha evid\u00eancia nas redes sociais e divulgasse pra ele&#8221;.<\/p>\n\n\n\n<p>Veja o v\u00eddeo em que Paulo amea\u00e7a invadir os principais \u00f3rg\u00e3os do Legislativo e do Judici\u00e1rio do pa\u00eds:<\/p>\n\n\n\n<figure><iframe loading=\"lazy\" src=\"https:\/\/d-5371002863304833994.ampproject.net\/2004252135000\/frame.html\" width=\"300\" height=\"1\"><\/iframe><\/figure>\n\n\n\n<figure><iframe src=\"https:\/\/cdn.iframe.ly\/api\/iframe?url=https%3A%2F%2Fwww.facebook.com%2F100026441190139%2Fvideos%2F556156238609078%2F%3Ft%3D0&amp;key=87ca3314a9fa775b5c3a7726100694b0&amp;app=1#amp=1\"><\/iframe><\/figure>\n\n\n\n<p><\/p>\n","protected":false},"excerpt":{"rendered":"<p>247 &#8211;\u00a0Permanece\u00a0acampado na Pra\u00e7a dos Tr\u00eas Poderes\u00a0um pequeno grupo de pessoas que pregam uma \u201cinterven\u00e7\u00e3o militar\u201d incluindo o fechamento do\u00a0Supremo Tribunal Federal (STF)\u00a0e do\u00a0Congresso Nacional.<\/p>\n","protected":false},"author":1,"featured_media":0,"comment_status":"closed","ping_status":"open","sticky":false,"template":"","format":"standard","meta":{"_exactmetrics_skip_tracking":false,"_exactmetrics_sitenote_active":false,"_exactmetrics_sitenote_note":"","_exactmetrics_sitenote_category":0,"jetpack_post_was_ever_published":false,"_jetpack_newsletter_access":"","_jetpack_dont_email_post_to_subs":false,"_jetpack_newsletter_tier_id":0,"_jetpack_memberships_contains_paywalled_content":false,"_jetpack_memberships_contains_paid_content":false,"footnotes":"","jetpack_publicize_message":"","jetpack_publicize_feature_enabled":true,"jetpack_social_post_already_shared":true,"jetpack_social_options":{"image_generator_settings":{"template":"highway","enabled":false},"version":2}},"categories":[1],"tags":[],"class_list":["post-28046","post","type-post","status-publish","format-standard","hentry","category-notas"],"jetpack_publicize_connections":[],"jetpack_sharing_enabled":true,"jetpack_featured_media_url":"","jetpack_shortlink":"https:\/\/wp.me\/p7wKYW-7im","jetpack-related-posts":[],"_links":{"self":[{"href":"http:\/\/blogdalucianaoliveira.com.br\/blog\/wp-json\/wp\/v2\/posts\/28046","targetHints":{"allow":["GET"]}}],"collection":[{"href":"http:\/\/blogdalucianaoliveira.com.br\/blog\/wp-json\/wp\/v2\/posts"}],"about":[{"href":"http:\/\/blogdalucianaoliveira.com.br\/blog\/wp-json\/wp\/v2\/types\/post"}],"author":[{"embeddable":true,"href":"http:\/\/blogdalucianaoliveira.com.br\/blog\/wp-json\/wp\/v2\/users\/1"}],"replies":[{"embeddable":true,"href":"http:\/\/blogdalucianaoliveira.com.br\/blog\/wp-json\/wp\/v2\/comments?post=28046"}],"version-history":[{"count":2,"href":"http:\/\/blogdalucianaoliveira.com.br\/blog\/wp-json\/wp\/v2\/posts\/28046\/revisions"}],"predecessor-version":[{"id":28049,"href":"http:\/\/blogdalucianaoliveira.com.br\/blog\/wp-json\/wp\/v2\/posts\/28046\/revisions\/28049"}],"wp:attachment":[{"href":"http:\/\/blogdalucianaoliveira.com.br\/blog\/wp-json\/wp\/v2\/media?parent=28046"}],"wp:term":[{"taxonomy":"category","embeddable":true,"href":"http:\/\/blogdalucianaoliveira.com.br\/blog\/wp-json\/wp\/v2\/categories?post=28046"},{"taxonomy":"post_tag","embeddable":true,"href":"http:\/\/blogdalucianaoliveira.com.br\/blog\/wp-json\/wp\/v2\/tags?post=28046"}],"curies":[{"name":"wp","href":"https:\/\/api.w.org\/{rel}","templated":true}]}}