{"id":28050,"date":"2020-05-11T16:42:41","date_gmt":"2020-05-11T20:42:41","guid":{"rendered":"http:\/\/blogdalucianaoliveira.com.br\/blog\/?p=28050"},"modified":"2020-05-11T16:42:49","modified_gmt":"2020-05-11T20:42:49","slug":"valeixo-diz-que-bolsonaro-queria-no-comando-da-pf-alguem-com-quem-tivesse-afinidade","status":"publish","type":"post","link":"http:\/\/blogdalucianaoliveira.com.br\/blog\/2020\/05\/11\/valeixo-diz-que-bolsonaro-queria-no-comando-da-pf-alguem-com-quem-tivesse-afinidade\/","title":{"rendered":"Valeixo diz que Bolsonaro queria no comando da PF algu\u00e9m com quem tivesse &#8216;afinidade&#8217;"},"content":{"rendered":"\n<figure class=\"wp-block-image size-large\"><img data-recalc-dims=\"1\" loading=\"lazy\" decoding=\"async\" width=\"537\" height=\"356\" data-attachment-id=\"28051\" data-permalink=\"http:\/\/blogdalucianaoliveira.com.br\/blog\/2020\/05\/11\/valeixo-diz-que-bolsonaro-queria-no-comando-da-pf-alguem-com-quem-tivesse-afinidade\/image-39-6\/\" data-orig-file=\"https:\/\/i0.wp.com\/blogdalucianaoliveira.com.br\/blog\/wp-content\/uploads\/2020\/05\/image-39.jpeg?fit=537%2C356\" data-orig-size=\"537,356\" data-comments-opened=\"0\" data-image-meta=\"{&quot;aperture&quot;:&quot;0&quot;,&quot;credit&quot;:&quot;&quot;,&quot;camera&quot;:&quot;&quot;,&quot;caption&quot;:&quot;&quot;,&quot;created_timestamp&quot;:&quot;0&quot;,&quot;copyright&quot;:&quot;&quot;,&quot;focal_length&quot;:&quot;0&quot;,&quot;iso&quot;:&quot;0&quot;,&quot;shutter_speed&quot;:&quot;0&quot;,&quot;title&quot;:&quot;&quot;,&quot;orientation&quot;:&quot;0&quot;}\" data-image-title=\"image-39\" data-image-description=\"\" data-image-caption=\"\" data-medium-file=\"https:\/\/i0.wp.com\/blogdalucianaoliveira.com.br\/blog\/wp-content\/uploads\/2020\/05\/image-39.jpeg?fit=300%2C199\" data-large-file=\"https:\/\/i0.wp.com\/blogdalucianaoliveira.com.br\/blog\/wp-content\/uploads\/2020\/05\/image-39.jpeg?fit=537%2C356\" src=\"https:\/\/i0.wp.com\/blogdalucianaoliveira.com.br\/blog\/wp-content\/uploads\/2020\/05\/image-39.jpeg?resize=537%2C356\" alt=\"\" class=\"wp-image-28051\" srcset=\"https:\/\/i0.wp.com\/blogdalucianaoliveira.com.br\/blog\/wp-content\/uploads\/2020\/05\/image-39.jpeg?w=537 537w, https:\/\/i0.wp.com\/blogdalucianaoliveira.com.br\/blog\/wp-content\/uploads\/2020\/05\/image-39.jpeg?resize=300%2C199 300w, https:\/\/i0.wp.com\/blogdalucianaoliveira.com.br\/blog\/wp-content\/uploads\/2020\/05\/image-39.jpeg?resize=453%2C300 453w\" sizes=\"auto, (max-width: 537px) 100vw, 537px\" \/><\/figure>\n\n\n\n<p>G1 &#8211; Segundo apura\u00e7\u00e3o da TV Globo, o ex-diretor-geral da Pol\u00edcia Federal Maur\u00edcio Valeixo afirmou em seu depoimento nesta segunda-feira (11) que o presidente\u00a0<a href=\"https:\/\/g1.globo.com\/politica\/politico\/jair-bolsonaro\/\">Jair Bolosonaro<\/a>disse a ele que queria ter, no comando da Pol\u00edcia Federal, algu\u00e9m com quem tivesse &#8220;mais afinidade&#8221;.\u00a0<\/p>\n\n\n\n<!--more-->\n\n\n\n<p>Valeixo \u00e9 ouvido pelos investigadores que atuam no inqu\u00e9rito que apura suposta interfer\u00eancia pol\u00edtica de Bolsonaro na PF.&nbsp;<\/p>\n\n\n\n<p>O depoimento de Valeixo foi motivado pelo&nbsp;<a href=\"https:\/\/g1.globo.com\/politica\/noticia\/2020\/04\/27\/celso-de-mello-autoriza-inquerito-no-stf-sobre-discurso-de-moro-com-acusacoes-a-bolsonaro.ghtml\">inqu\u00e9rito aberto pelo ministro Celso de Mello<\/a>, do Supremo Tribunal Federal (STF),&nbsp;<a href=\"https:\/\/g1.globo.com\/politica\/noticia\/2020\/04\/24\/chefe-da-pgr-aras-pede-inquerito-ao-stf-para-investigar-declaracoes-de-sergio-moro.ghtml\">a pedido da Procuradoria Geral da Rep\u00fablica<\/a>.&nbsp;<\/p>\n\n\n\n<p>Essa suposta interfer\u00eancia do presidente na PF foi a raz\u00e3o apontada pelo ex-ministro da Justi\u00e7a&nbsp;<a href=\"https:\/\/g1.globo.com\/tudo-sobre\/sergio-moro\/\">Sergio Moro<\/a>&nbsp;no&nbsp;<a href=\"https:\/\/g1.globo.com\/politica\/noticia\/2020\/04\/24\/sergio-moro-ministerio-da-justica-governo-bolsonaro-frases.ghtml\">pronunciamento em que anunciou sua o governo<\/a>, em 24 de abril.&nbsp;<\/p>\n\n\n\n<p>Moro, que deixou a pasta&nbsp;<a href=\"https:\/\/g1.globo.com\/politica\/noticia\/2020\/04\/24\/bolsonaro-exonera-diretor-geral-da-pf.ghtml\">ap\u00f3s Bolsonaro exonerar Valeiro<\/a>, alegou que n\u00e3o via motivo razo\u00e1vel para a troca no comando da PF e que foi pressionado por Bolsonaro a fazer mudan\u00e7as na c\u00fapula da corpora\u00e7\u00e3o.&nbsp;<\/p>\n\n\n\n<p>O inqu\u00e9rito apura se as acusa\u00e7\u00f5es de Moro s\u00e3o verdadeiras. Se n\u00e3o forem, o ex-ministro poder\u00e1 responder na Justi\u00e7a por denuncia\u00e7\u00e3o caluniosa e crimes contra a honra.&nbsp;<\/p>\n\n\n\n<p>Valeixo tamb\u00e9m foi citado por Moro em&nbsp;<a href=\"https:\/\/g1.globo.com\/pr\/parana\/noticia\/2020\/05\/02\/ex-ministro-sergio-moro-presta-depoimento-de-mais-de-8-horas-na-pf-em-curitiba.ghtml\">depoimento \u00e0 PF no dia 2 de maio<\/a>.&nbsp;<\/p>\n\n\n\n<p>No lugar de Valeixo, e contrariando o ent\u00e3o ministro Moro, Bolsonaro indicou para o comando da PF Alexandre Ramagem, amigo da fam\u00edlia Bolsonaro. A nomea\u00e7\u00e3o de Ramagem, entretanto,&nbsp;<a href=\"https:\/\/g1.globo.com\/politica\/noticia\/2020\/04\/29\/apos-decisao-de-moraes-bolsonaro-torna-sem-efeito-nomeacao-de-ramagem-para-direcao-da-pf.ghtml\">foi barrada pelo ministro Alexandre de Moraes<\/a>, do STF.&nbsp;<\/p>\n\n\n\n<p>Tamb\u00e9m nesta segunda,&nbsp;<a href=\"https:\/\/g1.globo.com\/politica\/noticia\/2020\/05\/11\/delegados-depoem-em-inquerito-sobre-suposta-interferencia-de-bolsonaro-na-policia-federal.ghtml\">Ramagem foi \u00e0 sede da corpora\u00e7\u00e3o em Bras\u00edlia para prestar depoimento<\/a>.&nbsp;<\/p>\n\n\n\n<p>Para esta ter\u00e7a-feira (12), est\u00e3o previstos os depoimentos dos ministros Augusto Heleno (Seguran\u00e7a Institucional), Braga Netto (Casa Civil) e Luiz Eduardo Ramos (Secretaria de Governo).<\/p>\n","protected":false},"excerpt":{"rendered":"<p>G1 &#8211; Segundo apura\u00e7\u00e3o da TV Globo, o ex-diretor-geral da Pol\u00edcia Federal Maur\u00edcio Valeixo afirmou em seu depoimento nesta segunda-feira (11) que o presidente\u00a0Jair Bolosonarodisse a ele que queria ter, no comando da Pol\u00edcia Federal, algu\u00e9m com quem tivesse &#8220;mais afinidade&#8221;.\u00a0<\/p>\n","protected":false},"author":1,"featured_media":0,"comment_status":"closed","ping_status":"open","sticky":false,"template":"","format":"standard","meta":{"_exactmetrics_skip_tracking":false,"_exactmetrics_sitenote_active":false,"_exactmetrics_sitenote_note":"","_exactmetrics_sitenote_category":0,"jetpack_post_was_ever_published":false,"_jetpack_newsletter_access":"","_jetpack_dont_email_post_to_subs":false,"_jetpack_newsletter_tier_id":0,"_jetpack_memberships_contains_paywalled_content":false,"_jetpack_memberships_contains_paid_content":false,"footnotes":"","jetpack_publicize_message":"","jetpack_publicize_feature_enabled":true,"jetpack_social_post_already_shared":true,"jetpack_social_options":{"image_generator_settings":{"template":"highway","enabled":false},"version":2}},"categories":[1],"tags":[],"class_list":["post-28050","post","type-post","status-publish","format-standard","hentry","category-notas"],"jetpack_publicize_connections":[],"jetpack_sharing_enabled":true,"jetpack_featured_media_url":"","jetpack_shortlink":"https:\/\/wp.me\/p7wKYW-7iq","jetpack-related-posts":[],"_links":{"self":[{"href":"http:\/\/blogdalucianaoliveira.com.br\/blog\/wp-json\/wp\/v2\/posts\/28050","targetHints":{"allow":["GET"]}}],"collection":[{"href":"http:\/\/blogdalucianaoliveira.com.br\/blog\/wp-json\/wp\/v2\/posts"}],"about":[{"href":"http:\/\/blogdalucianaoliveira.com.br\/blog\/wp-json\/wp\/v2\/types\/post"}],"author":[{"embeddable":true,"href":"http:\/\/blogdalucianaoliveira.com.br\/blog\/wp-json\/wp\/v2\/users\/1"}],"replies":[{"embeddable":true,"href":"http:\/\/blogdalucianaoliveira.com.br\/blog\/wp-json\/wp\/v2\/comments?post=28050"}],"version-history":[{"count":1,"href":"http:\/\/blogdalucianaoliveira.com.br\/blog\/wp-json\/wp\/v2\/posts\/28050\/revisions"}],"predecessor-version":[{"id":28052,"href":"http:\/\/blogdalucianaoliveira.com.br\/blog\/wp-json\/wp\/v2\/posts\/28050\/revisions\/28052"}],"wp:attachment":[{"href":"http:\/\/blogdalucianaoliveira.com.br\/blog\/wp-json\/wp\/v2\/media?parent=28050"}],"wp:term":[{"taxonomy":"category","embeddable":true,"href":"http:\/\/blogdalucianaoliveira.com.br\/blog\/wp-json\/wp\/v2\/categories?post=28050"},{"taxonomy":"post_tag","embeddable":true,"href":"http:\/\/blogdalucianaoliveira.com.br\/blog\/wp-json\/wp\/v2\/tags?post=28050"}],"curies":[{"name":"wp","href":"https:\/\/api.w.org\/{rel}","templated":true}]}}