{"id":28057,"date":"2020-05-11T22:33:39","date_gmt":"2020-05-12T02:33:39","guid":{"rendered":"http:\/\/blogdalucianaoliveira.com.br\/blog\/?p=28057"},"modified":"2020-05-11T22:41:20","modified_gmt":"2020-05-12T02:41:20","slug":"presidente-do-cidadania-em-rondonia-testou-positivo-para-covid-19-e-denuncia-falha-em-call-center-da-sesau","status":"publish","type":"post","link":"http:\/\/blogdalucianaoliveira.com.br\/blog\/2020\/05\/11\/presidente-do-cidadania-em-rondonia-testou-positivo-para-covid-19-e-denuncia-falha-em-call-center-da-sesau\/","title":{"rendered":"Presidente do Cidadania em Rond\u00f4nia testou positivo para Covid-19 e denuncia falha em Call Center da Sesau"},"content":{"rendered":"\n<figure class=\"wp-block-image size-large\"><img data-recalc-dims=\"1\" loading=\"lazy\" decoding=\"async\" width=\"600\" height=\"399\" data-attachment-id=\"28058\" data-permalink=\"http:\/\/blogdalucianaoliveira.com.br\/blog\/2020\/05\/11\/presidente-do-cidadania-em-rondonia-testou-positivo-para-covid-19-e-denuncia-falha-em-call-center-da-sesau\/6ff9934a-cee9-46df-9478-f5f349dbaad3\/\" data-orig-file=\"https:\/\/i0.wp.com\/blogdalucianaoliveira.com.br\/blog\/wp-content\/uploads\/2020\/05\/6FF9934A-CEE9-46DF-9478-F5F349DBAAD3.jpeg?fit=712%2C474\" data-orig-size=\"712,474\" data-comments-opened=\"0\" data-image-meta=\"{&quot;aperture&quot;:&quot;0&quot;,&quot;credit&quot;:&quot;&quot;,&quot;camera&quot;:&quot;&quot;,&quot;caption&quot;:&quot;&quot;,&quot;created_timestamp&quot;:&quot;0&quot;,&quot;copyright&quot;:&quot;&quot;,&quot;focal_length&quot;:&quot;0&quot;,&quot;iso&quot;:&quot;0&quot;,&quot;shutter_speed&quot;:&quot;0&quot;,&quot;title&quot;:&quot;&quot;,&quot;orientation&quot;:&quot;0&quot;}\" data-image-title=\"6FF9934A-CEE9-46DF-9478-F5F349DBAAD3\" data-image-description=\"\" data-image-caption=\"\" data-medium-file=\"https:\/\/i0.wp.com\/blogdalucianaoliveira.com.br\/blog\/wp-content\/uploads\/2020\/05\/6FF9934A-CEE9-46DF-9478-F5F349DBAAD3.jpeg?fit=300%2C200\" data-large-file=\"https:\/\/i0.wp.com\/blogdalucianaoliveira.com.br\/blog\/wp-content\/uploads\/2020\/05\/6FF9934A-CEE9-46DF-9478-F5F349DBAAD3.jpeg?fit=600%2C399\" src=\"https:\/\/i0.wp.com\/blogdalucianaoliveira.com.br\/blog\/wp-content\/uploads\/2020\/05\/6FF9934A-CEE9-46DF-9478-F5F349DBAAD3.jpeg?resize=600%2C399\" alt=\"\" class=\"wp-image-28058\" srcset=\"https:\/\/i0.wp.com\/blogdalucianaoliveira.com.br\/blog\/wp-content\/uploads\/2020\/05\/6FF9934A-CEE9-46DF-9478-F5F349DBAAD3.jpeg?w=712 712w, https:\/\/i0.wp.com\/blogdalucianaoliveira.com.br\/blog\/wp-content\/uploads\/2020\/05\/6FF9934A-CEE9-46DF-9478-F5F349DBAAD3.jpeg?resize=300%2C200 300w, https:\/\/i0.wp.com\/blogdalucianaoliveira.com.br\/blog\/wp-content\/uploads\/2020\/05\/6FF9934A-CEE9-46DF-9478-F5F349DBAAD3.jpeg?resize=451%2C300 451w\" sizes=\"auto, (max-width: 600px) 100vw, 600px\" \/><\/figure>\n\n\n\n<p>O professor universit\u00e1rio, advogado e dirigente partid\u00e1rio, Vin\u00edcius Miguel, confirmou que est\u00e1 com o novo coronav\u00edrus. <\/p>\n\n\n\n<!--more-->\n\n\n\n<p>Ele sentiu alguns dos  sintomas da Covid-19 e decidiu fazer o exame em laborat\u00f3rio particular. <\/p>\n\n\n\n<p>Vin\u00edcius afirmou que vinha  seguindo as regras de distanciamento social e os cuidados b\u00e1sicos para evitar contamina\u00e7\u00e3o. Agora se imp\u00f4s a uma r\u00edgida quarentena domiciliar sem orienta\u00e7\u00e3o formal.<br><\/p>\n\n\n\n<p>O caso dele deve ter sido notificado pelo laborat\u00f3rio \u00e0s secretarias de sa\u00fade do munic\u00edpio e do estado. <\/p>\n\n\n\n<p>O problema \u00e9 que ele teve a confirma\u00e7\u00e3o no \u00faltimo dia 7 e at\u00e9 agora ningu\u00e9m entrou em contato.<br><\/p>\n\n\n\n<p>As tentativas de comunicar seu caso \u00e9 pedir recomenda\u00e7\u00f5es m\u00e9dicas t\u00eam sido em v\u00e3o. <\/p>\n\n\n\n<p>\u201cJ\u00e1 tentei contato v\u00e1rias vezes atrav\u00e9s do Call Center da Sesau, mas a liga\u00e7\u00e3o \u00e9 interrompida sem explica\u00e7\u00e3o. Isso preocupa porque na propaganda o servi\u00e7o funciona e por 24 horas. Antes de ser infectado eu j\u00e1 tinha feito den\u00fancia a \u00f3rg\u00e3o competente sobre a precariedade desse atendimento por telefone\u201d, reclamou Vin\u00edcius.<\/p>\n","protected":false},"excerpt":{"rendered":"<p>O professor universit\u00e1rio, advogado e dirigente partid\u00e1rio, Vin\u00edcius Miguel, confirmou que est\u00e1 com o novo coronav\u00edrus.<\/p>\n","protected":false},"author":1,"featured_media":0,"comment_status":"closed","ping_status":"open","sticky":false,"template":"","format":"standard","meta":{"_exactmetrics_skip_tracking":false,"_exactmetrics_sitenote_active":false,"_exactmetrics_sitenote_note":"","_exactmetrics_sitenote_category":0,"jetpack_post_was_ever_published":false,"_jetpack_newsletter_access":"","_jetpack_dont_email_post_to_subs":false,"_jetpack_newsletter_tier_id":0,"_jetpack_memberships_contains_paywalled_content":false,"_jetpack_memberships_contains_paid_content":false,"footnotes":"","jetpack_publicize_message":"","jetpack_publicize_feature_enabled":true,"jetpack_social_post_already_shared":true,"jetpack_social_options":{"image_generator_settings":{"template":"highway","enabled":false},"version":2}},"categories":[1],"tags":[],"class_list":["post-28057","post","type-post","status-publish","format-standard","hentry","category-notas"],"jetpack_publicize_connections":[],"jetpack_sharing_enabled":true,"jetpack_featured_media_url":"","jetpack_shortlink":"https:\/\/wp.me\/p7wKYW-7ix","jetpack-related-posts":[],"_links":{"self":[{"href":"http:\/\/blogdalucianaoliveira.com.br\/blog\/wp-json\/wp\/v2\/posts\/28057","targetHints":{"allow":["GET"]}}],"collection":[{"href":"http:\/\/blogdalucianaoliveira.com.br\/blog\/wp-json\/wp\/v2\/posts"}],"about":[{"href":"http:\/\/blogdalucianaoliveira.com.br\/blog\/wp-json\/wp\/v2\/types\/post"}],"author":[{"embeddable":true,"href":"http:\/\/blogdalucianaoliveira.com.br\/blog\/wp-json\/wp\/v2\/users\/1"}],"replies":[{"embeddable":true,"href":"http:\/\/blogdalucianaoliveira.com.br\/blog\/wp-json\/wp\/v2\/comments?post=28057"}],"version-history":[{"count":3,"href":"http:\/\/blogdalucianaoliveira.com.br\/blog\/wp-json\/wp\/v2\/posts\/28057\/revisions"}],"predecessor-version":[{"id":28061,"href":"http:\/\/blogdalucianaoliveira.com.br\/blog\/wp-json\/wp\/v2\/posts\/28057\/revisions\/28061"}],"wp:attachment":[{"href":"http:\/\/blogdalucianaoliveira.com.br\/blog\/wp-json\/wp\/v2\/media?parent=28057"}],"wp:term":[{"taxonomy":"category","embeddable":true,"href":"http:\/\/blogdalucianaoliveira.com.br\/blog\/wp-json\/wp\/v2\/categories?post=28057"},{"taxonomy":"post_tag","embeddable":true,"href":"http:\/\/blogdalucianaoliveira.com.br\/blog\/wp-json\/wp\/v2\/tags?post=28057"}],"curies":[{"name":"wp","href":"https:\/\/api.w.org\/{rel}","templated":true}]}}