{"id":28065,"date":"2020-05-12T09:10:40","date_gmt":"2020-05-12T13:10:40","guid":{"rendered":"http:\/\/blogdalucianaoliveira.com.br\/blog\/?p=28065"},"modified":"2020-05-12T09:10:49","modified_gmt":"2020-05-12T13:10:49","slug":"bolsonaro-divulga-informacao-falsa-no-instagram-e-tem-post-apagado","status":"publish","type":"post","link":"http:\/\/blogdalucianaoliveira.com.br\/blog\/2020\/05\/12\/bolsonaro-divulga-informacao-falsa-no-instagram-e-tem-post-apagado\/","title":{"rendered":"Bolsonaro divulga informa\u00e7\u00e3o falsa no Instagram e tem post apagado"},"content":{"rendered":"\n<figure class=\"wp-block-image size-large\"><img data-recalc-dims=\"1\" loading=\"lazy\" decoding=\"async\" width=\"600\" height=\"374\" data-attachment-id=\"28066\" data-permalink=\"http:\/\/blogdalucianaoliveira.com.br\/blog\/2020\/05\/12\/bolsonaro-divulga-informacao-falsa-no-instagram-e-tem-post-apagado\/image-42-6\/\" data-orig-file=\"https:\/\/i0.wp.com\/blogdalucianaoliveira.com.br\/blog\/wp-content\/uploads\/2020\/05\/image-42.jpeg?fit=610%2C380\" data-orig-size=\"610,380\" data-comments-opened=\"0\" data-image-meta=\"{&quot;aperture&quot;:&quot;0&quot;,&quot;credit&quot;:&quot;&quot;,&quot;camera&quot;:&quot;&quot;,&quot;caption&quot;:&quot;&quot;,&quot;created_timestamp&quot;:&quot;0&quot;,&quot;copyright&quot;:&quot;&quot;,&quot;focal_length&quot;:&quot;0&quot;,&quot;iso&quot;:&quot;0&quot;,&quot;shutter_speed&quot;:&quot;0&quot;,&quot;title&quot;:&quot;&quot;,&quot;orientation&quot;:&quot;0&quot;}\" data-image-title=\"image-42\" data-image-description=\"\" data-image-caption=\"\" data-medium-file=\"https:\/\/i0.wp.com\/blogdalucianaoliveira.com.br\/blog\/wp-content\/uploads\/2020\/05\/image-42.jpeg?fit=300%2C187\" data-large-file=\"https:\/\/i0.wp.com\/blogdalucianaoliveira.com.br\/blog\/wp-content\/uploads\/2020\/05\/image-42.jpeg?fit=600%2C374\" src=\"https:\/\/i0.wp.com\/blogdalucianaoliveira.com.br\/blog\/wp-content\/uploads\/2020\/05\/image-42.jpeg?resize=600%2C374\" alt=\"\" class=\"wp-image-28066\" srcset=\"https:\/\/i0.wp.com\/blogdalucianaoliveira.com.br\/blog\/wp-content\/uploads\/2020\/05\/image-42.jpeg?w=610 610w, https:\/\/i0.wp.com\/blogdalucianaoliveira.com.br\/blog\/wp-content\/uploads\/2020\/05\/image-42.jpeg?resize=300%2C187 300w, https:\/\/i0.wp.com\/blogdalucianaoliveira.com.br\/blog\/wp-content\/uploads\/2020\/05\/image-42.jpeg?resize=482%2C300 482w\" sizes=\"auto, (max-width: 600px) 100vw, 600px\" \/><\/figure>\n\n\n\n<p><strong>247<\/strong>&nbsp;&#8211; Jair Bolsonaro compartilhou uma informa\u00e7\u00e3o no Instagram, mas a pr\u00f3pria rede social marcou a postagem com \u2018alerta de fake news\u2019. Bolsonaro queria dizer que o n\u00famero de mortes por doen\u00e7as respirat\u00f3rias no Cear\u00e1 caiu entre 2019 e 2020, apesar da pandemia. A informa\u00e7\u00e3o \u00e9 do jornal&nbsp;<a href=\"https:\/\/politica.estadao.com.br\/noticias\/geral,instagram-apaga-fake-news-compartilhada-por-bolsonaro-sobre-coronavirus-no-ceara,70003299954\" target=\"_blank\" rel=\"noreferrer noopener\">O Estado de S. Paulo<\/a>.&nbsp;<\/p>\n\n\n\n<!--more-->\n\n\n\n<p>A postagem tinha a seguinte mensagem: &#8220;Toda vida importa! Entretanto h\u00e1 algo muito &#8220;estranho&#8221; no ar!&#8221;. Em seguida, apontava que o n\u00famero de mortos por doen\u00e7as respirat\u00f3rias no Cear\u00e1 caiu de 6.377 em 2019, sem o coronav\u00edrus, para 6.296 em 2020, com a doen\u00e7a, entre 16 de mar\u00e7o a 10 de maio. &#8220;Por que em 2019 n\u00e3o teve o mesmo alarde?&#8221;, questionava o post.<\/p>\n\n\n\n<p>De acordo com uma checagem realizada pela&nbsp;<em>Ag\u00eancia Lupa<\/em>, indicada pela plataforma como justificativa da exclus\u00e3o, os n\u00fameros citados inclu\u00edam mortos por outras doen\u00e7as, como aids e c\u00e2ncer, erroneamente. A ag\u00eancia tamb\u00e9m apontou que, segundo o Portal da Transpar\u00eancia do Registro Civil, foram 2.808 \u00f3bitos por doen\u00e7as respirat\u00f3rias no per\u00edodo citado de 2019 e 3.217 em 2020.<\/p>\n\n\n\n<p>Em mar\u00e7o, Bolsonaro teve dois v\u00eddeos apagados de sua conta no Twitter. Os v\u00eddeos mostravam um passeio dele em bras\u00edlia (DF) em pleno lockdown, em que ele defendia o uso da hidroxicloroquina para populares e fala que o Pa\u00eds s\u00f3 ficar\u00e1 imune depois que 60 a 70% da popula\u00e7\u00e3o for infectada.<\/p>\n","protected":false},"excerpt":{"rendered":"<p>247&nbsp;&#8211; Jair Bolsonaro compartilhou uma informa\u00e7\u00e3o no Instagram, mas a pr\u00f3pria rede social marcou a postagem com \u2018alerta de fake news\u2019. Bolsonaro queria dizer que o n\u00famero de mortes por doen\u00e7as respirat\u00f3rias no Cear\u00e1 caiu entre 2019 e 2020, apesar da pandemia. A informa\u00e7\u00e3o \u00e9 do jornal&nbsp;O Estado de S. Paulo.&nbsp;<\/p>\n","protected":false},"author":1,"featured_media":0,"comment_status":"closed","ping_status":"open","sticky":false,"template":"","format":"standard","meta":{"_exactmetrics_skip_tracking":false,"_exactmetrics_sitenote_active":false,"_exactmetrics_sitenote_note":"","_exactmetrics_sitenote_category":0,"jetpack_post_was_ever_published":false,"_jetpack_newsletter_access":"","_jetpack_dont_email_post_to_subs":false,"_jetpack_newsletter_tier_id":0,"_jetpack_memberships_contains_paywalled_content":false,"_jetpack_memberships_contains_paid_content":false,"footnotes":"","jetpack_publicize_message":"","jetpack_publicize_feature_enabled":true,"jetpack_social_post_already_shared":true,"jetpack_social_options":{"image_generator_settings":{"template":"highway","enabled":false},"version":2}},"categories":[1],"tags":[],"class_list":["post-28065","post","type-post","status-publish","format-standard","hentry","category-notas"],"jetpack_publicize_connections":[],"jetpack_sharing_enabled":true,"jetpack_featured_media_url":"","jetpack_shortlink":"https:\/\/wp.me\/p7wKYW-7iF","jetpack-related-posts":[],"_links":{"self":[{"href":"http:\/\/blogdalucianaoliveira.com.br\/blog\/wp-json\/wp\/v2\/posts\/28065","targetHints":{"allow":["GET"]}}],"collection":[{"href":"http:\/\/blogdalucianaoliveira.com.br\/blog\/wp-json\/wp\/v2\/posts"}],"about":[{"href":"http:\/\/blogdalucianaoliveira.com.br\/blog\/wp-json\/wp\/v2\/types\/post"}],"author":[{"embeddable":true,"href":"http:\/\/blogdalucianaoliveira.com.br\/blog\/wp-json\/wp\/v2\/users\/1"}],"replies":[{"embeddable":true,"href":"http:\/\/blogdalucianaoliveira.com.br\/blog\/wp-json\/wp\/v2\/comments?post=28065"}],"version-history":[{"count":1,"href":"http:\/\/blogdalucianaoliveira.com.br\/blog\/wp-json\/wp\/v2\/posts\/28065\/revisions"}],"predecessor-version":[{"id":28067,"href":"http:\/\/blogdalucianaoliveira.com.br\/blog\/wp-json\/wp\/v2\/posts\/28065\/revisions\/28067"}],"wp:attachment":[{"href":"http:\/\/blogdalucianaoliveira.com.br\/blog\/wp-json\/wp\/v2\/media?parent=28065"}],"wp:term":[{"taxonomy":"category","embeddable":true,"href":"http:\/\/blogdalucianaoliveira.com.br\/blog\/wp-json\/wp\/v2\/categories?post=28065"},{"taxonomy":"post_tag","embeddable":true,"href":"http:\/\/blogdalucianaoliveira.com.br\/blog\/wp-json\/wp\/v2\/tags?post=28065"}],"curies":[{"name":"wp","href":"https:\/\/api.w.org\/{rel}","templated":true}]}}