{"id":28068,"date":"2020-05-12T12:16:46","date_gmt":"2020-05-12T16:16:46","guid":{"rendered":"http:\/\/blogdalucianaoliveira.com.br\/blog\/?p=28068"},"modified":"2020-05-12T13:17:06","modified_gmt":"2020-05-12T17:17:06","slug":"vereador-irresponsavel-pressiona-por-liberacao-de-cultos-evangelicos-na-pandemia","status":"publish","type":"post","link":"http:\/\/blogdalucianaoliveira.com.br\/blog\/2020\/05\/12\/vereador-irresponsavel-pressiona-por-liberacao-de-cultos-evangelicos-na-pandemia\/","title":{"rendered":"Vereador irrespons\u00e1vel pressiona por libera\u00e7\u00e3o de cultos evang\u00e9licos na pandemia"},"content":{"rendered":"\n<figure class=\"wp-block-image size-large\"><img data-recalc-dims=\"1\" loading=\"lazy\" decoding=\"async\" width=\"600\" height=\"414\" data-attachment-id=\"28069\" data-permalink=\"http:\/\/blogdalucianaoliveira.com.br\/blog\/2020\/05\/12\/vereador-irresponsavel-pressiona-por-liberacao-de-cultos-evangelicos-na-pandemia\/vaga-2\/\" data-orig-file=\"https:\/\/i0.wp.com\/blogdalucianaoliveira.com.br\/blog\/wp-content\/uploads\/2020\/05\/vaga.jpg?fit=777%2C536\" data-orig-size=\"777,536\" data-comments-opened=\"0\" data-image-meta=\"{&quot;aperture&quot;:&quot;0&quot;,&quot;credit&quot;:&quot;&quot;,&quot;camera&quot;:&quot;&quot;,&quot;caption&quot;:&quot;&quot;,&quot;created_timestamp&quot;:&quot;0&quot;,&quot;copyright&quot;:&quot;&quot;,&quot;focal_length&quot;:&quot;0&quot;,&quot;iso&quot;:&quot;0&quot;,&quot;shutter_speed&quot;:&quot;0&quot;,&quot;title&quot;:&quot;&quot;,&quot;orientation&quot;:&quot;0&quot;}\" data-image-title=\"vaga\" data-image-description=\"\" data-image-caption=\"\" data-medium-file=\"https:\/\/i0.wp.com\/blogdalucianaoliveira.com.br\/blog\/wp-content\/uploads\/2020\/05\/vaga.jpg?fit=300%2C207\" data-large-file=\"https:\/\/i0.wp.com\/blogdalucianaoliveira.com.br\/blog\/wp-content\/uploads\/2020\/05\/vaga.jpg?fit=600%2C414\" src=\"https:\/\/i0.wp.com\/blogdalucianaoliveira.com.br\/blog\/wp-content\/uploads\/2020\/05\/vaga.jpg?resize=600%2C414\" alt=\"\" class=\"wp-image-28069\" srcset=\"https:\/\/i0.wp.com\/blogdalucianaoliveira.com.br\/blog\/wp-content\/uploads\/2020\/05\/vaga.jpg?w=777 777w, https:\/\/i0.wp.com\/blogdalucianaoliveira.com.br\/blog\/wp-content\/uploads\/2020\/05\/vaga.jpg?resize=300%2C207 300w, https:\/\/i0.wp.com\/blogdalucianaoliveira.com.br\/blog\/wp-content\/uploads\/2020\/05\/vaga.jpg?resize=768%2C530 768w, https:\/\/i0.wp.com\/blogdalucianaoliveira.com.br\/blog\/wp-content\/uploads\/2020\/05\/vaga.jpg?resize=435%2C300 435w\" sizes=\"auto, (max-width: 600px) 100vw, 600px\" \/><\/figure>\n\n\n\n<p><\/p>\n\n\n\n<p>O projeto de Lei 4027\/2020 foi apresentado pelo vereador Ed\u00e9sio\nFernandes (PR-RO) quando Porto Velho n\u00e3o tinha nenhuma morte e apenas seis\ncasos positivos do novo coronav\u00edrus.<\/p>\n\n\n\n<p>Foi protocolado em 26 de mar\u00e7o nas Divis\u00e3o de Comiss\u00f5es da C\u00e2mara de Vereadores e de l\u00e1 pra c\u00e1 por duas vezes foi colocado em pauta nas sess\u00f5es virtuais.<\/p>\n\n\n\n<!--more-->\n\n\n\n<figure class=\"wp-block-image size-large\"><img data-recalc-dims=\"1\" loading=\"lazy\" decoding=\"async\" width=\"600\" height=\"727\" data-attachment-id=\"28070\" data-permalink=\"http:\/\/blogdalucianaoliveira.com.br\/blog\/2020\/05\/12\/vereador-irresponsavel-pressiona-por-liberacao-de-cultos-evangelicos-na-pandemia\/pro-6\/\" data-orig-file=\"https:\/\/i0.wp.com\/blogdalucianaoliveira.com.br\/blog\/wp-content\/uploads\/2020\/05\/pro.jpg?fit=828%2C1003\" data-orig-size=\"828,1003\" data-comments-opened=\"0\" data-image-meta=\"{&quot;aperture&quot;:&quot;0&quot;,&quot;credit&quot;:&quot;&quot;,&quot;camera&quot;:&quot;&quot;,&quot;caption&quot;:&quot;&quot;,&quot;created_timestamp&quot;:&quot;0&quot;,&quot;copyright&quot;:&quot;&quot;,&quot;focal_length&quot;:&quot;0&quot;,&quot;iso&quot;:&quot;0&quot;,&quot;shutter_speed&quot;:&quot;0&quot;,&quot;title&quot;:&quot;&quot;,&quot;orientation&quot;:&quot;0&quot;}\" data-image-title=\"pro\" data-image-description=\"\" data-image-caption=\"\" data-medium-file=\"https:\/\/i0.wp.com\/blogdalucianaoliveira.com.br\/blog\/wp-content\/uploads\/2020\/05\/pro.jpg?fit=248%2C300\" data-large-file=\"https:\/\/i0.wp.com\/blogdalucianaoliveira.com.br\/blog\/wp-content\/uploads\/2020\/05\/pro.jpg?fit=600%2C727\" src=\"https:\/\/i0.wp.com\/blogdalucianaoliveira.com.br\/blog\/wp-content\/uploads\/2020\/05\/pro.jpg?resize=600%2C727\" alt=\"\" class=\"wp-image-28070\" srcset=\"https:\/\/i0.wp.com\/blogdalucianaoliveira.com.br\/blog\/wp-content\/uploads\/2020\/05\/pro.jpg?w=828 828w, https:\/\/i0.wp.com\/blogdalucianaoliveira.com.br\/blog\/wp-content\/uploads\/2020\/05\/pro.jpg?resize=248%2C300 248w, https:\/\/i0.wp.com\/blogdalucianaoliveira.com.br\/blog\/wp-content\/uploads\/2020\/05\/pro.jpg?resize=768%2C930 768w\" sizes=\"auto, (max-width: 600px) 100vw, 600px\" \/><\/figure>\n\n\n\n<p><\/p>\n\n\n\n<p>O vereador pastor quer tornar \u201cigrejas e os templos de qualquer culto como atividade essencial em per\u00edodos de calamidade p\u00fablica\u201d.<\/p>\n\n\n\n<p>A \u00fanica medida sugerida como prote\u00e7\u00e3o na pandemia seria a limita\u00e7\u00e3o\nde p\u00fablico conforme a gravidade da situa\u00e7\u00e3o.<\/p>\n\n\n\n<p>Em seu perfil no Facebook, Ed\u00e9sio divulga a articula\u00e7\u00e3o de apoio junto ao Governador Marcos Rocha (PSL) e a bancada evang\u00e9lica na Assembleia Legislativa.<\/p>\n\n\n\n<figure class=\"wp-block-image size-large\"><img loading=\"lazy\" decoding=\"async\" width=\"828\" height=\"1306\" data-attachment-id=\"28071\" data-permalink=\"http:\/\/blogdalucianaoliveira.com.br\/blog\/2020\/05\/12\/vereador-irresponsavel-pressiona-por-liberacao-de-cultos-evangelicos-na-pandemia\/apoio\/\" data-orig-file=\"https:\/\/i0.wp.com\/blogdalucianaoliveira.com.br\/blog\/wp-content\/uploads\/2020\/05\/apoio.jpg?fit=828%2C1306\" data-orig-size=\"828,1306\" data-comments-opened=\"0\" data-image-meta=\"{&quot;aperture&quot;:&quot;0&quot;,&quot;credit&quot;:&quot;&quot;,&quot;camera&quot;:&quot;&quot;,&quot;caption&quot;:&quot;&quot;,&quot;created_timestamp&quot;:&quot;0&quot;,&quot;copyright&quot;:&quot;&quot;,&quot;focal_length&quot;:&quot;0&quot;,&quot;iso&quot;:&quot;0&quot;,&quot;shutter_speed&quot;:&quot;0&quot;,&quot;title&quot;:&quot;&quot;,&quot;orientation&quot;:&quot;0&quot;}\" data-image-title=\"apoio\" data-image-description=\"\" data-image-caption=\"\" data-medium-file=\"https:\/\/i0.wp.com\/blogdalucianaoliveira.com.br\/blog\/wp-content\/uploads\/2020\/05\/apoio.jpg?fit=190%2C300\" data-large-file=\"https:\/\/i0.wp.com\/blogdalucianaoliveira.com.br\/blog\/wp-content\/uploads\/2020\/05\/apoio.jpg?fit=600%2C947\" src=\"https:\/\/i0.wp.com\/blogdalucianaoliveira.com.br\/blog\/wp-content\/uploads\/2020\/05\/apoio.jpg?fit=600%2C947\" alt=\"\" class=\"wp-image-28071\" srcset=\"https:\/\/i0.wp.com\/blogdalucianaoliveira.com.br\/blog\/wp-content\/uploads\/2020\/05\/apoio.jpg?w=828 828w, https:\/\/i0.wp.com\/blogdalucianaoliveira.com.br\/blog\/wp-content\/uploads\/2020\/05\/apoio.jpg?resize=190%2C300 190w, https:\/\/i0.wp.com\/blogdalucianaoliveira.com.br\/blog\/wp-content\/uploads\/2020\/05\/apoio.jpg?resize=649%2C1024 649w, https:\/\/i0.wp.com\/blogdalucianaoliveira.com.br\/blog\/wp-content\/uploads\/2020\/05\/apoio.jpg?resize=768%2C1211 768w\" sizes=\"auto, (max-width: 600px) 100vw, 600px\" \/><\/figure>\n\n\n\n<p>Ele cobra apoio do Minist\u00e9rio P\u00fablico para que os cultos sejam liberados mediante a redu\u00e7\u00e3o de pessoas nos templos e garante que com isso estariam seguras.<\/p>\n\n\n\n<p>H\u00e1 duas for\u00e7as que se op\u00f5em e adiam a vota\u00e7\u00e3o.<\/p>\n\n\n\n<p>Por enquanto, perde o grupo de vereadores que como o autor\ndo projeto legislam em causa pr\u00f3pria sem preocupa\u00e7\u00e3o alguma com o interesse\ncoletivo.<\/p>\n\n\n\n<p>Conforme \u00faltimo boletim da Secretaria de Estado da Sa\u00fade, dos 1398 casos de Covid-19 confirmados a capital concentra 1077 e das 47 mortes, 35.<\/p>\n\n\n\n<p>Muitos com\u00e9rcios fecharam as portas e n\u00e3o v\u00e3o reabrir quando a pandemia passar.<\/p>\n\n\n\n<p>Muitos trabalhadores perderam o emprego e est\u00e3o sem dinheiro para comer e sem perspectiva com o futuro.<\/p>\n\n\n\n<p>Muitos profissionais da sa\u00fade correm risco para salvar vidas e um deles morreu.<\/p>\n\n\n\n<p>O pastor vereador quer tornar essencial orar na rua, o que qualquer um pode fazer em casa.<\/p>\n\n\n\n<p>\u00c9 b\u00edblico: &#8220;Porque onde dois ou tr\u00eas est\u00e3o reunidos em meu nome, a\u00ed estou eu no meio deles.\u201d <\/p>\n\n\n\n<p>Algumas igrejas est\u00e3o reunindo centenas diariamente por meio de cultos transmitidos ao vivo.<\/p>\n\n\n\n<p>A responsabilidade dos vereadores e deputados em cuidar da sa\u00fade da popula\u00e7\u00e3o \u00e9 muito grande. Ao inv\u00e9s de pedir para abrir templos religiosos, deveriam legislar para impor rigor \u00e0s medidas de conten\u00e7\u00e3o da doen\u00e7a e fiscalizar os gastos p\u00fablicos neste per\u00edodo.<\/p>\n\n\n\n<p>A Pol\u00edcia Militar est\u00e1 nas ruas orientando os desobedientes no isolamento social e tem sido eficaz. <\/p>\n\n\n\n<p>Muitos espa\u00e7os p\u00fablicos de lazer est\u00e3o finalmente vazios por conta da a\u00e7\u00e3o preventiva que pode vir a se tornar mais dura com toque de recolher e multas.<\/p>\n\n\n\n<p>Lockdown para todos!<\/p>\n\n\n\n<p><\/p>\n\n\n\n<p><\/p>\n\n\n\n<p><\/p>\n\n\n\n<p><\/p>\n","protected":false},"excerpt":{"rendered":"<p>O projeto de Lei 4027\/2020 foi apresentado pelo vereador Ed\u00e9sio Fernandes (PR-RO) quando Porto Velho n\u00e3o tinha nenhuma morte e apenas seis casos positivos do novo coronav\u00edrus. Foi protocolado em 26 de mar\u00e7o nas Divis\u00e3o de Comiss\u00f5es da C\u00e2mara de Vereadores e de l\u00e1 pra c\u00e1 por duas vezes foi colocado em pauta nas sess\u00f5es&#8230;<a class=\"more-link\" href=\"http:\/\/blogdalucianaoliveira.com.br\/blog\/2020\/05\/12\/vereador-irresponsavel-pressiona-por-liberacao-de-cultos-evangelicos-na-pandemia\/\">Continue a leitura <span class=\"meta-nav\">&raquo;<\/span><\/a><\/p>\n","protected":false},"author":1,"featured_media":0,"comment_status":"closed","ping_status":"open","sticky":false,"template":"","format":"standard","meta":{"_exactmetrics_skip_tracking":false,"_exactmetrics_sitenote_active":false,"_exactmetrics_sitenote_note":"","_exactmetrics_sitenote_category":0,"jetpack_post_was_ever_published":false,"_jetpack_newsletter_access":"","_jetpack_dont_email_post_to_subs":false,"_jetpack_newsletter_tier_id":0,"_jetpack_memberships_contains_paywalled_content":false,"_jetpack_memberships_contains_paid_content":false,"footnotes":"","jetpack_publicize_message":"","jetpack_publicize_feature_enabled":true,"jetpack_social_post_already_shared":true,"jetpack_social_options":{"image_generator_settings":{"template":"highway","enabled":false},"version":2}},"categories":[1],"tags":[366],"class_list":["post-28068","post","type-post","status-publish","format-standard","hentry","category-notas","tag-pandemia"],"jetpack_publicize_connections":[],"jetpack_sharing_enabled":true,"jetpack_featured_media_url":"","jetpack_shortlink":"https:\/\/wp.me\/p7wKYW-7iI","jetpack-related-posts":[],"_links":{"self":[{"href":"http:\/\/blogdalucianaoliveira.com.br\/blog\/wp-json\/wp\/v2\/posts\/28068","targetHints":{"allow":["GET"]}}],"collection":[{"href":"http:\/\/blogdalucianaoliveira.com.br\/blog\/wp-json\/wp\/v2\/posts"}],"about":[{"href":"http:\/\/blogdalucianaoliveira.com.br\/blog\/wp-json\/wp\/v2\/types\/post"}],"author":[{"embeddable":true,"href":"http:\/\/blogdalucianaoliveira.com.br\/blog\/wp-json\/wp\/v2\/users\/1"}],"replies":[{"embeddable":true,"href":"http:\/\/blogdalucianaoliveira.com.br\/blog\/wp-json\/wp\/v2\/comments?post=28068"}],"version-history":[{"count":3,"href":"http:\/\/blogdalucianaoliveira.com.br\/blog\/wp-json\/wp\/v2\/posts\/28068\/revisions"}],"predecessor-version":[{"id":28074,"href":"http:\/\/blogdalucianaoliveira.com.br\/blog\/wp-json\/wp\/v2\/posts\/28068\/revisions\/28074"}],"wp:attachment":[{"href":"http:\/\/blogdalucianaoliveira.com.br\/blog\/wp-json\/wp\/v2\/media?parent=28068"}],"wp:term":[{"taxonomy":"category","embeddable":true,"href":"http:\/\/blogdalucianaoliveira.com.br\/blog\/wp-json\/wp\/v2\/categories?post=28068"},{"taxonomy":"post_tag","embeddable":true,"href":"http:\/\/blogdalucianaoliveira.com.br\/blog\/wp-json\/wp\/v2\/tags?post=28068"}],"curies":[{"name":"wp","href":"https:\/\/api.w.org\/{rel}","templated":true}]}}