{"id":28075,"date":"2020-05-12T16:07:27","date_gmt":"2020-05-12T20:07:27","guid":{"rendered":"http:\/\/blogdalucianaoliveira.com.br\/blog\/?p=28075"},"modified":"2020-05-12T16:07:52","modified_gmt":"2020-05-12T20:07:52","slug":"em-reuniao-ministerial-bolsonaro-vinculou-mudanca-na-pf-do-rio-a-protecao-de-familia","status":"publish","type":"post","link":"http:\/\/blogdalucianaoliveira.com.br\/blog\/2020\/05\/12\/em-reuniao-ministerial-bolsonaro-vinculou-mudanca-na-pf-do-rio-a-protecao-de-familia\/","title":{"rendered":"Em reuni\u00e3o ministerial, Bolsonaro vinculou mudan\u00e7a na PF do Rio a prote\u00e7\u00e3o de fam\u00edlia"},"content":{"rendered":"\n<figure class=\"wp-block-image\"><img decoding=\"async\" src=\"https:\/\/lh3.googleusercontent.com\/proxy\/Id3V_hNVPgzM1ceisbVZzUPg2IUEYmHk8mtQQ1UWafy84DVen0QsLaI6nmJG8cshK96SsXvmy8ek9-mzFnnCD25aVgh0cab-4vmlPRi-e_U3fXIVE5asUe9_kPbcu-OF-Hfmc-z5j7jP3bD8ng\" alt=\"Em reuni\u00e3o, Bolsonaro vinculou mudan\u00e7a na PF do Rio a prote\u00e7\u00e3o de ...\"\/><\/figure>\n\n\n\n<h4 class=\"wp-block-heading\">Segundo pessoas que tiveram acesso a v\u00eddeo, presidente afirmou que familiares estariam sendo perseguidos<\/h4>\n\n\n\n<!--more-->\n\n\n\n<p><strong><a href=\"https:\/\/www1.folha.uol.com.br\/autores\/renato-onofre.shtml\">Renato Onofre<\/a><a href=\"https:\/\/www1.folha.uol.com.br\/autores\/fabio-fabrini.shtml\"> <\/a><a href=\"https:\/\/www1.folha.uol.com.br\/autores\/fabio-fabrini.shtml\">F\u00e1bio Fabrini<\/a> &#8211; FSP <\/strong><\/p>\n\n\n\n<p>O presidente Jair Bolsonaro vinculou a mudan\u00e7a do superintendente da Pol\u00edcia Federal do Rio Janeiro a uma prote\u00e7\u00e3o de sua fam\u00edlia, em&nbsp;<a href=\"https:\/\/www1.folha.uol.com.br\/poder\/2020\/05\/defesa-de-moro-diz-que-video-confirma-integralmente-declaracoes-sobre-bolsonaro.shtml\">reuni\u00e3o ministerial gravada pelo Planalto no dia 22 de abril<\/a>, segundo pessoas que tiveram<a href=\"https:\/\/www1.folha.uol.com.br\/colunas\/monicabergamo\/2020\/05\/celso-de-mello-autoriza-moro-e-aras-a-verem-juntos-na-pf-a-integra-de-video-de-reuniao-ministerial.shtml\">&nbsp;acesso \u00e0 grava\u00e7\u00e3o<\/a>.<\/p>\n\n\n\n<p>De acordo com esses relatos, Bolsonaro usou, na reuni\u00e3o, o verbo &#8220;foder&#8221; ao falar do&nbsp;<a href=\"https:\/\/www1.folha.uol.com.br\/poder\/2020\/04\/relembre-casos-investigados-pela-pf-que-envolvem-entorno-de-bolsonaro.shtml\">impacto de uma poss\u00edvel persegui\u00e7\u00e3o a seus familiares<\/a>.<\/p>\n\n\n\n<p>Ele ent\u00e3o disse que, antes disso, trocaria todo mundo da \u00e1rea de seguran\u00e7a, o chefe da PF e at\u00e9 o ministro da Justi\u00e7a \u2014na \u00e9poca, Sergio Moro, que deixou o governo tr\u00eas dias depois daquela reuni\u00e3o ministerial.<\/p>\n\n\n\n<p>O presidente, segundo pessoas que tiveram acesso \u00e0 grava\u00e7\u00e3o, disse que n\u00e3o poderia ser &#8220;surpreendido&#8221; porque, de acordo com ele, a Pol\u00edcia Federal n\u00e3o repassava informa\u00e7\u00f5es.<\/p>\n\n\n\n<p><a href=\"javascript:void(0);\"><\/a> O v\u00eddeo da reuni\u00e3o foi<a href=\"https:\/\/www1.folha.uol.com.br\/poder\/2020\/05\/defesa-de-moro-diz-que-video-confirma-integralmente-declaracoes-sobre-bolsonaro.shtml\">\u00a0exibido nesta ter\u00e7a-feira (12) na PF em Bras\u00edlia<\/a>. Moro acompanhou presencialmente a exibi\u00e7\u00e3o ao lado de integrantes da PGR (Procuradoria-Geral da Rep\u00fablica), advogados do ex-ministro e integrantes do governo federal e da PF. <\/p>\n\n\n\n<p>Bolsonaro, de acordo com os relatos \u00e0&nbsp;<strong>Folha<\/strong>, afirmou que j\u00e1 havia tentado fazer trocas no Rio.<\/p>\n\n\n\n<p>De acordo com investigadores da PF, o v\u00eddeo complica a situa\u00e7\u00e3o de Bolsonaro e dificulta eventual arquivamento do inqu\u00e9rito por parte do procurador-geral da Rep\u00fablica, Augusto Aras.<\/p>\n\n\n\n<p>A defesa do ex-ministro divulgou&nbsp;<a href=\"https:\/\/www1.folha.uol.com.br\/poder\/2020\/05\/defesa-de-moro-diz-que-video-confirma-integralmente-declaracoes-sobre-bolsonaro.shtml\">nota nesta ter\u00e7a em que afirma que a grava\u00e7\u00e3o confirma \u201cintegralmente\u201d as declara\u00e7\u00f5es dele&nbsp;<\/a>sobre as interfer\u00eancias do presidente Jair Bolsonaro na PF.<\/p>\n\n\n\n<p>Em depoimento \u00e0 PF, Moro afirmou que, na reuni\u00e3o, da qual participaram ministros e o presidente, Bolsonaro cobrou a substitui\u00e7\u00e3o do superintendente do Rio e do ent\u00e3o diretor-geral da pol\u00edcia, Maur\u00edcio Valeixo, al\u00e9m de relat\u00f3rios de intelig\u00eancia e informa\u00e7\u00e3o da corpora\u00e7\u00e3o.<\/p>\n\n\n\n<p>A troca da Superintend\u00eancia do Rio \u00e9 ponto central das<a href=\"https:\/\/www1.folha.uol.com.br\/poder\/2020\/04\/relembre-casos-investigados-pela-pf-que-envolvem-entorno-de-bolsonaro.shtml\">&nbsp;investiga\u00e7\u00f5es envolvendo uma poss\u00edvel interfer\u00eancia do presidente na corpora\u00e7\u00e3o<\/a>. Segundo o ex-ministro Sergio Moro, Bolsonaro tentava interferir na PF.<\/p>\n\n\n\n<p>Ap\u00f3s a sa\u00edda de Moro, Bolsonaro conseguiu trocar o comando da PF no Rio.<\/p>\n\n\n\n<p>O novo diretor-geral da PF, Rolando Souza, decidiu trocar a chefia da Superintend\u00eancia da PF no Rio de Janeiro,&nbsp;<a href=\"https:\/\/www1.folha.uol.com.br\/colunas\/painel\/2020\/05\/depoimento-de-ramagem-confirma-que-bolsonaro-queria-mudanca-da-chefia-do-rio.shtml\">foco de interesse da fam\u00edlia de Jair Bolsonaro<\/a>, como revelou o Painel.<\/p>\n\n\n\n<p>Carlos Henrique Oliveira, atual chefe da PF no estado, foi convidado para ser o diretor-executivo, n\u00famero dois na hierarquia do \u00f3rg\u00e3o.<\/p>\n\n\n\n<p>No Alvorada, Bolsonaro disse que n\u00e3o tem nenhum parente investigado pela PF. Mas, como mostrou reportagem da&nbsp;<strong>Folha<\/strong>, a PF no Rio tem uma s\u00e9rie de apura\u00e7\u00f5es e interesses que esbarram nele e em sua fam\u00edlia.<\/p>\n\n\n\n<p>A&nbsp;<a href=\"https:\/\/www1.folha.uol.com.br\/poder\/2020\/04\/relembre-casos-investigados-pela-pf-que-envolvem-entorno-de-bolsonaro.shtml\">preocupa\u00e7\u00e3o com investiga\u00e7\u00f5es, desconhecimento sobre processos, s\u00edndrome de persegui\u00e7\u00e3o, inimigos pol\u00edticos e fake news s\u00e3o alguns dos principais pontos<\/a>&nbsp;elencados por pessoas ouvidas pela&nbsp;<strong>Folha<\/strong>&nbsp;para tentar desvendar o que h\u00e1 no Rio.<\/p>\n\n\n\n<p>Desde o epis\u00f3dio envolvendo um porteiro do seu condom\u00ednio na Barra da Tijuca, na investiga\u00e7\u00e3o do assassinato de Mairelle Franco (PSOL), Bolsonaro passou a se preocupar ainda mais com o Rio.<\/p>\n\n\n\n<p>O presidente chegou a insinuar que o ocorrido era parte de um plano do governador Wilson Witzel (PSC-RJ). Antes aliados, os dois viraram inimigos pol\u00edticos desde o final do ano passado.<\/p>\n\n\n\n<p>O caso da &#8220;rachadinha&#8221; do ent\u00e3o gabinete de Fl\u00e1vio Bolsonaro na Assembleia do Rio n\u00e3o est\u00e1 com a PF, mas o \u00f3rg\u00e3o tocava na \u00e9poca investiga\u00e7\u00f5es envolvendo personagens em comum.<\/p>\n\n\n\n<p>O Minist\u00e9rio P\u00fablico do Rio de Janeiro abriu em setembro do ano passado dois procedimentos para investigar o vereador Carlos Bolsonaro pela suspeita do uso de funcion\u00e1rios fantasmas em seu gabinete e da pr\u00e1tica de &#8220;rachadinha&#8221; \u2014quando o servidor devolve parte do sal\u00e1rio para o parlamentar.<\/p>\n\n\n\n<p>A informa\u00e7\u00e3o sobre a abertura dos procedimentos foi divulgada pela revista \u00c9poca e confirmada pela&nbsp;<strong>Folha<\/strong>.<\/p>\n\n\n\n<p>Da mesma maneira que ocorre com outros casos, aliados de Bolsonaro tamb\u00e9m por vezes afirmam que a investiga\u00e7\u00e3o est\u00e1 com a Pol\u00edcia Federal.<\/p>\n\n\n\n<p><br><\/p>\n","protected":false},"excerpt":{"rendered":"<p>Segundo pessoas que tiveram acesso a v\u00eddeo, presidente afirmou que familiares estariam sendo perseguidos<\/p>\n","protected":false},"author":1,"featured_media":0,"comment_status":"closed","ping_status":"open","sticky":false,"template":"","format":"standard","meta":{"_exactmetrics_skip_tracking":false,"_exactmetrics_sitenote_active":false,"_exactmetrics_sitenote_note":"","_exactmetrics_sitenote_category":0,"jetpack_post_was_ever_published":false,"_jetpack_newsletter_access":"","_jetpack_dont_email_post_to_subs":false,"_jetpack_newsletter_tier_id":0,"_jetpack_memberships_contains_paywalled_content":false,"_jetpack_memberships_contains_paid_content":false,"footnotes":"","jetpack_publicize_message":"","jetpack_publicize_feature_enabled":true,"jetpack_social_post_already_shared":true,"jetpack_social_options":{"image_generator_settings":{"template":"highway","enabled":false},"version":2}},"categories":[1],"tags":[53],"class_list":["post-28075","post","type-post","status-publish","format-standard","hentry","category-notas","tag-bolsonaro"],"jetpack_publicize_connections":[],"jetpack_sharing_enabled":true,"jetpack_featured_media_url":"","jetpack_shortlink":"https:\/\/wp.me\/p7wKYW-7iP","jetpack-related-posts":[],"_links":{"self":[{"href":"http:\/\/blogdalucianaoliveira.com.br\/blog\/wp-json\/wp\/v2\/posts\/28075","targetHints":{"allow":["GET"]}}],"collection":[{"href":"http:\/\/blogdalucianaoliveira.com.br\/blog\/wp-json\/wp\/v2\/posts"}],"about":[{"href":"http:\/\/blogdalucianaoliveira.com.br\/blog\/wp-json\/wp\/v2\/types\/post"}],"author":[{"embeddable":true,"href":"http:\/\/blogdalucianaoliveira.com.br\/blog\/wp-json\/wp\/v2\/users\/1"}],"replies":[{"embeddable":true,"href":"http:\/\/blogdalucianaoliveira.com.br\/blog\/wp-json\/wp\/v2\/comments?post=28075"}],"version-history":[{"count":1,"href":"http:\/\/blogdalucianaoliveira.com.br\/blog\/wp-json\/wp\/v2\/posts\/28075\/revisions"}],"predecessor-version":[{"id":28076,"href":"http:\/\/blogdalucianaoliveira.com.br\/blog\/wp-json\/wp\/v2\/posts\/28075\/revisions\/28076"}],"wp:attachment":[{"href":"http:\/\/blogdalucianaoliveira.com.br\/blog\/wp-json\/wp\/v2\/media?parent=28075"}],"wp:term":[{"taxonomy":"category","embeddable":true,"href":"http:\/\/blogdalucianaoliveira.com.br\/blog\/wp-json\/wp\/v2\/categories?post=28075"},{"taxonomy":"post_tag","embeddable":true,"href":"http:\/\/blogdalucianaoliveira.com.br\/blog\/wp-json\/wp\/v2\/tags?post=28075"}],"curies":[{"name":"wp","href":"https:\/\/api.w.org\/{rel}","templated":true}]}}