{"id":28077,"date":"2020-05-12T18:04:31","date_gmt":"2020-05-12T22:04:31","guid":{"rendered":"http:\/\/blogdalucianaoliveira.com.br\/blog\/?p=28077"},"modified":"2020-05-12T18:33:52","modified_gmt":"2020-05-12T22:33:52","slug":"ro-cnmp-nao-recebe-pedido-de-providencias-de-procuradores-do-estado-contra-mpf-e-mpt","status":"publish","type":"post","link":"http:\/\/blogdalucianaoliveira.com.br\/blog\/2020\/05\/12\/ro-cnmp-nao-recebe-pedido-de-providencias-de-procuradores-do-estado-contra-mpf-e-mpt\/","title":{"rendered":"RO: CNMP n\u00e3o recebe pedido de provid\u00eancias de procuradores do estado contra MPF e MPT"},"content":{"rendered":"\n<figure class=\"wp-block-image\"><img data-recalc-dims=\"1\" height=\"378\" width=\"570\" decoding=\"async\" src=\"https:\/\/i0.wp.com\/pge.ro.gov.br\/wp-content\/uploads\/2020\/03\/CPA-Pal%25C3%25A1cio-Rio-Madeira_Foto_Daiane-Mendon%25C3%25A7a-2019-9-570x378.jpg?resize=570%2C378&#038;ssl=1\" alt=\"PGE elabora Parecer Referencial para instruir gestores p\u00fablicos ...\"\/><\/figure>\n\n\n\n<p><\/p>\n\n\n\n<p>Os procuradores Horcades Hugues Uch\u00f4a Sena J\u00fanior e Maxwell Mota de Andrade, passaram vergonha com a resposta ao pedido esdr\u00faxulo que fizeram ao Conselho Nacional do Minist\u00e9rio P\u00fablico, o CNMP. <\/p>\n\n\n\n<p>No linguajar popular, \u2018deram com os burros n&#8217;\u00e1gua\u2019 ao tentar \u2018enquadrar\u2019 os Procuradores da Rep\u00fablica e do Trabalho em Rond\u00f4nia e Acre com um pedido de provid\u00eancias para que se abstenham \u201cde realizar quaisquer novos atos judiciais ou extrajudiciais fora de suas atribui\u00e7\u00f5es em rela\u00e7\u00e3o ao enfrentamento do COVID\u201d.<\/p>\n\n\n\n<!--more-->\n\n\n\n<p>Na decis\u00e3o o Conselheiro Relator, Silvio Roberto de Oliveira Amorim J\u00fanior, mais que justificar o arquivamento do pedido, exp\u00f4s \u00e0 vergonha os procuradores do estado.<\/p>\n\n\n\n<p>&nbsp;\u201cEste Conselho Nacional n\u00e3o possui atribui\u00e7\u00e3o para intervir no exerc\u00edcio da atividade final\u00edstica dos Membros do Minist\u00e9rio P\u00fablico, sob pena de ferir a pr\u00f3pria independ\u00eancia da Institui\u00e7\u00e3o; al\u00e9m do mais, n\u00e3o possui atribui\u00e7\u00e3o constitucional para interferir na atividade jurisdicional do Poder Judici\u00e1rio. Invi\u00e1vel, portanto, que o CNMP edite ato preventivo para que Membro do Minist\u00e9rio P\u00fablico fa\u00e7a, deixe de fazer ou atue diferentemente em sua atua\u00e7\u00e3o final\u00edstica.\u201d<\/p>\n\n\n\n<p>E concluiu taxativamente:<\/p>\n\n\n\n<figure class=\"wp-block-image size-large\"><img data-recalc-dims=\"1\" loading=\"lazy\" decoding=\"async\" width=\"600\" height=\"246\" data-attachment-id=\"28080\" data-permalink=\"http:\/\/blogdalucianaoliveira.com.br\/blog\/2020\/05\/12\/ro-cnmp-nao-recebe-pedido-de-providencias-de-procuradores-do-estado-contra-mpf-e-mpt\/3571a8a8-2477-46d8-9c24-e8c9bf2297c9\/\" data-orig-file=\"https:\/\/i0.wp.com\/blogdalucianaoliveira.com.br\/blog\/wp-content\/uploads\/2020\/05\/3571A8A8-2477-46D8-9C24-E8C9BF2297C9.jpeg?fit=752%2C308\" data-orig-size=\"752,308\" data-comments-opened=\"0\" data-image-meta=\"{&quot;aperture&quot;:&quot;0&quot;,&quot;credit&quot;:&quot;&quot;,&quot;camera&quot;:&quot;&quot;,&quot;caption&quot;:&quot;&quot;,&quot;created_timestamp&quot;:&quot;0&quot;,&quot;copyright&quot;:&quot;&quot;,&quot;focal_length&quot;:&quot;0&quot;,&quot;iso&quot;:&quot;0&quot;,&quot;shutter_speed&quot;:&quot;0&quot;,&quot;title&quot;:&quot;&quot;,&quot;orientation&quot;:&quot;0&quot;}\" data-image-title=\"3571A8A8-2477-46D8-9C24-E8C9BF2297C9\" data-image-description=\"\" data-image-caption=\"\" data-medium-file=\"https:\/\/i0.wp.com\/blogdalucianaoliveira.com.br\/blog\/wp-content\/uploads\/2020\/05\/3571A8A8-2477-46D8-9C24-E8C9BF2297C9.jpeg?fit=300%2C123\" data-large-file=\"https:\/\/i0.wp.com\/blogdalucianaoliveira.com.br\/blog\/wp-content\/uploads\/2020\/05\/3571A8A8-2477-46D8-9C24-E8C9BF2297C9.jpeg?fit=600%2C246\" src=\"https:\/\/i0.wp.com\/blogdalucianaoliveira.com.br\/blog\/wp-content\/uploads\/2020\/05\/3571A8A8-2477-46D8-9C24-E8C9BF2297C9.jpeg?resize=600%2C246\" alt=\"\" class=\"wp-image-28080\" srcset=\"https:\/\/i0.wp.com\/blogdalucianaoliveira.com.br\/blog\/wp-content\/uploads\/2020\/05\/3571A8A8-2477-46D8-9C24-E8C9BF2297C9.jpeg?w=752 752w, https:\/\/i0.wp.com\/blogdalucianaoliveira.com.br\/blog\/wp-content\/uploads\/2020\/05\/3571A8A8-2477-46D8-9C24-E8C9BF2297C9.jpeg?resize=300%2C123 300w, https:\/\/i0.wp.com\/blogdalucianaoliveira.com.br\/blog\/wp-content\/uploads\/2020\/05\/3571A8A8-2477-46D8-9C24-E8C9BF2297C9.jpeg?resize=732%2C300 732w\" sizes=\"auto, (max-width: 600px) 100vw, 600px\" \/><\/figure>\n\n\n\n<p>O tratamento in\u00e9dito, indigno e imprest\u00e1vel dos procuradores do Estado foi motivado por uma recomenda\u00e7\u00e3o conjunta do MPF e MPT para garantir mais efic\u00e1cia \u00e0s a\u00e7\u00f5es do governo no combate ao novo coronav\u00edrus.<\/p>\n\n\n\n<p>Os procuradores Horcades e Maxwell reagiram com insol\u00eancia ao responder a recomenda\u00e7\u00e3o. <\/p>\n\n\n\n<p>Na ocasi\u00e3o, pediram que n\u00e3o fossem encaminhadas futuras recomenda\u00e7\u00f5es e notifica\u00e7\u00f5es\u201d ao governador Marcos Rocha, mas \u201ct\u00e3o somente ao Procurador-Geral da Rep\u00fablica\u201d.<\/p>\n\n\n\n<p><strong>Lembre aqui:<\/strong> <\/p>\n\n\n\n<figure class=\"wp-block-embed-wordpress wp-block-embed is-type-wp-embed is-provider-blog-da-luciana-oliveira\"><div class=\"wp-block-embed__wrapper\">\n<blockquote class=\"wp-embedded-content\" data-secret=\"FRnj4KiN9C\"><a href=\"http:\/\/blogdalucianaoliveira.com.br\/blog\/2020\/04\/23\/ro-arrogancia-de-procuradores-do-estado-dificulta-transparencia-do-governo-no-combate-ao-coronavirus\/\">RO: Arrog\u00e2ncia de Procuradores do Estado dificulta transpar\u00eancia do governo no combate ao coronav\u00edrus<\/a><\/blockquote><iframe loading=\"lazy\" class=\"wp-embedded-content\" sandbox=\"allow-scripts\" security=\"restricted\" style=\"position: absolute; clip: rect(1px, 1px, 1px, 1px);\" title=\"&#8220;RO: Arrog\u00e2ncia de Procuradores do Estado dificulta transpar\u00eancia do governo no combate ao coronav\u00edrus&#8221; &#8212; Blog da Luciana Oliveira\" src=\"http:\/\/blogdalucianaoliveira.com.br\/blog\/2020\/04\/23\/ro-arrogancia-de-procuradores-do-estado-dificulta-transparencia-do-governo-no-combate-ao-coronavirus\/embed\/#?secret=oXh3TdkjFB#?secret=FRnj4KiN9C\" data-secret=\"FRnj4KiN9C\" width=\"600\" height=\"338\" frameborder=\"0\" marginwidth=\"0\" marginheight=\"0\" scrolling=\"no\"><\/iframe>\n<\/div><\/figure>\n\n\n\n<p> Confira decis\u00e3o do Conselheiro relator do CNMP :<\/p>\n\n\n\n<p><a href=\"file:\/\/\/D:\/Users\/Luciana\/Downloads\/1.00306.2020-44%20-%20PP%20-%20Decis%C3%A3o%20de%20arquivamento.pdf\">file:\/\/\/D:\/Users\/Luciana\/Downloads\/1.00306.2020-44%20-%20PP%20-%20Decis%C3%A3o%20de%20arquivamento.pdf<\/a> <\/p>\n\n\n\n<p>Na mira da intimida\u00e7\u00e3o do governo, atrav\u00e9s da PGE, est\u00e3o os Procuradores da Rep\u00fablica Raphael Luis Pereira Benvil\u00e1qua, Gisele Dias de Oliveira Bleggi Cunha, Tatiana de Noronha Versiani Ribeiro e os Procuradores do Trabalho Camilla Holanda Mendes da Rocha e Carlos Alberto Lopes de Oliveira.<\/p>\n\n\n\n<figure class=\"wp-block-image size-large\"><img loading=\"lazy\" decoding=\"async\" width=\"2398\" height=\"1210\" data-attachment-id=\"28084\" data-permalink=\"http:\/\/blogdalucianaoliveira.com.br\/blog\/2020\/05\/12\/ro-cnmp-nao-recebe-pedido-de-providencias-de-procuradores-do-estado-contra-mpf-e-mpt\/134f075d-0d57-4d3b-8da9-46ed45e92b3c\/\" data-orig-file=\"https:\/\/i0.wp.com\/blogdalucianaoliveira.com.br\/blog\/wp-content\/uploads\/2020\/05\/134F075D-0D57-4D3B-8DA9-46ED45E92B3C.jpeg?fit=2398%2C1210\" data-orig-size=\"2398,1210\" data-comments-opened=\"0\" data-image-meta=\"{&quot;aperture&quot;:&quot;0&quot;,&quot;credit&quot;:&quot;&quot;,&quot;camera&quot;:&quot;&quot;,&quot;caption&quot;:&quot;&quot;,&quot;created_timestamp&quot;:&quot;0&quot;,&quot;copyright&quot;:&quot;&quot;,&quot;focal_length&quot;:&quot;0&quot;,&quot;iso&quot;:&quot;0&quot;,&quot;shutter_speed&quot;:&quot;0&quot;,&quot;title&quot;:&quot;&quot;,&quot;orientation&quot;:&quot;0&quot;}\" data-image-title=\"134F075D-0D57-4D3B-8DA9-46ED45E92B3C\" data-image-description=\"\" data-image-caption=\"\" data-medium-file=\"https:\/\/i0.wp.com\/blogdalucianaoliveira.com.br\/blog\/wp-content\/uploads\/2020\/05\/134F075D-0D57-4D3B-8DA9-46ED45E92B3C.jpeg?fit=300%2C151\" data-large-file=\"https:\/\/i0.wp.com\/blogdalucianaoliveira.com.br\/blog\/wp-content\/uploads\/2020\/05\/134F075D-0D57-4D3B-8DA9-46ED45E92B3C.jpeg?fit=600%2C303\" src=\"https:\/\/i1.wp.com\/blogdalucianaoliveira.com.br\/blog\/wp-content\/uploads\/2020\/05\/134F075D-0D57-4D3B-8DA9-46ED45E92B3C.jpeg?fit=600%2C303\" alt=\"\" class=\"wp-image-28084\" srcset=\"https:\/\/i0.wp.com\/blogdalucianaoliveira.com.br\/blog\/wp-content\/uploads\/2020\/05\/134F075D-0D57-4D3B-8DA9-46ED45E92B3C.jpeg?w=2398 2398w, https:\/\/i0.wp.com\/blogdalucianaoliveira.com.br\/blog\/wp-content\/uploads\/2020\/05\/134F075D-0D57-4D3B-8DA9-46ED45E92B3C.jpeg?resize=300%2C151 300w, https:\/\/i0.wp.com\/blogdalucianaoliveira.com.br\/blog\/wp-content\/uploads\/2020\/05\/134F075D-0D57-4D3B-8DA9-46ED45E92B3C.jpeg?resize=1024%2C517 1024w, https:\/\/i0.wp.com\/blogdalucianaoliveira.com.br\/blog\/wp-content\/uploads\/2020\/05\/134F075D-0D57-4D3B-8DA9-46ED45E92B3C.jpeg?resize=768%2C388 768w, https:\/\/i0.wp.com\/blogdalucianaoliveira.com.br\/blog\/wp-content\/uploads\/2020\/05\/134F075D-0D57-4D3B-8DA9-46ED45E92B3C.jpeg?resize=1536%2C775 1536w, https:\/\/i0.wp.com\/blogdalucianaoliveira.com.br\/blog\/wp-content\/uploads\/2020\/05\/134F075D-0D57-4D3B-8DA9-46ED45E92B3C.jpeg?resize=2048%2C1033 2048w, https:\/\/i0.wp.com\/blogdalucianaoliveira.com.br\/blog\/wp-content\/uploads\/2020\/05\/134F075D-0D57-4D3B-8DA9-46ED45E92B3C.jpeg?resize=595%2C300 595w, https:\/\/i0.wp.com\/blogdalucianaoliveira.com.br\/blog\/wp-content\/uploads\/2020\/05\/134F075D-0D57-4D3B-8DA9-46ED45E92B3C.jpeg?w=1200 1200w, https:\/\/i0.wp.com\/blogdalucianaoliveira.com.br\/blog\/wp-content\/uploads\/2020\/05\/134F075D-0D57-4D3B-8DA9-46ED45E92B3C.jpeg?w=1800 1800w\" sizes=\"auto, (max-width: 600px) 100vw, 600px\" \/><figcaption>Raphael, Gisele e Tatiana, procuradores do MPF-RO<\/figcaption><\/figure>\n\n\n\n<p>A sociedade civil organizada se mobiliza para divulga\u00e7\u00e3o de notas de apoio aos procuradores federais e do trabalho para que sigam cumprindo o papel de proteger os interesses da sociedade, sobretudo ap\u00f3s flagrante tentativa de intimida\u00e7\u00e3o.<\/p>\n\n\n\n<p><\/p>\n","protected":false},"excerpt":{"rendered":"<p>Os procuradores Horcades Hugues Uch\u00f4a Sena J\u00fanior e Maxwell Mota de Andrade, passaram vergonha com a resposta ao pedido esdr\u00faxulo que fizeram ao Conselho Nacional do Minist\u00e9rio P\u00fablico, o CNMP. No linguajar popular, \u2018deram com os burros n&#8217;\u00e1gua\u2019 ao tentar \u2018enquadrar\u2019 os Procuradores da Rep\u00fablica e do Trabalho em Rond\u00f4nia e Acre com um pedido&#8230;<a class=\"more-link\" href=\"http:\/\/blogdalucianaoliveira.com.br\/blog\/2020\/05\/12\/ro-cnmp-nao-recebe-pedido-de-providencias-de-procuradores-do-estado-contra-mpf-e-mpt\/\">Continue a leitura <span class=\"meta-nav\">&raquo;<\/span><\/a><\/p>\n","protected":false},"author":1,"featured_media":0,"comment_status":"closed","ping_status":"open","sticky":false,"template":"","format":"standard","meta":{"_exactmetrics_skip_tracking":false,"_exactmetrics_sitenote_active":false,"_exactmetrics_sitenote_note":"","_exactmetrics_sitenote_category":0,"jetpack_post_was_ever_published":false,"_jetpack_newsletter_access":"","_jetpack_dont_email_post_to_subs":false,"_jetpack_newsletter_tier_id":0,"_jetpack_memberships_contains_paywalled_content":false,"_jetpack_memberships_contains_paid_content":false,"footnotes":"","jetpack_publicize_message":"","jetpack_publicize_feature_enabled":true,"jetpack_social_post_already_shared":true,"jetpack_social_options":{"image_generator_settings":{"template":"highway","enabled":false},"version":2}},"categories":[1],"tags":[289,363,376,7],"class_list":["post-28077","post","type-post","status-publish","format-standard","hentry","category-notas","tag-cnmp","tag-covid","tag-pge","tag-rondonia"],"jetpack_publicize_connections":[],"jetpack_sharing_enabled":true,"jetpack_featured_media_url":"","jetpack_shortlink":"https:\/\/wp.me\/p7wKYW-7iR","jetpack-related-posts":[],"_links":{"self":[{"href":"http:\/\/blogdalucianaoliveira.com.br\/blog\/wp-json\/wp\/v2\/posts\/28077","targetHints":{"allow":["GET"]}}],"collection":[{"href":"http:\/\/blogdalucianaoliveira.com.br\/blog\/wp-json\/wp\/v2\/posts"}],"about":[{"href":"http:\/\/blogdalucianaoliveira.com.br\/blog\/wp-json\/wp\/v2\/types\/post"}],"author":[{"embeddable":true,"href":"http:\/\/blogdalucianaoliveira.com.br\/blog\/wp-json\/wp\/v2\/users\/1"}],"replies":[{"embeddable":true,"href":"http:\/\/blogdalucianaoliveira.com.br\/blog\/wp-json\/wp\/v2\/comments?post=28077"}],"version-history":[{"count":6,"href":"http:\/\/blogdalucianaoliveira.com.br\/blog\/wp-json\/wp\/v2\/posts\/28077\/revisions"}],"predecessor-version":[{"id":28087,"href":"http:\/\/blogdalucianaoliveira.com.br\/blog\/wp-json\/wp\/v2\/posts\/28077\/revisions\/28087"}],"wp:attachment":[{"href":"http:\/\/blogdalucianaoliveira.com.br\/blog\/wp-json\/wp\/v2\/media?parent=28077"}],"wp:term":[{"taxonomy":"category","embeddable":true,"href":"http:\/\/blogdalucianaoliveira.com.br\/blog\/wp-json\/wp\/v2\/categories?post=28077"},{"taxonomy":"post_tag","embeddable":true,"href":"http:\/\/blogdalucianaoliveira.com.br\/blog\/wp-json\/wp\/v2\/tags?post=28077"}],"curies":[{"name":"wp","href":"https:\/\/api.w.org\/{rel}","templated":true}]}}