{"id":28088,"date":"2020-05-12T19:02:13","date_gmt":"2020-05-12T23:02:13","guid":{"rendered":"http:\/\/blogdalucianaoliveira.com.br\/blog\/?p=28088"},"modified":"2020-05-12T19:02:23","modified_gmt":"2020-05-12T23:02:23","slug":"editora-cousa-abre-pre-venda-do-livro-noticia-da-atual-literatura-brasileira-entrevistas-organizado-por-vitor-cei-ufes-andre-tessaro-pelinser-ufrn-leticia-malloy-unifal-e-a","status":"publish","type":"post","link":"http:\/\/blogdalucianaoliveira.com.br\/blog\/2020\/05\/12\/editora-cousa-abre-pre-venda-do-livro-noticia-da-atual-literatura-brasileira-entrevistas-organizado-por-vitor-cei-ufes-andre-tessaro-pelinser-ufrn-leticia-malloy-unifal-e-a\/","title":{"rendered":"Editora Cousa abre pr\u00e9-venda do livro \u201cNot\u00edcia da atual literatura brasileira: entrevistas\u201d, organizado por Vitor Cei (UFES), Andr\u00e9 Tessaro Pelinser (UFRN), Let\u00edcia Malloy (Unifal) e Andr\u00e9ia Delmaschio (IFES)"},"content":{"rendered":"\n<figure class=\"wp-block-image size-large\"><img loading=\"lazy\" decoding=\"async\" width=\"834\" height=\"1280\" data-attachment-id=\"28089\" data-permalink=\"http:\/\/blogdalucianaoliveira.com.br\/blog\/2020\/05\/12\/editora-cousa-abre-pre-venda-do-livro-noticia-da-atual-literatura-brasileira-entrevistas-organizado-por-vitor-cei-ufes-andre-tessaro-pelinser-ufrn-leticia-malloy-unifal-e-a\/1d3e2164-65c5-49db-b678-2509548a8f51\/\" data-orig-file=\"https:\/\/i0.wp.com\/blogdalucianaoliveira.com.br\/blog\/wp-content\/uploads\/2020\/05\/1D3E2164-65C5-49DB-B678-2509548A8F51.jpeg?fit=834%2C1280\" data-orig-size=\"834,1280\" data-comments-opened=\"0\" data-image-meta=\"{&quot;aperture&quot;:&quot;0&quot;,&quot;credit&quot;:&quot;&quot;,&quot;camera&quot;:&quot;&quot;,&quot;caption&quot;:&quot;&quot;,&quot;created_timestamp&quot;:&quot;0&quot;,&quot;copyright&quot;:&quot;&quot;,&quot;focal_length&quot;:&quot;0&quot;,&quot;iso&quot;:&quot;0&quot;,&quot;shutter_speed&quot;:&quot;0&quot;,&quot;title&quot;:&quot;&quot;,&quot;orientation&quot;:&quot;0&quot;}\" data-image-title=\"1D3E2164-65C5-49DB-B678-2509548A8F51\" data-image-description=\"\" data-image-caption=\"\" data-medium-file=\"https:\/\/i0.wp.com\/blogdalucianaoliveira.com.br\/blog\/wp-content\/uploads\/2020\/05\/1D3E2164-65C5-49DB-B678-2509548A8F51.jpeg?fit=195%2C300\" data-large-file=\"https:\/\/i0.wp.com\/blogdalucianaoliveira.com.br\/blog\/wp-content\/uploads\/2020\/05\/1D3E2164-65C5-49DB-B678-2509548A8F51.jpeg?fit=600%2C921\" src=\"https:\/\/i2.wp.com\/blogdalucianaoliveira.com.br\/blog\/wp-content\/uploads\/2020\/05\/1D3E2164-65C5-49DB-B678-2509548A8F51.jpeg?fit=600%2C921\" alt=\"\" class=\"wp-image-28089\" srcset=\"https:\/\/i0.wp.com\/blogdalucianaoliveira.com.br\/blog\/wp-content\/uploads\/2020\/05\/1D3E2164-65C5-49DB-B678-2509548A8F51.jpeg?w=834 834w, https:\/\/i0.wp.com\/blogdalucianaoliveira.com.br\/blog\/wp-content\/uploads\/2020\/05\/1D3E2164-65C5-49DB-B678-2509548A8F51.jpeg?resize=195%2C300 195w, https:\/\/i0.wp.com\/blogdalucianaoliveira.com.br\/blog\/wp-content\/uploads\/2020\/05\/1D3E2164-65C5-49DB-B678-2509548A8F51.jpeg?resize=667%2C1024 667w, https:\/\/i0.wp.com\/blogdalucianaoliveira.com.br\/blog\/wp-content\/uploads\/2020\/05\/1D3E2164-65C5-49DB-B678-2509548A8F51.jpeg?resize=768%2C1179 768w\" sizes=\"auto, (max-width: 600px) 100vw, 600px\" \/><\/figure>\n\n\n\n<p>O livro ser\u00e1 lan\u00e7ado em junho e voc\u00ea j\u00e1 pode adquirir exemplares com pre\u00e7o promocional e frete gr\u00e1tis, at\u00e9 o fim de maio.&nbsp;<\/p>\n\n\n\n<!--more-->\n\n\n\n<p>O livro \u201cNot\u00edcia da atual literatura brasileira: entrevistas\u201d apresenta entrevistas com 81 escritor_s de todas as regi\u00f5es do pa\u00eds, ofertando subs\u00eddios para uma futura hist\u00f3ria da vida liter\u00e1ria das \u00faltimas d\u00e9cadas, consolidando um material de refer\u00eancia destinado tanto aos atuais quanto aos futuros leitores e pesquisadores da literatura brasileira.<\/p>\n\n\n\n<p>Os organizadores, Vitor Cei (UFES), Andr\u00e9 Tessaro Pelinser (UFRN), Let\u00edcia Malloy (Unifal) e Andr\u00e9ia Delmaschio (IFES) elaboraram perguntas com o intuito de lan\u00e7ar luz sobre o processo criativo dos autores e suas op\u00e7\u00f5es est\u00e9ticas, al\u00e9m de temas e tra\u00e7os marcantes em suas obras. Indicam-se, assim, caminhos interpretativos ou futuras possibilidades de abordagem. De outro lado, tamb\u00e9m foram privilegiadas quest\u00f5es que perscrutam os posicionamentos dos escritores frente \u00e0 arte liter\u00e1ria produzida na contemporaneidade, bem como \u00e0 sociedade e \u00e0 pol\u00edtica no Brasil e no mundo.<\/p>\n\n\n\n<p>Escritor_s entrevistad_s: Ada Lima, Adilson Vila\u00e7a, Alberto Lins Caldas, Alberto Pucheu, Aline Bei, Aline Dias, Aline Pr\u00facoli de Souza, Amarildo Joao Esp\u00edndola, Ana Martins Marques, Anaximandro Amorim, Andr\u00e9ia Delmaschio, Andressa Zoi Nathanailidis, Ant\u00f4nio C\u00e2ndido da Silva, Ant\u00f4nio Torres, Bernadette Lyra, Cae Guimaraes, Carola Saavedra, Cas\u00e9 Lontra Marques, Cesar Carvalho, Chacal, Cl\u00f3vis Da Rolt, Daniel Munduruku, Dau Bastos, David Rocha, Diva Cunha, Eduardo Martins, Elizeu Braga, Ely Macuxi, Erlon Jos\u00e9 Paschoal, Evando Nascimento, Everton Almeida Barbosa, Fabio Daflon, Gustavo Bernardo Krause, Gustavo Felic\u00edssimo, H\u00e9lio Rocha, Herbert Farias, Hudson Ribeiro, Jacques Fux, Jarid Arraes, Joanim Pepperoni, Joao Almino, Joao Claudio Arendt, Johann Heyss, Jorge Elias Neto, Jorge Nascimento, Keila Mara Ara\u00fajo Maciel, Larissa Gotti Pissinatti, Marcus Vinicius de Freitas, Maria Am\u00e9lia Dalvi, Mariana Lage, Mar\u00edlia Carreiro Fernandes, Marina Moura, Miguel Nenev\u00e9, M\u00f4nica de Aquino, Natalia Borges Polesso, Nelson Martinelli, Nilza Menezes, P\u00e1dua Fernandes, P\u00e2mela Filipini, Paulo Caetano, Paulo Roberto Sodr\u00e9, Rafael Iotti, Raimundo Carvalho, Ravel Paz, Reinaldo Santos Neves, Renato Gomez, Renato Noguera, Ricardo L\u00edsias, Rodrigo Caldeira, Ronald Augusto, Rosivan dos Santos, Rubens Vaz Cavalcante, Saulo Ribeiro, S\u00e9rgio Blank, Sueli Bispo, Vanessa Prieto, Vicente Franz Cecim, W. B. Lemos, Wilberth Salgueiro, Wilson Coelho e Wladimir Caz\u00e9.<\/p>\n\n\n\n<p>Apresenta\u00e7\u00e3o de Rita Olivieri-Godet (Universit\u00e9 Rennes 2) e pref\u00e1cio de Fab\u00edola Padilha (UFES).<\/p>\n\n\n\n<p>Imagem da capa Luciano Cardoso.<\/p>\n","protected":false},"excerpt":{"rendered":"<p>O livro ser\u00e1 lan\u00e7ado em junho e voc\u00ea j\u00e1 pode adquirir exemplares com pre\u00e7o promocional e frete gr\u00e1tis, at\u00e9 o fim de maio.&nbsp;<\/p>\n","protected":false},"author":1,"featured_media":0,"comment_status":"closed","ping_status":"open","sticky":false,"template":"","format":"standard","meta":{"_exactmetrics_skip_tracking":false,"_exactmetrics_sitenote_active":false,"_exactmetrics_sitenote_note":"","_exactmetrics_sitenote_category":0,"jetpack_post_was_ever_published":false,"_jetpack_newsletter_access":"","_jetpack_dont_email_post_to_subs":false,"_jetpack_newsletter_tier_id":0,"_jetpack_memberships_contains_paywalled_content":false,"_jetpack_memberships_contains_paid_content":false,"footnotes":"","jetpack_publicize_message":"","jetpack_publicize_feature_enabled":true,"jetpack_social_post_already_shared":true,"jetpack_social_options":{"image_generator_settings":{"template":"highway","enabled":false},"version":2}},"categories":[1],"tags":[],"class_list":["post-28088","post","type-post","status-publish","format-standard","hentry","category-notas"],"jetpack_publicize_connections":[],"jetpack_sharing_enabled":true,"jetpack_featured_media_url":"","jetpack_shortlink":"https:\/\/wp.me\/p7wKYW-7j2","jetpack-related-posts":[],"_links":{"self":[{"href":"http:\/\/blogdalucianaoliveira.com.br\/blog\/wp-json\/wp\/v2\/posts\/28088","targetHints":{"allow":["GET"]}}],"collection":[{"href":"http:\/\/blogdalucianaoliveira.com.br\/blog\/wp-json\/wp\/v2\/posts"}],"about":[{"href":"http:\/\/blogdalucianaoliveira.com.br\/blog\/wp-json\/wp\/v2\/types\/post"}],"author":[{"embeddable":true,"href":"http:\/\/blogdalucianaoliveira.com.br\/blog\/wp-json\/wp\/v2\/users\/1"}],"replies":[{"embeddable":true,"href":"http:\/\/blogdalucianaoliveira.com.br\/blog\/wp-json\/wp\/v2\/comments?post=28088"}],"version-history":[{"count":1,"href":"http:\/\/blogdalucianaoliveira.com.br\/blog\/wp-json\/wp\/v2\/posts\/28088\/revisions"}],"predecessor-version":[{"id":28090,"href":"http:\/\/blogdalucianaoliveira.com.br\/blog\/wp-json\/wp\/v2\/posts\/28088\/revisions\/28090"}],"wp:attachment":[{"href":"http:\/\/blogdalucianaoliveira.com.br\/blog\/wp-json\/wp\/v2\/media?parent=28088"}],"wp:term":[{"taxonomy":"category","embeddable":true,"href":"http:\/\/blogdalucianaoliveira.com.br\/blog\/wp-json\/wp\/v2\/categories?post=28088"},{"taxonomy":"post_tag","embeddable":true,"href":"http:\/\/blogdalucianaoliveira.com.br\/blog\/wp-json\/wp\/v2\/tags?post=28088"}],"curies":[{"name":"wp","href":"https:\/\/api.w.org\/{rel}","templated":true}]}}