{"id":28091,"date":"2020-05-12T19:33:33","date_gmt":"2020-05-12T23:33:33","guid":{"rendered":"http:\/\/blogdalucianaoliveira.com.br\/blog\/?p=28091"},"modified":"2020-05-12T19:33:42","modified_gmt":"2020-05-12T23:33:42","slug":"video-de-reuniao-ministerial-e-devastador-para-bolsonaro","status":"publish","type":"post","link":"http:\/\/blogdalucianaoliveira.com.br\/blog\/2020\/05\/12\/video-de-reuniao-ministerial-e-devastador-para-bolsonaro\/","title":{"rendered":"V\u00eddeo de reuni\u00e3o ministerial \u00e9 &#8220;devastador&#8221; para Bolsonaro"},"content":{"rendered":"\n<figure class=\"wp-block-image size-large\"><img data-recalc-dims=\"1\" loading=\"lazy\" decoding=\"async\" width=\"600\" height=\"374\" data-attachment-id=\"28092\" data-permalink=\"http:\/\/blogdalucianaoliveira.com.br\/blog\/2020\/05\/12\/video-de-reuniao-ministerial-e-devastador-para-bolsonaro\/image-43-6\/\" data-orig-file=\"https:\/\/i0.wp.com\/blogdalucianaoliveira.com.br\/blog\/wp-content\/uploads\/2020\/05\/image-43.jpeg?fit=610%2C380\" data-orig-size=\"610,380\" data-comments-opened=\"0\" data-image-meta=\"{&quot;aperture&quot;:&quot;0&quot;,&quot;credit&quot;:&quot;&quot;,&quot;camera&quot;:&quot;&quot;,&quot;caption&quot;:&quot;&quot;,&quot;created_timestamp&quot;:&quot;0&quot;,&quot;copyright&quot;:&quot;&quot;,&quot;focal_length&quot;:&quot;0&quot;,&quot;iso&quot;:&quot;0&quot;,&quot;shutter_speed&quot;:&quot;0&quot;,&quot;title&quot;:&quot;&quot;,&quot;orientation&quot;:&quot;0&quot;}\" data-image-title=\"image-43\" data-image-description=\"\" data-image-caption=\"\" data-medium-file=\"https:\/\/i0.wp.com\/blogdalucianaoliveira.com.br\/blog\/wp-content\/uploads\/2020\/05\/image-43.jpeg?fit=300%2C187\" data-large-file=\"https:\/\/i0.wp.com\/blogdalucianaoliveira.com.br\/blog\/wp-content\/uploads\/2020\/05\/image-43.jpeg?fit=600%2C374\" src=\"https:\/\/i0.wp.com\/blogdalucianaoliveira.com.br\/blog\/wp-content\/uploads\/2020\/05\/image-43.jpeg?resize=600%2C374\" alt=\"\" class=\"wp-image-28092\" srcset=\"https:\/\/i0.wp.com\/blogdalucianaoliveira.com.br\/blog\/wp-content\/uploads\/2020\/05\/image-43.jpeg?w=610 610w, https:\/\/i0.wp.com\/blogdalucianaoliveira.com.br\/blog\/wp-content\/uploads\/2020\/05\/image-43.jpeg?resize=300%2C187 300w, https:\/\/i0.wp.com\/blogdalucianaoliveira.com.br\/blog\/wp-content\/uploads\/2020\/05\/image-43.jpeg?resize=482%2C300 482w\" sizes=\"auto, (max-width: 600px) 100vw, 600px\" \/><\/figure>\n\n\n\n<p><strong>247 com Sputnik &#8211;<\/strong>&nbsp;Como parte do inqu\u00e9rito que apura as den\u00fancias de Sergio Moro contra o presidente Jair Bolsonaro (sem partido), foi exibido nesta ter\u00e7a-feira (12) na Pol\u00edcia Federal (PF) de Bras\u00edlia o v\u00eddeo da reuni\u00e3o ministerial em que, segundo Moro, o presidente pressiona o ent\u00e3o ministro.<\/p>\n\n\n\n<!--more-->\n\n\n\n<p>&#8220;A avalia\u00e7\u00e3o de fontes que acompanham a investiga\u00e7\u00e3o \u00e9 que o v\u00eddeo \u00e9 devastador para Bolsonaro, pois comprova a acusa\u00e7\u00e3o de Moro de que o presidente da Rep\u00fablica tentou interferir na Pol\u00edcia Federal&#8221;, avalia a jornalista Andreia Sadi, em seu blog no\u00a0<a href=\"https:\/\/g1.globo.com\/politica\/blog\/andreia-sadi\/post\/2020\/05\/12\/video-de-reuniao-ministerial-e-devastador-para-bolsonaro-dizem-fontes.ghtml\">G1<\/a>.<\/p>\n\n\n\n<p>Moro acusa Bolsonaro de querer interferir politicamente na PF e diz que pediu demiss\u00e3o de seu cargo por esse motivo. Ap\u00f3s a den\u00fancia do ex-ministro da lava jato, o Supremo Tribunal Federal (STF) abriu inqu\u00e9rito para apurar a situa\u00e7\u00e3o.<\/p>\n\n\n\n<p>Segundo pessoas que assistiram ao v\u00eddeo da reuni\u00e3o e relataram a Sadi, durante o encontro, Bolsonaro diz que sua fam\u00edlia sofre persegui\u00e7\u00e3o no Rio de Janeiro e que, por isso, trocaria o chefe da superintend\u00eancia da PF no Rio. Ele cita o termo &#8220;seguran\u00e7a no Rio&#8221;. Bolsonaro acrescentou que, se n\u00e3o pudesse fazer a substitui\u00e7\u00e3o, trocaria o diretor-geral da corpora\u00e7\u00e3o e o pr\u00f3prio ministro da Justi\u00e7a \u2013 \u00e0 \u00e9poca, Moro.<\/p>\n","protected":false},"excerpt":{"rendered":"<p>247 com Sputnik &#8211;&nbsp;Como parte do inqu\u00e9rito que apura as den\u00fancias de Sergio Moro contra o presidente Jair Bolsonaro (sem partido), foi exibido nesta ter\u00e7a-feira (12) na Pol\u00edcia Federal (PF) de Bras\u00edlia o v\u00eddeo da reuni\u00e3o ministerial em que, segundo Moro, o presidente pressiona o ent\u00e3o ministro.<\/p>\n","protected":false},"author":1,"featured_media":0,"comment_status":"closed","ping_status":"open","sticky":false,"template":"","format":"standard","meta":{"_exactmetrics_skip_tracking":false,"_exactmetrics_sitenote_active":false,"_exactmetrics_sitenote_note":"","_exactmetrics_sitenote_category":0,"jetpack_post_was_ever_published":false,"_jetpack_newsletter_access":"","_jetpack_dont_email_post_to_subs":false,"_jetpack_newsletter_tier_id":0,"_jetpack_memberships_contains_paywalled_content":false,"_jetpack_memberships_contains_paid_content":false,"footnotes":"","jetpack_publicize_message":"","jetpack_publicize_feature_enabled":true,"jetpack_social_post_already_shared":true,"jetpack_social_options":{"image_generator_settings":{"template":"highway","enabled":false},"version":2}},"categories":[1],"tags":[],"class_list":["post-28091","post","type-post","status-publish","format-standard","hentry","category-notas"],"jetpack_publicize_connections":[],"jetpack_sharing_enabled":true,"jetpack_featured_media_url":"","jetpack_shortlink":"https:\/\/wp.me\/p7wKYW-7j5","jetpack-related-posts":[],"_links":{"self":[{"href":"http:\/\/blogdalucianaoliveira.com.br\/blog\/wp-json\/wp\/v2\/posts\/28091","targetHints":{"allow":["GET"]}}],"collection":[{"href":"http:\/\/blogdalucianaoliveira.com.br\/blog\/wp-json\/wp\/v2\/posts"}],"about":[{"href":"http:\/\/blogdalucianaoliveira.com.br\/blog\/wp-json\/wp\/v2\/types\/post"}],"author":[{"embeddable":true,"href":"http:\/\/blogdalucianaoliveira.com.br\/blog\/wp-json\/wp\/v2\/users\/1"}],"replies":[{"embeddable":true,"href":"http:\/\/blogdalucianaoliveira.com.br\/blog\/wp-json\/wp\/v2\/comments?post=28091"}],"version-history":[{"count":1,"href":"http:\/\/blogdalucianaoliveira.com.br\/blog\/wp-json\/wp\/v2\/posts\/28091\/revisions"}],"predecessor-version":[{"id":28093,"href":"http:\/\/blogdalucianaoliveira.com.br\/blog\/wp-json\/wp\/v2\/posts\/28091\/revisions\/28093"}],"wp:attachment":[{"href":"http:\/\/blogdalucianaoliveira.com.br\/blog\/wp-json\/wp\/v2\/media?parent=28091"}],"wp:term":[{"taxonomy":"category","embeddable":true,"href":"http:\/\/blogdalucianaoliveira.com.br\/blog\/wp-json\/wp\/v2\/categories?post=28091"},{"taxonomy":"post_tag","embeddable":true,"href":"http:\/\/blogdalucianaoliveira.com.br\/blog\/wp-json\/wp\/v2\/tags?post=28091"}],"curies":[{"name":"wp","href":"https:\/\/api.w.org\/{rel}","templated":true}]}}