{"id":28105,"date":"2020-05-13T07:15:32","date_gmt":"2020-05-13T11:15:32","guid":{"rendered":"http:\/\/blogdalucianaoliveira.com.br\/blog\/?p=28105"},"modified":"2020-05-13T07:15:41","modified_gmt":"2020-05-13T11:15:41","slug":"gestores-entregam-cargos-de-confianca-e-expoem-crise-na-sefin-em-rondonia","status":"publish","type":"post","link":"http:\/\/blogdalucianaoliveira.com.br\/blog\/2020\/05\/13\/gestores-entregam-cargos-de-confianca-e-expoem-crise-na-sefin-em-rondonia\/","title":{"rendered":"Gestores entregam cargos de confian\u00e7a e exp\u00f5em crise na Sefin em Rond\u00f4nia"},"content":{"rendered":"\n<figure class=\"wp-block-image size-large\"><img data-recalc-dims=\"1\" loading=\"lazy\" decoding=\"async\" width=\"600\" height=\"355\" data-attachment-id=\"28106\" data-permalink=\"http:\/\/blogdalucianaoliveira.com.br\/blog\/2020\/05\/13\/gestores-entregam-cargos-de-confianca-e-expoem-crise-na-sefin-em-rondonia\/ac0fa74e-7e29-45b6-b4b9-267b1c7a28ca\/\" data-orig-file=\"https:\/\/i0.wp.com\/blogdalucianaoliveira.com.br\/blog\/wp-content\/uploads\/2020\/05\/AC0FA74E-7E29-45B6-B4B9-267B1C7A28CA.jpeg?fit=846%2C501\" data-orig-size=\"846,501\" data-comments-opened=\"0\" data-image-meta=\"{&quot;aperture&quot;:&quot;0&quot;,&quot;credit&quot;:&quot;&quot;,&quot;camera&quot;:&quot;&quot;,&quot;caption&quot;:&quot;&quot;,&quot;created_timestamp&quot;:&quot;1589307288&quot;,&quot;copyright&quot;:&quot;&quot;,&quot;focal_length&quot;:&quot;0&quot;,&quot;iso&quot;:&quot;0&quot;,&quot;shutter_speed&quot;:&quot;0&quot;,&quot;title&quot;:&quot;&quot;,&quot;orientation&quot;:&quot;1&quot;}\" data-image-title=\"AC0FA74E-7E29-45B6-B4B9-267B1C7A28CA\" data-image-description=\"\" data-image-caption=\"\" data-medium-file=\"https:\/\/i0.wp.com\/blogdalucianaoliveira.com.br\/blog\/wp-content\/uploads\/2020\/05\/AC0FA74E-7E29-45B6-B4B9-267B1C7A28CA.jpeg?fit=300%2C178\" data-large-file=\"https:\/\/i0.wp.com\/blogdalucianaoliveira.com.br\/blog\/wp-content\/uploads\/2020\/05\/AC0FA74E-7E29-45B6-B4B9-267B1C7A28CA.jpeg?fit=600%2C355\" src=\"https:\/\/i0.wp.com\/blogdalucianaoliveira.com.br\/blog\/wp-content\/uploads\/2020\/05\/AC0FA74E-7E29-45B6-B4B9-267B1C7A28CA.jpeg?resize=600%2C355\" alt=\"\" class=\"wp-image-28106\" srcset=\"https:\/\/i0.wp.com\/blogdalucianaoliveira.com.br\/blog\/wp-content\/uploads\/2020\/05\/AC0FA74E-7E29-45B6-B4B9-267B1C7A28CA.jpeg?w=846 846w, https:\/\/i0.wp.com\/blogdalucianaoliveira.com.br\/blog\/wp-content\/uploads\/2020\/05\/AC0FA74E-7E29-45B6-B4B9-267B1C7A28CA.jpeg?resize=300%2C178 300w, https:\/\/i0.wp.com\/blogdalucianaoliveira.com.br\/blog\/wp-content\/uploads\/2020\/05\/AC0FA74E-7E29-45B6-B4B9-267B1C7A28CA.jpeg?resize=768%2C455 768w, https:\/\/i0.wp.com\/blogdalucianaoliveira.com.br\/blog\/wp-content\/uploads\/2020\/05\/AC0FA74E-7E29-45B6-B4B9-267B1C7A28CA.jpeg?resize=507%2C300 507w\" sizes=\"auto, (max-width: 600px) 100vw, 600px\" \/><\/figure>\n\n\n\n<p>Dentre os servidores est\u00e3o Gerentes, Delegados, Chefes de Ag\u00eancia de Renda e Postos Fiscais<\/p>\n\n\n\n<p>No <strong>Tudorondonia<\/strong><\/p>\n\n\n\n<p>De Porto Velho \u00e0 Vilhena, todos os Auditores Fiscais, T\u00e9cnicos e Auxiliares tribut\u00e1rios de Rond\u00f4nia que ocupavam cargos de confian\u00e7a na Secretaria de Finan\u00e7as do Estado, entregaram seus cargos de confian\u00e7a nesta ter\u00e7a-feira, 12. Dentre os servidores est\u00e3o Gerentes, Delegados, Chefes de Ag\u00eancia de Renda e Postos Fiscais.<\/p>\n\n\n\n<p>O Sindicato dos Auditores Fiscais de Tributos de Rond\u00f4nia (Sindafisco) e o Sindicato dos T\u00e9cnicos Tribut\u00e1rios de Rond\u00f4nia (Sintec) declararam apoio a a\u00e7\u00e3o dos colegas que est\u00e3o insatisfeitos com as condi\u00e7\u00f5es de trabalho e com os rumos administrativos da Sefin. Os servidores alegam que o ato de protesto \u00e9 resultado da falta de reconhecimento do trabalho da categoria e comprometimento com os servidores do fisco rondoniense.\u00a0<br><\/p>\n\n\n\n<p>Segundo fontes dos sindicatos, nenhum outro integrante do grupo de Tributa\u00e7\u00e3o, Arrecada\u00e7\u00e3o e Fiscaliza\u00e7\u00e3o \u2013 TAF (Auditores Fiscais, T\u00e9cnicos Tribut\u00e1rios e Auxiliares) ir\u00e1 assumir os cargos como forma de apoio total ao movimento que foi deflagrado na manh\u00e3 de hoje.<\/p>\n\n\n\n<p><\/p>\n","protected":false},"excerpt":{"rendered":"<p>Dentre os servidores est\u00e3o Gerentes, Delegados, Chefes de Ag\u00eancia de Renda e Postos Fiscais No Tudorondonia De Porto Velho \u00e0 Vilhena, todos os Auditores Fiscais, T\u00e9cnicos e Auxiliares tribut\u00e1rios de Rond\u00f4nia que ocupavam cargos de confian\u00e7a na Secretaria de Finan\u00e7as do Estado, entregaram seus cargos de confian\u00e7a nesta ter\u00e7a-feira, 12. Dentre os servidores est\u00e3o Gerentes,&#8230;<a class=\"more-link\" href=\"http:\/\/blogdalucianaoliveira.com.br\/blog\/2020\/05\/13\/gestores-entregam-cargos-de-confianca-e-expoem-crise-na-sefin-em-rondonia\/\">Continue a leitura <span class=\"meta-nav\">&raquo;<\/span><\/a><\/p>\n","protected":false},"author":1,"featured_media":0,"comment_status":"closed","ping_status":"open","sticky":false,"template":"","format":"standard","meta":{"_exactmetrics_skip_tracking":false,"_exactmetrics_sitenote_active":false,"_exactmetrics_sitenote_note":"","_exactmetrics_sitenote_category":0,"jetpack_post_was_ever_published":false,"_jetpack_newsletter_access":"","_jetpack_dont_email_post_to_subs":false,"_jetpack_newsletter_tier_id":0,"_jetpack_memberships_contains_paywalled_content":false,"_jetpack_memberships_contains_paid_content":false,"footnotes":"","jetpack_publicize_message":"","jetpack_publicize_feature_enabled":true,"jetpack_social_post_already_shared":true,"jetpack_social_options":{"image_generator_settings":{"template":"highway","enabled":false},"version":2}},"categories":[1],"tags":[],"class_list":["post-28105","post","type-post","status-publish","format-standard","hentry","category-notas"],"jetpack_publicize_connections":[],"jetpack_sharing_enabled":true,"jetpack_featured_media_url":"","jetpack_shortlink":"https:\/\/wp.me\/p7wKYW-7jj","jetpack-related-posts":[],"_links":{"self":[{"href":"http:\/\/blogdalucianaoliveira.com.br\/blog\/wp-json\/wp\/v2\/posts\/28105","targetHints":{"allow":["GET"]}}],"collection":[{"href":"http:\/\/blogdalucianaoliveira.com.br\/blog\/wp-json\/wp\/v2\/posts"}],"about":[{"href":"http:\/\/blogdalucianaoliveira.com.br\/blog\/wp-json\/wp\/v2\/types\/post"}],"author":[{"embeddable":true,"href":"http:\/\/blogdalucianaoliveira.com.br\/blog\/wp-json\/wp\/v2\/users\/1"}],"replies":[{"embeddable":true,"href":"http:\/\/blogdalucianaoliveira.com.br\/blog\/wp-json\/wp\/v2\/comments?post=28105"}],"version-history":[{"count":1,"href":"http:\/\/blogdalucianaoliveira.com.br\/blog\/wp-json\/wp\/v2\/posts\/28105\/revisions"}],"predecessor-version":[{"id":28107,"href":"http:\/\/blogdalucianaoliveira.com.br\/blog\/wp-json\/wp\/v2\/posts\/28105\/revisions\/28107"}],"wp:attachment":[{"href":"http:\/\/blogdalucianaoliveira.com.br\/blog\/wp-json\/wp\/v2\/media?parent=28105"}],"wp:term":[{"taxonomy":"category","embeddable":true,"href":"http:\/\/blogdalucianaoliveira.com.br\/blog\/wp-json\/wp\/v2\/categories?post=28105"},{"taxonomy":"post_tag","embeddable":true,"href":"http:\/\/blogdalucianaoliveira.com.br\/blog\/wp-json\/wp\/v2\/tags?post=28105"}],"curies":[{"name":"wp","href":"https:\/\/api.w.org\/{rel}","templated":true}]}}