{"id":28108,"date":"2020-05-13T07:29:13","date_gmt":"2020-05-13T11:29:13","guid":{"rendered":"http:\/\/blogdalucianaoliveira.com.br\/blog\/?p=28108"},"modified":"2020-05-13T07:29:18","modified_gmt":"2020-05-13T11:29:18","slug":"com-77-mortes-povos-de-34-etnias-indigenas-ja-foram-atingidos-pelo-coronavirus-no-brasil","status":"publish","type":"post","link":"http:\/\/blogdalucianaoliveira.com.br\/blog\/2020\/05\/13\/com-77-mortes-povos-de-34-etnias-indigenas-ja-foram-atingidos-pelo-coronavirus-no-brasil\/","title":{"rendered":"Com 77 mortes, povos de 34 etnias ind\u00edgenas j\u00e1 foram atingidos pelo coronav\u00edrus no Brasil"},"content":{"rendered":"\n<figure class=\"wp-block-image size-large\"><img data-recalc-dims=\"1\" loading=\"lazy\" decoding=\"async\" width=\"600\" height=\"325\" data-attachment-id=\"28109\" data-permalink=\"http:\/\/blogdalucianaoliveira.com.br\/blog\/2020\/05\/13\/com-77-mortes-povos-de-34-etnias-indigenas-ja-foram-atingidos-pelo-coronavirus-no-brasil\/image-46-6\/\" data-orig-file=\"https:\/\/i0.wp.com\/blogdalucianaoliveira.com.br\/blog\/wp-content\/uploads\/2020\/05\/image-46.jpeg?fit=640%2C347\" data-orig-size=\"640,347\" data-comments-opened=\"0\" data-image-meta=\"{&quot;aperture&quot;:&quot;0&quot;,&quot;credit&quot;:&quot;&quot;,&quot;camera&quot;:&quot;&quot;,&quot;caption&quot;:&quot;&quot;,&quot;created_timestamp&quot;:&quot;0&quot;,&quot;copyright&quot;:&quot;&quot;,&quot;focal_length&quot;:&quot;0&quot;,&quot;iso&quot;:&quot;0&quot;,&quot;shutter_speed&quot;:&quot;0&quot;,&quot;title&quot;:&quot;&quot;,&quot;orientation&quot;:&quot;0&quot;}\" data-image-title=\"image-46\" data-image-description=\"\" data-image-caption=\"\" data-medium-file=\"https:\/\/i0.wp.com\/blogdalucianaoliveira.com.br\/blog\/wp-content\/uploads\/2020\/05\/image-46.jpeg?fit=300%2C163\" data-large-file=\"https:\/\/i0.wp.com\/blogdalucianaoliveira.com.br\/blog\/wp-content\/uploads\/2020\/05\/image-46.jpeg?fit=600%2C325\" src=\"https:\/\/i0.wp.com\/blogdalucianaoliveira.com.br\/blog\/wp-content\/uploads\/2020\/05\/image-46.jpeg?resize=600%2C325\" alt=\"\" class=\"wp-image-28109\" srcset=\"https:\/\/i0.wp.com\/blogdalucianaoliveira.com.br\/blog\/wp-content\/uploads\/2020\/05\/image-46.jpeg?w=640 640w, https:\/\/i0.wp.com\/blogdalucianaoliveira.com.br\/blog\/wp-content\/uploads\/2020\/05\/image-46.jpeg?resize=300%2C163 300w, https:\/\/i0.wp.com\/blogdalucianaoliveira.com.br\/blog\/wp-content\/uploads\/2020\/05\/image-46.jpeg?resize=553%2C300 553w\" sizes=\"auto, (max-width: 600px) 100vw, 600px\" \/><\/figure>\n\n\n\n<p>308 ind\u00edgenas j\u00e1 tiveram covid-19, de acordo com dados da Sesai (Secretaria Especial de Sa\u00fade Ind\u00edgena) e da APIB (Articula\u00e7\u00e3o dos Povos Ind\u00edgenas do Brasil)<\/p>\n\n\n\n<!--more-->\n\n\n\n<p><a href=\"https:\/\/brasil.elpais.com\/autor\/joana-carolina-lopes-de-oliveira\/\">JOANA OLIVEIRA<\/a>, no El Pa\u00eds <\/p>\n\n\n\n<p>Com a\u00a0<a rel=\"noreferrer noopener\" href=\"https:\/\/brasil.elpais.com\/brasil\/2020-05-12\/ao-vivo-ultimas-noticias-sobre-o-coronavirus-e-a-crise-politica-no-brasil.html\" target=\"_blank\">expans\u00e3o da pandemia de coronav\u00edrus no Brasil<\/a>, os povos origin\u00e1rios somam seus mortos \u00e0 lista de v\u00edtimas da\u00a0<a rel=\"noreferrer noopener\" href=\"https:\/\/brasil.elpais.com\/noticias\/covid-19\/\" target=\"_blank\">covid-19<\/a>\u00a0que cresce a cada dia. J\u00e1 foram registrados 77 \u00f3bitos entre povos de 34 etnias ind\u00edgenas do pa\u00eds \u2014com 308 casos de infec\u00e7\u00f5es confirmadas\u2014, de acordo com os n\u00fameros da Sesai (Secretaria Especial de Sa\u00fade Ind\u00edgena) e da APIB (Articula\u00e7\u00e3o dos Povos Ind\u00edgenas do Brasil).\u00a0<a rel=\"noreferrer noopener\" href=\"https:\/\/brasil.elpais.com\/opiniao\/2020-04-19\/a-pandemia-rememora-a-luta-indigena-e-clama-por-respeito-ao-planeta-que-tem-febre.html\" target=\"_blank\">Cerca de 81 mil ind\u00edgenas de 230 territ\u00f3rios est\u00e3o amea\u00e7ados<\/a>\u00a0pelo novo coronav\u00edrus, de acordo com esses \u00f3rg\u00e3os. \u201c\u00c9 assustadora a velocidade com que registramos o aumento de casos de mortes entre os povos\u00a0<a rel=\"noreferrer noopener\" href=\"https:\/\/brasil.elpais.com\/noticias\/indigenas\/\" target=\"_blank\">ind\u00edgenas<\/a>. Em pouco mais de uma semana, identificamos mais 49 \u00f3bitos de parentes, chegando \u00e0 m\u00e9dia de quatro mortes de ind\u00edgenas por dia\u201d, l\u00ea-se em nota da APIB.<\/p>\n\n\n\n<p>A etnia mais afetada \u00e9 a dos Kokama, no Amazonas. Entre os dias 3 e 7 de maio, as mortes por covid-19 dobraram entre essa comunidade, passando de nove para 22 \u00f3bitos registrados, de acordo com um relat\u00f3rio da APIB. A etnia tamb\u00e9m foi a que teve o primeiro caso registrado da doen\u00e7a entre ind\u00edgenas no Brasil, no dia 25 de mar\u00e7o. J\u00e1 a primeira morte de ind\u00edgena em decorr\u00eancia do novo coronav\u00edrus contabilizada oficialmente foi a de\u00a0<a rel=\"noreferrer noopener\" href=\"https:\/\/brasil.elpais.com\/brasil\/2020-04-10\/yanomami-de-15-anos-morre-vitima-do-coronavirus-em-roraima.html\" target=\"_blank\">uma adolescente Yanomami de 15 anos<\/a>, em Roraima, no dia 10 de abril.<\/p>\n\n\n\n<p>\u201cA covid-19 j\u00e1 matou, s\u00f3 nos \u00faltimos dias, 12 parentes kokamas, parentes esses que moram em comunidades. Como n\u00e3o dizer que foi omiss\u00e3o? N\u00f3s l\u00edderes estamos\u00a0<\/p>\n\n\n\n<p>fazendo a nossa parte, esperamos que nossos governantes fa\u00e7am as partes deles\u201d, denuncia em nota a Associa\u00e7\u00e3o de \u00cdndios Kokamas Residentes no Munic\u00edpio de Manaus (AKIM).<\/p>\n\n\n\n<p>De acordo com dados da Coordena\u00e7\u00e3o das Organiza\u00e7\u00f5es Ind\u00edgenas da Amaz\u00f4nia Brasileira (Coiab), no Amazonas os casos de mortes entre o povo Kokama aconteceram nos munic\u00edpios de Tabatinga, Benjamin Constant, Santo Ant\u00f4nio do I\u00e7\u00e1, Itacoatiara, Autazes e Manaus. O Estado, um dos mais afetados pela pandemia \u2014soma 14.168 casos do novo coronav\u00edrus e 1.098 \u00f3bitos, segundo o Minist\u00e9rio da Sa\u00fade\u2014&nbsp;<a href=\"https:\/\/brasil.elpais.com\/internacional\/2020-05-06\/os-indigenas-da-amazonia-lancam-um-sos-para-pedir-protecao-ante-a-pandemia.html\" target=\"_blank\" rel=\"noreferrer noopener\">j\u00e1 registrou a morte por covid-19 de 43 ind\u00edgenas&nbsp;<\/a>de nove povos diferentes.<\/p>\n\n\n\n<h3 class=\"wp-block-heading\">Outras amea\u00e7as<\/h3>\n\n\n\n<p>Em meio ao avan\u00e7o da pandemia entre os povos origin\u00e1rios, o Congresso colocou em vota\u00e7\u00e3o nesta ter\u00e7a-feira a Medida Provis\u00f3ria (MP) 910, que, na pr\u00e1tica,&nbsp;<a href=\"https:\/\/brasil.elpais.com\/planeta_futuro\/2020-04-23\/a-dupla-ameaca-para-os-povos-da-amazonia.html\" target=\"_blank\" rel=\"noreferrer noopener\">regulariza terras ocupadas irregularmente no pa\u00eds.<\/a>&nbsp;A MP beneficia casos recentes de grilagem, anistiando o crime de invas\u00e3o de terra p\u00fablica (e favorecendo sua titula\u00e7\u00e3o) \u00e0queles que o praticaram entre o final de 2011 e 2018, al\u00e9m de estimular novas ocupa\u00e7\u00f5es e desmatamentos ilegais ao refor\u00e7ar a expectativa de grileiros e posseiros ilegais na Amaz\u00f4nia de que os prazos ser\u00e3o, novamente, no futuro, atualizados pelo governo federal ou Congresso Nacional. Lideran\u00e7as de partidos como o&nbsp;<a href=\"https:\/\/brasil.elpais.com\/noticias\/pmdb-partido-movimiento-democratico-brasileno\/\" target=\"_blank\" rel=\"noreferrer noopener\">MDB<\/a>&nbsp;e o&nbsp;<a href=\"https:\/\/brasil.elpais.com\/noticias\/psl-partido-social-liberal\/\" target=\"_blank\" rel=\"noreferrer noopener\">PSL<\/a>&nbsp;sugeriram que o Congresso deixe deixe de discutir a regulariza\u00e7\u00e3o fundi\u00e1ria por meio da MP e que e trate do tema por meio de um projeto de lei, a ser analisado na semana que vem.<\/p>\n\n\n\n<p>Diversas organiza\u00e7\u00f5es socioambientais, tais como o CIMI (Conselho Indigenista Mission\u00e1rio), ISA (Instituto Socioambiental), Greenpeace e WWF-Brasil, al\u00e9m de ex-Ministros do Meio Ambiente, como Sarney Filho, Carlos Minc e Marina Silva, se pronunciaram contrariamente \u00e0 MP 910. A APIB argumenta que, se aprovada, a medida pode colaborar para o aumento dos casos de morte e contamina\u00e7\u00e3o dentro dos territ\u00f3rios ind\u00edgenas, \u201cpois incentiva o aumento das invas\u00f5es que viola o&nbsp;<a href=\"https:\/\/brasil.elpais.com\/opiniao\/2020-04-19\/os-povos-indigenas-isolados-tambem-estao-em-isolamento-voluntario.html\" target=\"_blank\" rel=\"noreferrer noopener\">isolamento social das comunidades<\/a>\u201d.<\/p>\n\n\n\n<p>A APIB realizou, nos dias 8 e 9 de maio, a Assembleia Nacional de Resist\u00eancia Ind\u00edgena para tra\u00e7ar um plano de enfrentamento da pandemia espec\u00edfico ao contexto dos povos ind\u00edgenas. \u201cEm tempos de pandemia, a luta e a solidariedade coletiva que reacendeu no mundo s\u00f3 ser\u00e1 completa com os povos ind\u00edgenas, pois a cura estar\u00e1 n\u00e3o apenas no princ\u00edpio ativo, mas no ativar de nossos princ\u00edpios humanos\u201d, conclui a nota da associa\u00e7\u00e3o.<\/p>\n\n\n\n<p><\/p>\n","protected":false},"excerpt":{"rendered":"<p>308 ind\u00edgenas j\u00e1 tiveram covid-19, de acordo com dados da Sesai (Secretaria Especial de Sa\u00fade Ind\u00edgena) e da APIB (Articula\u00e7\u00e3o dos Povos Ind\u00edgenas do Brasil)<\/p>\n","protected":false},"author":1,"featured_media":0,"comment_status":"closed","ping_status":"open","sticky":false,"template":"","format":"standard","meta":{"_exactmetrics_skip_tracking":false,"_exactmetrics_sitenote_active":false,"_exactmetrics_sitenote_note":"","_exactmetrics_sitenote_category":0,"jetpack_post_was_ever_published":false,"_jetpack_newsletter_access":"","_jetpack_dont_email_post_to_subs":false,"_jetpack_newsletter_tier_id":0,"_jetpack_memberships_contains_paywalled_content":false,"_jetpack_memberships_contains_paid_content":false,"footnotes":"","jetpack_publicize_message":"","jetpack_publicize_feature_enabled":true,"jetpack_social_post_already_shared":true,"jetpack_social_options":{"image_generator_settings":{"template":"highway","enabled":false},"version":2}},"categories":[1],"tags":[],"class_list":["post-28108","post","type-post","status-publish","format-standard","hentry","category-notas"],"jetpack_publicize_connections":[],"jetpack_sharing_enabled":true,"jetpack_featured_media_url":"","jetpack_shortlink":"https:\/\/wp.me\/p7wKYW-7jm","jetpack-related-posts":[],"_links":{"self":[{"href":"http:\/\/blogdalucianaoliveira.com.br\/blog\/wp-json\/wp\/v2\/posts\/28108","targetHints":{"allow":["GET"]}}],"collection":[{"href":"http:\/\/blogdalucianaoliveira.com.br\/blog\/wp-json\/wp\/v2\/posts"}],"about":[{"href":"http:\/\/blogdalucianaoliveira.com.br\/blog\/wp-json\/wp\/v2\/types\/post"}],"author":[{"embeddable":true,"href":"http:\/\/blogdalucianaoliveira.com.br\/blog\/wp-json\/wp\/v2\/users\/1"}],"replies":[{"embeddable":true,"href":"http:\/\/blogdalucianaoliveira.com.br\/blog\/wp-json\/wp\/v2\/comments?post=28108"}],"version-history":[{"count":1,"href":"http:\/\/blogdalucianaoliveira.com.br\/blog\/wp-json\/wp\/v2\/posts\/28108\/revisions"}],"predecessor-version":[{"id":28110,"href":"http:\/\/blogdalucianaoliveira.com.br\/blog\/wp-json\/wp\/v2\/posts\/28108\/revisions\/28110"}],"wp:attachment":[{"href":"http:\/\/blogdalucianaoliveira.com.br\/blog\/wp-json\/wp\/v2\/media?parent=28108"}],"wp:term":[{"taxonomy":"category","embeddable":true,"href":"http:\/\/blogdalucianaoliveira.com.br\/blog\/wp-json\/wp\/v2\/categories?post=28108"},{"taxonomy":"post_tag","embeddable":true,"href":"http:\/\/blogdalucianaoliveira.com.br\/blog\/wp-json\/wp\/v2\/tags?post=28108"}],"curies":[{"name":"wp","href":"https:\/\/api.w.org\/{rel}","templated":true}]}}