{"id":28115,"date":"2020-05-13T20:04:17","date_gmt":"2020-05-14T00:04:17","guid":{"rendered":"http:\/\/blogdalucianaoliveira.com.br\/blog\/?p=28115"},"modified":"2020-05-13T22:26:23","modified_gmt":"2020-05-14T02:26:23","slug":"a-historia-da-familia-com-covid-19-sem-acompanhamento-e-tratada-so-com-dipirona","status":"publish","type":"post","link":"http:\/\/blogdalucianaoliveira.com.br\/blog\/2020\/05\/13\/a-historia-da-familia-com-covid-19-sem-acompanhamento-e-tratada-so-com-dipirona\/","title":{"rendered":"A hist\u00f3ria da fam\u00edlia com Covid-19 sem acompanhamento e tratada s\u00f3 com dipirona"},"content":{"rendered":"\n<figure class=\"wp-block-image size-large\"><img loading=\"lazy\" decoding=\"async\" width=\"1080\" height=\"947\" data-attachment-id=\"28116\" data-permalink=\"http:\/\/blogdalucianaoliveira.com.br\/blog\/2020\/05\/13\/a-historia-da-familia-com-covid-19-sem-acompanhamento-e-tratada-so-com-dipirona\/ane\/\" data-orig-file=\"https:\/\/i0.wp.com\/blogdalucianaoliveira.com.br\/blog\/wp-content\/uploads\/2020\/05\/Ane.jpg?fit=1080%2C947\" data-orig-size=\"1080,947\" data-comments-opened=\"0\" data-image-meta=\"{&quot;aperture&quot;:&quot;0&quot;,&quot;credit&quot;:&quot;&quot;,&quot;camera&quot;:&quot;&quot;,&quot;caption&quot;:&quot;&quot;,&quot;created_timestamp&quot;:&quot;0&quot;,&quot;copyright&quot;:&quot;&quot;,&quot;focal_length&quot;:&quot;0&quot;,&quot;iso&quot;:&quot;0&quot;,&quot;shutter_speed&quot;:&quot;0&quot;,&quot;title&quot;:&quot;&quot;,&quot;orientation&quot;:&quot;0&quot;}\" data-image-title=\"Ane\" data-image-description=\"\" data-image-caption=\"\" data-medium-file=\"https:\/\/i0.wp.com\/blogdalucianaoliveira.com.br\/blog\/wp-content\/uploads\/2020\/05\/Ane.jpg?fit=300%2C263\" data-large-file=\"https:\/\/i0.wp.com\/blogdalucianaoliveira.com.br\/blog\/wp-content\/uploads\/2020\/05\/Ane.jpg?fit=600%2C526\" src=\"https:\/\/i1.wp.com\/blogdalucianaoliveira.com.br\/blog\/wp-content\/uploads\/2020\/05\/Ane.jpg?fit=600%2C526\" alt=\"\" class=\"wp-image-28116\" srcset=\"https:\/\/i0.wp.com\/blogdalucianaoliveira.com.br\/blog\/wp-content\/uploads\/2020\/05\/Ane.jpg?w=1080 1080w, https:\/\/i0.wp.com\/blogdalucianaoliveira.com.br\/blog\/wp-content\/uploads\/2020\/05\/Ane.jpg?resize=300%2C263 300w, https:\/\/i0.wp.com\/blogdalucianaoliveira.com.br\/blog\/wp-content\/uploads\/2020\/05\/Ane.jpg?resize=1024%2C898 1024w, https:\/\/i0.wp.com\/blogdalucianaoliveira.com.br\/blog\/wp-content\/uploads\/2020\/05\/Ane.jpg?resize=768%2C673 768w, https:\/\/i0.wp.com\/blogdalucianaoliveira.com.br\/blog\/wp-content\/uploads\/2020\/05\/Ane.jpg?resize=342%2C300 342w\" sizes=\"auto, (max-width: 600px) 100vw, 600px\" \/><\/figure>\n\n\n\n<p><\/p>\n\n\n\n<p>A m\u00e3e, duas filhas e o padrasto\ntestaram positivo para o novo coronav\u00edrus h\u00e1 mais de uma semana na Policl\u00ednica\nOsvaldo Cruz em Porto Velho.<\/p>\n\n\n\n<p>A identidade de todos ser\u00e1 preservada para que as dificuldades que enfrentam n\u00e3o sejam maiores. O drama da fam\u00edlia n\u00e3o foi noticiado, chegou ao blog como den\u00fancia para que todos saibam como infectados pela Covid-19 s\u00e3o tratados pela prefeitura da capital e pelo governo do estado.<\/p>\n\n\n\n<!--more-->\n\n\n\n<p>A primeira a sentir os sintomas e procurar uma unidade de sa\u00fade no dia 28 de mar\u00e7o foi a m\u00e3e e o resultado saiu tr\u00eas dias depois. Ela tem 47 anos, \u00e9 hipertensa, tem sete filhos e mora com os dois mais novos de 2 e 12 anos de idade, com a filha e o neto de 1 ano.<\/p>\n\n\n\n<p>A m\u00e3e conta que conseguiu fazer\no teste porque o marido trabalha em hospital.<\/p>\n\n\n\n<p>Dois dias depois ele e uma das filhas tamb\u00e9m come\u00e7aram a sentir os sintomas, foram testados e confirmaram que est\u00e3o com a doen\u00e7a.<\/p>\n\n\n\n<figure class=\"wp-block-image size-large\"><img data-recalc-dims=\"1\" loading=\"lazy\" decoding=\"async\" width=\"600\" height=\"600\" data-attachment-id=\"28117\" data-permalink=\"http:\/\/blogdalucianaoliveira.com.br\/blog\/2020\/05\/13\/a-historia-da-familia-com-covid-19-sem-acompanhamento-e-tratada-so-com-dipirona\/fam\/\" data-orig-file=\"https:\/\/i0.wp.com\/blogdalucianaoliveira.com.br\/blog\/wp-content\/uploads\/2020\/05\/fam.jpg?fit=640%2C640\" data-orig-size=\"640,640\" data-comments-opened=\"0\" data-image-meta=\"{&quot;aperture&quot;:&quot;0&quot;,&quot;credit&quot;:&quot;&quot;,&quot;camera&quot;:&quot;&quot;,&quot;caption&quot;:&quot;&quot;,&quot;created_timestamp&quot;:&quot;0&quot;,&quot;copyright&quot;:&quot;&quot;,&quot;focal_length&quot;:&quot;0&quot;,&quot;iso&quot;:&quot;0&quot;,&quot;shutter_speed&quot;:&quot;0&quot;,&quot;title&quot;:&quot;&quot;,&quot;orientation&quot;:&quot;0&quot;}\" data-image-title=\"fam\" data-image-description=\"\" data-image-caption=\"\" data-medium-file=\"https:\/\/i0.wp.com\/blogdalucianaoliveira.com.br\/blog\/wp-content\/uploads\/2020\/05\/fam.jpg?fit=300%2C300\" data-large-file=\"https:\/\/i0.wp.com\/blogdalucianaoliveira.com.br\/blog\/wp-content\/uploads\/2020\/05\/fam.jpg?fit=600%2C600\" src=\"https:\/\/i0.wp.com\/blogdalucianaoliveira.com.br\/blog\/wp-content\/uploads\/2020\/05\/fam.jpg?resize=600%2C600\" alt=\"\" class=\"wp-image-28117\" srcset=\"https:\/\/i0.wp.com\/blogdalucianaoliveira.com.br\/blog\/wp-content\/uploads\/2020\/05\/fam.jpg?w=640 640w, https:\/\/i0.wp.com\/blogdalucianaoliveira.com.br\/blog\/wp-content\/uploads\/2020\/05\/fam.jpg?resize=300%2C300 300w, https:\/\/i0.wp.com\/blogdalucianaoliveira.com.br\/blog\/wp-content\/uploads\/2020\/05\/fam.jpg?resize=150%2C150 150w\" sizes=\"auto, (max-width: 600px) 100vw, 600px\" \/><\/figure>\n\n\n\n<p>Quem conta essa hist\u00f3ria \u00e9 a outra filha que vamos chamar de Lu\u00edsa e pegou o resultado positivo no dia 7 de abril. Ela divide a casa com uma amiga que fez o teste e deu negativo (ou pode ser falso negativo) e mora no mesmo terreno com um irm\u00e3o que  n\u00e3o sabe se foi infectado. <\/p>\n\n\n\n<p>J\u00e1 se passaram 10 dias do primeiro caso na fam\u00edlia e nenhum contato foi feito pelas equipes que monitoram os testes confirmados em Porto Velho. <\/p>\n\n\n\n<p>A fam\u00edlia conta que a \u00fanica\norienta\u00e7\u00e3o dada quando sa\u00edram os resultados foi a de que deveriam ficar em casa\ntomando dipirona.<\/p>\n\n\n\n<p>Uma das filhas passou mal nesse per\u00edodo e procurou a Unidade de Pronto Atendimento da Zona Leste, mas foi tratada com grosseria e mandada de volta para casa.<\/p>\n\n\n\n<p>\u201cEu s\u00f3 queria ser atendida porque eu estava ruim. Eu tenho um beb\u00ea de um ano, se ele passar mal por isso ou por outra coisa, como vou fazer? N\u00e3o posso ir na UPA, nem v\u00e3o \u00e0 minha casa ver como estou?\u201d, pergunta.<\/p>\n\n\n\n<p>Ou\u00e7a \u00e1udio: <\/p>\n\n\n\n<figure class=\"wp-block-embed-soundcloud wp-block-embed is-type-rich is-provider-soundcloud wp-embed-aspect-4-3 wp-has-aspect-ratio\"><div class=\"wp-block-embed__wrapper\">\n<iframe loading=\"lazy\" title=\"\u00c1udio mulher com Covid by Blog da Luciana Oliveira\" width=\"600\" height=\"400\" scrolling=\"no\" frameborder=\"no\" src=\"https:\/\/w.soundcloud.com\/player\/?visual=true&#038;url=https%3A%2F%2Fapi.soundcloud.com%2Ftracks%2F819960367&#038;show_artwork=true&#038;maxheight=900&#038;maxwidth=600\"><\/iframe>\n<\/div><\/figure>\n\n\n\n<p><\/p>\n\n\n\n<p>O cotidiano da fam\u00edlia \u00e9 de ang\u00fastia pelo abandono dos que est\u00e3o \u00e0 frente do controle da pandemia e de medo pelas pessoas pr\u00f3ximas que ainda n\u00e3o foram testadas.<\/p>\n\n\n\n<p>Est\u00e3o em casa, tomando\ndipirona e n\u00e3o conseguem falar com ningu\u00e9m no Call Center do governo do estado\nque dizem funcionar 24 horas.<\/p>\n\n\n\n<p>\u201cPoxa&#8230;j\u00e1 se passaram 10 dias desde que a minha m\u00e3e recebeu o resultado positivo e ningu\u00e9m veio perguntar como estamos. J\u00e1 tentei v\u00e1rias vezes esse atendimento por telefone e a liga\u00e7\u00e3o cai ou fico ouvindo dicas de uma grava\u00e7\u00e3o. Quando as pessoas que est\u00e3o convivendo com a gente ser\u00e3o testadas? Ningu\u00e9m diz\u201d, cobrou Lu\u00edsa.<\/p>\n\n\n\n<p>Com tantas pessoas infectadas, uma n\u00e3o pode ajudar a outra.<\/p>\n\n\n\n<p>S\u00f3 o padrasto tem emprego com\ncarteira assinada. As mulheres trabalham na informalidade e dependem do aux\u00edlio-emergencial\ndo governo de 600 reais.<\/p>\n\n\n\n<p>O atendimento remoto pelo Call Center n\u00e3o orienta sobre como sobreviver \u00e0 Covid-19 neste sofrimento familiar e com o m\u00ednimo de dignidade. <\/p>\n\n\n\n<p>Este blog ligou e confirmou em\nv\u00e1rias tentativas a precariedade do sistema.<\/p>\n\n\n\n<p>O n\u00famero da op\u00e7\u00e3o de urg\u00eancia remete a um question\u00e1rio e termina com v\u00e1rias orienta\u00e7\u00f5es a quem se declara com todos os sintomas.<\/p>\n\n\n\n<p><\/p>\n\n\n\n<figure class=\"wp-block-embed-soundcloud wp-block-embed is-type-rich is-provider-soundcloud wp-embed-aspect-4-3 wp-has-aspect-ratio\"><div class=\"wp-block-embed__wrapper\">\n<iframe loading=\"lazy\" title=\"Call Center - Covid by Blog da Luciana Oliveira\" width=\"600\" height=\"400\" scrolling=\"no\" frameborder=\"no\" src=\"https:\/\/w.soundcloud.com\/player\/?visual=true&#038;url=https%3A%2F%2Fapi.soundcloud.com%2Ftracks%2F819959617&#038;show_artwork=true&#038;maxheight=900&#038;maxwidth=600\"><\/iframe>\n<\/div><\/figure>\n\n\n\n<p>Lu\u00edsa pede:<\/p>\n\n\n\n<figure class=\"wp-block-image size-large\"><img data-recalc-dims=\"1\" loading=\"lazy\" decoding=\"async\" width=\"600\" height=\"551\" data-attachment-id=\"28120\" data-permalink=\"http:\/\/blogdalucianaoliveira.com.br\/blog\/2020\/05\/13\/a-historia-da-familia-com-covid-19-sem-acompanhamento-e-tratada-so-com-dipirona\/e3fcd248-1503-42d0-b16f-958b9663ece7\/\" data-orig-file=\"https:\/\/i0.wp.com\/blogdalucianaoliveira.com.br\/blog\/wp-content\/uploads\/2020\/05\/E3FCD248-1503-42D0-B16F-958B9663ECE7.jpeg?fit=828%2C760\" data-orig-size=\"828,760\" data-comments-opened=\"0\" data-image-meta=\"{&quot;aperture&quot;:&quot;0&quot;,&quot;credit&quot;:&quot;&quot;,&quot;camera&quot;:&quot;&quot;,&quot;caption&quot;:&quot;&quot;,&quot;created_timestamp&quot;:&quot;0&quot;,&quot;copyright&quot;:&quot;&quot;,&quot;focal_length&quot;:&quot;0&quot;,&quot;iso&quot;:&quot;0&quot;,&quot;shutter_speed&quot;:&quot;0&quot;,&quot;title&quot;:&quot;&quot;,&quot;orientation&quot;:&quot;0&quot;}\" data-image-title=\"E3FCD248-1503-42D0-B16F-958B9663ECE7\" data-image-description=\"\" data-image-caption=\"\" data-medium-file=\"https:\/\/i0.wp.com\/blogdalucianaoliveira.com.br\/blog\/wp-content\/uploads\/2020\/05\/E3FCD248-1503-42D0-B16F-958B9663ECE7.jpeg?fit=300%2C275\" data-large-file=\"https:\/\/i0.wp.com\/blogdalucianaoliveira.com.br\/blog\/wp-content\/uploads\/2020\/05\/E3FCD248-1503-42D0-B16F-958B9663ECE7.jpeg?fit=600%2C551\" src=\"https:\/\/i0.wp.com\/blogdalucianaoliveira.com.br\/blog\/wp-content\/uploads\/2020\/05\/E3FCD248-1503-42D0-B16F-958B9663ECE7.jpeg?resize=600%2C551\" alt=\"\" class=\"wp-image-28120\" srcset=\"https:\/\/i0.wp.com\/blogdalucianaoliveira.com.br\/blog\/wp-content\/uploads\/2020\/05\/E3FCD248-1503-42D0-B16F-958B9663ECE7.jpeg?w=828 828w, https:\/\/i0.wp.com\/blogdalucianaoliveira.com.br\/blog\/wp-content\/uploads\/2020\/05\/E3FCD248-1503-42D0-B16F-958B9663ECE7.jpeg?resize=300%2C275 300w, https:\/\/i0.wp.com\/blogdalucianaoliveira.com.br\/blog\/wp-content\/uploads\/2020\/05\/E3FCD248-1503-42D0-B16F-958B9663ECE7.jpeg?resize=768%2C705 768w, https:\/\/i0.wp.com\/blogdalucianaoliveira.com.br\/blog\/wp-content\/uploads\/2020\/05\/E3FCD248-1503-42D0-B16F-958B9663ECE7.jpeg?resize=327%2C300 327w\" sizes=\"auto, (max-width: 600px) 100vw, 600px\" \/><\/figure>\n\n\n\n<p>O presidente do Partido Cidadania em Rond\u00f4nia, o professor e advogado Vin\u00edcius Miguel, testou positivo no \u00faltimo dia 07 e tamb\u00e9m n\u00e3o recebeu liga\u00e7\u00e3o e muito menos visita de alguma equipe da sa\u00fade. <\/p>\n\n\n\n<p>Leia aqui:  <\/p>\n\n\n\n<p><a href=\"http:\/\/blogdalucianaoliveira.com.br\/blog\/2020\/05\/11\/presidente-do-cidadania-em-rondonia-testou-positivo-para-covid-19-e-denuncia-falha-em-call-center-da-sesau\/\">http:\/\/blogdalucianaoliveira.com.br\/blog\/2020\/05\/11\/presidente-do-cidadania-em-rondonia-testou-positivo-para-covid-19-e-denuncia-falha-em-call-center-da-sesau\/<\/a> <\/p>\n\n\n\n<p>Sobre o Call Center, ele denunciou\na inefici\u00eancia do servi\u00e7o antes de ser infectado ao Tribunal de Contas do\nEstado. <\/p>\n\n\n\n<p>Agora \u00e9 mais um que n\u00e3o consegue atendimento num servi\u00e7o que deve custar muito caro. Que deve custar vidas.<\/p>\n","protected":false},"excerpt":{"rendered":"<p>A m\u00e3e, duas filhas e o padrasto testaram positivo para o novo coronav\u00edrus h\u00e1 mais de uma semana na Policl\u00ednica Osvaldo Cruz em Porto Velho. A identidade de todos ser\u00e1 preservada para que as dificuldades que enfrentam n\u00e3o sejam maiores. O drama da fam\u00edlia n\u00e3o foi noticiado, chegou ao blog como den\u00fancia para que todos&#8230;<a class=\"more-link\" href=\"http:\/\/blogdalucianaoliveira.com.br\/blog\/2020\/05\/13\/a-historia-da-familia-com-covid-19-sem-acompanhamento-e-tratada-so-com-dipirona\/\">Continue a leitura <span class=\"meta-nav\">&raquo;<\/span><\/a><\/p>\n","protected":false},"author":1,"featured_media":0,"comment_status":"closed","ping_status":"open","sticky":false,"template":"","format":"standard","meta":{"_exactmetrics_skip_tracking":false,"_exactmetrics_sitenote_active":false,"_exactmetrics_sitenote_note":"","_exactmetrics_sitenote_category":0,"jetpack_post_was_ever_published":false,"_jetpack_newsletter_access":"","_jetpack_dont_email_post_to_subs":false,"_jetpack_newsletter_tier_id":0,"_jetpack_memberships_contains_paywalled_content":false,"_jetpack_memberships_contains_paid_content":false,"footnotes":"","jetpack_publicize_message":"","jetpack_publicize_feature_enabled":true,"jetpack_social_post_already_shared":true,"jetpack_social_options":{"image_generator_settings":{"template":"highway","enabled":false},"version":2}},"categories":[1],"tags":[377,363,202,7],"class_list":["post-28115","post","type-post","status-publish","format-standard","hentry","category-notas","tag-call-center","tag-covid","tag-hildon-chaves","tag-rondonia"],"jetpack_publicize_connections":[],"jetpack_sharing_enabled":true,"jetpack_featured_media_url":"","jetpack_shortlink":"https:\/\/wp.me\/p7wKYW-7jt","jetpack-related-posts":[],"_links":{"self":[{"href":"http:\/\/blogdalucianaoliveira.com.br\/blog\/wp-json\/wp\/v2\/posts\/28115","targetHints":{"allow":["GET"]}}],"collection":[{"href":"http:\/\/blogdalucianaoliveira.com.br\/blog\/wp-json\/wp\/v2\/posts"}],"about":[{"href":"http:\/\/blogdalucianaoliveira.com.br\/blog\/wp-json\/wp\/v2\/types\/post"}],"author":[{"embeddable":true,"href":"http:\/\/blogdalucianaoliveira.com.br\/blog\/wp-json\/wp\/v2\/users\/1"}],"replies":[{"embeddable":true,"href":"http:\/\/blogdalucianaoliveira.com.br\/blog\/wp-json\/wp\/v2\/comments?post=28115"}],"version-history":[{"count":6,"href":"http:\/\/blogdalucianaoliveira.com.br\/blog\/wp-json\/wp\/v2\/posts\/28115\/revisions"}],"predecessor-version":[{"id":28124,"href":"http:\/\/blogdalucianaoliveira.com.br\/blog\/wp-json\/wp\/v2\/posts\/28115\/revisions\/28124"}],"wp:attachment":[{"href":"http:\/\/blogdalucianaoliveira.com.br\/blog\/wp-json\/wp\/v2\/media?parent=28115"}],"wp:term":[{"taxonomy":"category","embeddable":true,"href":"http:\/\/blogdalucianaoliveira.com.br\/blog\/wp-json\/wp\/v2\/categories?post=28115"},{"taxonomy":"post_tag","embeddable":true,"href":"http:\/\/blogdalucianaoliveira.com.br\/blog\/wp-json\/wp\/v2\/tags?post=28115"}],"curies":[{"name":"wp","href":"https:\/\/api.w.org\/{rel}","templated":true}]}}