{"id":28125,"date":"2020-05-14T08:55:15","date_gmt":"2020-05-14T12:55:15","guid":{"rendered":"http:\/\/blogdalucianaoliveira.com.br\/blog\/?p=28125"},"modified":"2020-05-14T08:55:41","modified_gmt":"2020-05-14T12:55:41","slug":"le-temps-brasil-uma-tragedia-pode-esconder-outra","status":"publish","type":"post","link":"http:\/\/blogdalucianaoliveira.com.br\/blog\/2020\/05\/14\/le-temps-brasil-uma-tragedia-pode-esconder-outra\/","title":{"rendered":"LE TEMPS: Brasil, uma trag\u00e9dia pode esconder outra"},"content":{"rendered":"\n<figure class=\"wp-block-image size-large\"><img data-recalc-dims=\"1\" loading=\"lazy\" decoding=\"async\" width=\"600\" height=\"306\" data-attachment-id=\"28127\" data-permalink=\"http:\/\/blogdalucianaoliveira.com.br\/blog\/2020\/05\/14\/le-temps-brasil-uma-tragedia-pode-esconder-outra\/image-48-6\/\" data-orig-file=\"https:\/\/i0.wp.com\/blogdalucianaoliveira.com.br\/blog\/wp-content\/uploads\/2020\/05\/image-48.jpeg?fit=1024%2C522\" data-orig-size=\"1024,522\" data-comments-opened=\"0\" data-image-meta=\"{&quot;aperture&quot;:&quot;0&quot;,&quot;credit&quot;:&quot;&quot;,&quot;camera&quot;:&quot;&quot;,&quot;caption&quot;:&quot;&quot;,&quot;created_timestamp&quot;:&quot;0&quot;,&quot;copyright&quot;:&quot;&quot;,&quot;focal_length&quot;:&quot;0&quot;,&quot;iso&quot;:&quot;0&quot;,&quot;shutter_speed&quot;:&quot;0&quot;,&quot;title&quot;:&quot;&quot;,&quot;orientation&quot;:&quot;0&quot;}\" data-image-title=\"image-48\" data-image-description=\"\" data-image-caption=\"\" data-medium-file=\"https:\/\/i0.wp.com\/blogdalucianaoliveira.com.br\/blog\/wp-content\/uploads\/2020\/05\/image-48.jpeg?fit=300%2C153\" data-large-file=\"https:\/\/i0.wp.com\/blogdalucianaoliveira.com.br\/blog\/wp-content\/uploads\/2020\/05\/image-48.jpeg?fit=600%2C306\" src=\"https:\/\/i0.wp.com\/blogdalucianaoliveira.com.br\/blog\/wp-content\/uploads\/2020\/05\/image-48.jpeg?resize=600%2C306\" alt=\"\" class=\"wp-image-28127\" srcset=\"https:\/\/i0.wp.com\/blogdalucianaoliveira.com.br\/blog\/wp-content\/uploads\/2020\/05\/image-48.jpeg?w=1024 1024w, https:\/\/i0.wp.com\/blogdalucianaoliveira.com.br\/blog\/wp-content\/uploads\/2020\/05\/image-48.jpeg?resize=300%2C153 300w, https:\/\/i0.wp.com\/blogdalucianaoliveira.com.br\/blog\/wp-content\/uploads\/2020\/05\/image-48.jpeg?resize=768%2C392 768w, https:\/\/i0.wp.com\/blogdalucianaoliveira.com.br\/blog\/wp-content\/uploads\/2020\/05\/image-48.jpeg?resize=589%2C300 589w\" sizes=\"auto, (max-width: 600px) 100vw, 600px\" \/><\/figure>\n\n\n\n<p>Le Temps, por Dominique Bourg &#8211; O manejo da crise do Covid-19 pelos governos populistas \u00e9 ca\u00f3tico, mas com a trag\u00e9dia de Jair Bolsonaro no Brasil prevalece o caos.  S\u00e3o at\u00e9 duas trag\u00e9dias que se entrela\u00e7am.  A crise de sa\u00fade da Covid mascara e permite a acelera\u00e7\u00e3o do processo genocida iniciado pelo governo Bolsonaro.<\/p>\n\n\n\n<!--more-->\n\n\n\n<p>Vamos relembrar alguns elementos do contexto.  A primeira \u00e9 a acelera\u00e7\u00e3o maci\u00e7a do desmatamento desde que Bolsonaro chegou ao poder.  Em 2019, aumentou 85% e 55% em compara\u00e7\u00e3o com 2019 durante os primeiros quatro meses de 2020 (fonte, INPE, Instituto Nacional de Pesquisas Espaciais do Brasil).  N\u00e3o \u00e9 por acaso que isso \u00e9 resultado direto da pol\u00edtica de um governo de extrema direita, apoiado pelo agroneg\u00f3cio e pelo mundo da minera\u00e7\u00e3o, pelo de muitos evang\u00e9licos.  O objetivo desta pol\u00edtica \u00e9 explorar as riquezas dos solos e subsolos da Amaz\u00f4nia em nome de um Deus que vigia os mercados mais do que os interesses de todo o seu rebanho.  A conseq\u00fc\u00eancia \u00e9 clara, na melhor das hip\u00f3teses, a assimila\u00e7\u00e3o dos nativos americanos, na pior das hip\u00f3teses sua destrui\u00e7\u00e3o.<\/p>\n\n\n\n<p>Essa pol\u00edtica entra em conflito com a Constitui\u00e7\u00e3o de 1988 (especialmente os artigos 231 e 232) que, ap\u00f3s cinco s\u00e9culos de massacres, acultura\u00e7\u00e3o e redu\u00e7\u00e3o da escravid\u00e3o, finalmente reconheceu os direitos dos povos amer\u00edndios.  Direitos territoriais, culturais, religiosos, sociais, pol\u00edtico-econ\u00f4micos e ambientais que eles estenderam atrav\u00e9s de suas lutas nos \u00faltimos 30 anos.<\/p>\n\n\n\n<p>Mesmo que o respeito a esses direitos tenha sido uma batalha em andamento, desde Bolsonaro as coisas tomaram uma virada mais dram\u00e1tica.  O discurso do chefe de Estado \u00e9 objetivamente racista e sua administra\u00e7\u00e3o est\u00e1 trabalhando para mordiscar o estado de direito, para tirar proveito de todas as brechas poss\u00edveis.  Recentemente, a medida provis\u00f3ria 910\/2019, que est\u00e1 prestes a ser votada pelo Congresso, chegou \u00e0s manchetes.  Anistia os crimes de invas\u00e3o de terras p\u00fablicas perpetrados at\u00e9 o final de 2018 e, obviamente, incita a continuar a captura de terras p\u00fablicas que n\u00e3o s\u00e3o aprovadas, mas que s\u00e3o reservadas aos povos ind\u00edgenas.  Uma declara\u00e7\u00e3o simples \u00e9 suficiente para regularizar essas ocupa\u00e7\u00f5es.  Um chefe de governo foi colocado \u00e0 frente da administra\u00e7\u00e3o anteriormente respons\u00e1vel pela prote\u00e7\u00e3o dos territ\u00f3rios ind\u00edgenas, a Funai, para redirecionar sua a\u00e7\u00e3o.  Etc.  Al\u00e9m disso, est\u00e1 o incentivo ao poder das a\u00e7\u00f5es ilegais e o aumento do n\u00famero de l\u00edderes assassinados.<\/p>\n\n\n\n<p>Vamos lembrar uma coisa: destruir a floresta para os povos amaz\u00f4nicos seria como ter nivelado as montanhas e destru\u00eddo as igrejas para os valaisanos (ou qualquer outra popula\u00e7\u00e3o europ\u00e9ia ou n\u00e3o) do s\u00e9culo XIX, reduzindo-os \u00e0 escravid\u00e3o,  convertendo-os \u00e0 for\u00e7a para uma religi\u00e3o ex\u00f3tica, enquanto os abordava com profundo desprezo.  Isso ser\u00e1 suficiente para fazer as pessoas entenderem a for\u00e7a e a coragem desses povos que conseguiram nas \u00faltimas d\u00e9cadas reconstruir suas culturas e reivindicar seus direitos.<\/p>\n\n\n\n<p>O desmatamento na Amaz\u00f4nia \u00e9 indiscriminadamente etnocida e ecocida.  O desmatamento na Amaz\u00f4nia \u00e9 de fato um jogo perigoso tamb\u00e9m para toda a humanidade.  Abaixo de um certo limiar de desmatamento, do qual devemos estar pr\u00f3ximos, a floresta deve se transformar em savana e interromper os ciclos hidrol\u00f3gicos globais, devolver di\u00f3xido de carbono e metano em massa \u00e0 atmosfera, levando-o ao inferno.  uma parte preciosa da biodiversidade do mundo.<\/p>\n\n\n\n<p>A esse respeito, mencionemos o papel que os povos ind\u00edgenas desempenham hoje tanto na preserva\u00e7\u00e3o da floresta e dos vivos, quanto no clima.  Um papel agora reconhecido por organismos cient\u00edficos e internacionais, como o IPCC para o clima ou o IPBES para a biodiversidade.  Outra raz\u00e3o para a import\u00e2ncia de nossos olhos para os povos amer\u00edndios s\u00e3o suas culturas, das quais um antrop\u00f3logo como Viveiro de Castro p\u00f4de destacar, com outros, a intensidade especulativa e filos\u00f3fica, com o que chama de perspectivismo.  : um jogo de pontos de vista sutis que estrutura o ser amer\u00edndio no mundo.  Da\u00ed o fato de que eles se tornaram um marco para n\u00f3s, n\u00e3o para nos unirmos adequadamente, mas um convite para sair do atoleiro cultural em que estamos afundando.  Onde nos consider\u00e1vamos estranhos \u00e0 natureza, a ponto de conceb\u00ea-la como um estoque de recursos para destruir, a ponto de transformar a Terra em um deserto ardente, pelo contr\u00e1rio, eles conseguiram construir relacionamentos respeitosos e muito elaborados no meio  .<\/p>\n\n\n\n<p>\u00c9 um respeito pela natureza an\u00e1loga que devemos reaprender.  De repente, tudo acontece como se, do nosso ponto de vista ocidental, cientificamente informado, a barb\u00e1rie tivesse mudado de lado.  O conhecimento mais sofisticado que somos capazes de produzir destaca os perigos iminentes no horizonte.  Bolsonaro e seu governo, os valores b\u00e1sicos e a cultura que afirmam, nos levam diretamente a uma cat\u00e1strofe global.  Eles s\u00e3o a pr\u00f3pria personifica\u00e7\u00e3o de barb\u00e1rie sem precedentes, de selvageria muito eficaz, fruto de um colapso moral e intelectual.<\/p>\n\n\n\n<figure class=\"wp-block-image size-large\"><img data-recalc-dims=\"1\" loading=\"lazy\" decoding=\"async\" width=\"600\" height=\"362\" data-attachment-id=\"28126\" data-permalink=\"http:\/\/blogdalucianaoliveira.com.br\/blog\/2020\/05\/14\/le-temps-brasil-uma-tragedia-pode-esconder-outra\/image-47-6\/\" data-orig-file=\"https:\/\/i0.wp.com\/blogdalucianaoliveira.com.br\/blog\/wp-content\/uploads\/2020\/05\/image-47.jpeg?fit=1024%2C618\" data-orig-size=\"1024,618\" data-comments-opened=\"0\" data-image-meta=\"{&quot;aperture&quot;:&quot;0&quot;,&quot;credit&quot;:&quot;&quot;,&quot;camera&quot;:&quot;&quot;,&quot;caption&quot;:&quot;&quot;,&quot;created_timestamp&quot;:&quot;0&quot;,&quot;copyright&quot;:&quot;&quot;,&quot;focal_length&quot;:&quot;0&quot;,&quot;iso&quot;:&quot;0&quot;,&quot;shutter_speed&quot;:&quot;0&quot;,&quot;title&quot;:&quot;&quot;,&quot;orientation&quot;:&quot;0&quot;}\" data-image-title=\"image-47\" data-image-description=\"\" data-image-caption=\"\" data-medium-file=\"https:\/\/i0.wp.com\/blogdalucianaoliveira.com.br\/blog\/wp-content\/uploads\/2020\/05\/image-47.jpeg?fit=300%2C181\" data-large-file=\"https:\/\/i0.wp.com\/blogdalucianaoliveira.com.br\/blog\/wp-content\/uploads\/2020\/05\/image-47.jpeg?fit=600%2C362\" src=\"https:\/\/i0.wp.com\/blogdalucianaoliveira.com.br\/blog\/wp-content\/uploads\/2020\/05\/image-47.jpeg?resize=600%2C362\" alt=\"\" class=\"wp-image-28126\" srcset=\"https:\/\/i0.wp.com\/blogdalucianaoliveira.com.br\/blog\/wp-content\/uploads\/2020\/05\/image-47.jpeg?w=1024 1024w, https:\/\/i0.wp.com\/blogdalucianaoliveira.com.br\/blog\/wp-content\/uploads\/2020\/05\/image-47.jpeg?resize=300%2C181 300w, https:\/\/i0.wp.com\/blogdalucianaoliveira.com.br\/blog\/wp-content\/uploads\/2020\/05\/image-47.jpeg?resize=768%2C464 768w, https:\/\/i0.wp.com\/blogdalucianaoliveira.com.br\/blog\/wp-content\/uploads\/2020\/05\/image-47.jpeg?resize=497%2C300 497w\" sizes=\"auto, (max-width: 600px) 100vw, 600px\" \/><\/figure>\n\n\n\n<p>A segunda trag\u00e9dia em andamento \u00e9 a do coronav\u00edrus, que est\u00e1 assumindo uma apar\u00eancia muito especial para os povos ind\u00edgenas.  Por um lado, seus inimigos se aproveitam disso para penetrar em seus territ\u00f3rios e saquear recursos e disparar para l\u00e1, mas tamb\u00e9m para espalhar o Covid por l\u00e1, involuntariamente, espero.  Por outro lado, o Covid traz necessariamente \u00e0 tona uma trag\u00e9dia muito anterior, que remonta at\u00e9 cinco s\u00e9culos, ao in\u00edcio da coloniza\u00e7\u00e3o;  mas que foi reproduzido recentemente.  Os conquistadores europeus derrotaram os imp\u00e9rios amer\u00edndios mais por seus germes do que por armas.  Os colonos trouxeram consigo doen\u00e7as desconhecidas do continente americano, que em particular provocaram genoc\u00eddio no sul: at\u00e9 80% da popula\u00e7\u00e3o desapareceu.  Tanto \u00e9 que essa trag\u00e9dia, com suas consequ\u00eancias demogr\u00e1ficas, causou indiretamente uma ligeira diminui\u00e7\u00e3o na concentra\u00e7\u00e3o de di\u00f3xido de carbono na atmosfera.  Na realidade, milh\u00f5es de agricultores foram varridos por doen\u00e7as em algumas d\u00e9cadas, deixando \u00e1reas dispersas, mas n\u00e3o desprez\u00edveis, at\u00e9 ent\u00e3o cultivadas na floresta.  E foi o retorno da floresta a essas \u00e1reas de jardins que causou essa diminui\u00e7\u00e3o na concentra\u00e7\u00e3o atmosf\u00e9rica de carbono.  Essa trag\u00e9dia foi repetida recentemente, no entanto, em uma escala completamente diferente.  Em 1969, por exemplo, os primeiros contatos ocorreram entre o Paiter Surui e os brancos (Rond\u00f4nia).  O povo Surui passou de uma for\u00e7a de trabalho de 5.000 para 300, em poucos anos.  As doen\u00e7as pulmonares de fora da floresta t\u00eam, portanto, um cheiro muito espec\u00edfico de cinzas para esses povos.  Soma-se a isso as dificuldades experimentadas por vilarejos inteiros que procuram se isolar das cidades vizinhas para sobreviver, mas, consequentemente, carecem de bens essenciais.<\/p>\n\n\n\n<p>Portanto, \u00e9 de fato uma dupla trag\u00e9dia que se desenrola na Amaz\u00f4nia, com um auge de sofrimento e injusti\u00e7a para esses povos, e isso em nome de uma gan\u00e2ncia m\u00edope, incentivada por l\u00edderes e estranhos venais a qualquer pessoa.  uma esp\u00e9cie de discernimento e dignidade.  A estupidez e o cinismo de Bolsonaro come\u00e7aram a despertar uma s\u00e9rie de rea\u00e7\u00f5es.  Os deputados est\u00e3o tentando se aproximar da Comiss\u00e3o de Bruxelas.  Bolsonaro tem sido objeto de informa\u00e7\u00f5es nos tribunais e na OMS.  Vozes s\u00e3o levantadas para um processo de demiss\u00e3o.  \u00c9 por isso que me parece importante apoiar financeiramente e, em caso de emerg\u00eancia, as associa\u00e7\u00f5es que existem no local para ajudar os povos ind\u00edgenas.  E me refiro aqui \u00e0 associa\u00e7\u00e3o su\u00ed\u00e7a Aquaverde, que faz a conex\u00e3o com v\u00e1rias associa\u00e7\u00f5es no local.<\/p>\n\n\n\n<p>PS: fotos aquaverde.org, associa\u00e7\u00e3o para a prote\u00e7\u00e3o da floresta amaz\u00f4nica e apoio aos povos ind\u00edgenas.<\/p>\n","protected":false},"excerpt":{"rendered":"<p>Le Temps, por Dominique Bourg &#8211; O manejo da crise do Covid-19 pelos governos populistas \u00e9 ca\u00f3tico, mas com a trag\u00e9dia de Jair Bolsonaro no Brasil prevalece o caos. S\u00e3o at\u00e9 duas trag\u00e9dias que se entrela\u00e7am. A crise de sa\u00fade da Covid mascara e permite a acelera\u00e7\u00e3o do processo genocida iniciado pelo governo Bolsonaro.<\/p>\n","protected":false},"author":1,"featured_media":0,"comment_status":"closed","ping_status":"open","sticky":false,"template":"","format":"standard","meta":{"_exactmetrics_skip_tracking":false,"_exactmetrics_sitenote_active":false,"_exactmetrics_sitenote_note":"","_exactmetrics_sitenote_category":0,"jetpack_post_was_ever_published":false,"_jetpack_newsletter_access":"","_jetpack_dont_email_post_to_subs":false,"_jetpack_newsletter_tier_id":0,"_jetpack_memberships_contains_paywalled_content":false,"_jetpack_memberships_contains_paid_content":false,"footnotes":"","jetpack_publicize_message":"","jetpack_publicize_feature_enabled":true,"jetpack_social_post_already_shared":true,"jetpack_social_options":{"image_generator_settings":{"template":"highway","enabled":false},"version":2}},"categories":[1],"tags":[],"class_list":["post-28125","post","type-post","status-publish","format-standard","hentry","category-notas"],"jetpack_publicize_connections":[],"jetpack_sharing_enabled":true,"jetpack_featured_media_url":"","jetpack_shortlink":"https:\/\/wp.me\/p7wKYW-7jD","jetpack-related-posts":[],"_links":{"self":[{"href":"http:\/\/blogdalucianaoliveira.com.br\/blog\/wp-json\/wp\/v2\/posts\/28125","targetHints":{"allow":["GET"]}}],"collection":[{"href":"http:\/\/blogdalucianaoliveira.com.br\/blog\/wp-json\/wp\/v2\/posts"}],"about":[{"href":"http:\/\/blogdalucianaoliveira.com.br\/blog\/wp-json\/wp\/v2\/types\/post"}],"author":[{"embeddable":true,"href":"http:\/\/blogdalucianaoliveira.com.br\/blog\/wp-json\/wp\/v2\/users\/1"}],"replies":[{"embeddable":true,"href":"http:\/\/blogdalucianaoliveira.com.br\/blog\/wp-json\/wp\/v2\/comments?post=28125"}],"version-history":[{"count":2,"href":"http:\/\/blogdalucianaoliveira.com.br\/blog\/wp-json\/wp\/v2\/posts\/28125\/revisions"}],"predecessor-version":[{"id":28129,"href":"http:\/\/blogdalucianaoliveira.com.br\/blog\/wp-json\/wp\/v2\/posts\/28125\/revisions\/28129"}],"wp:attachment":[{"href":"http:\/\/blogdalucianaoliveira.com.br\/blog\/wp-json\/wp\/v2\/media?parent=28125"}],"wp:term":[{"taxonomy":"category","embeddable":true,"href":"http:\/\/blogdalucianaoliveira.com.br\/blog\/wp-json\/wp\/v2\/categories?post=28125"},{"taxonomy":"post_tag","embeddable":true,"href":"http:\/\/blogdalucianaoliveira.com.br\/blog\/wp-json\/wp\/v2\/tags?post=28125"}],"curies":[{"name":"wp","href":"https:\/\/api.w.org\/{rel}","templated":true}]}}