{"id":2813,"date":"2016-08-02T13:33:54","date_gmt":"2016-08-02T17:33:54","guid":{"rendered":"http:\/\/blogdalucianaoliveira.com.br\/blog\/?p=2813"},"modified":"2016-08-02T13:33:54","modified_gmt":"2016-08-02T17:33:54","slug":"quem-te-viu-quem-te-ve-suas-noites-sao-de-gala-nosso-samba-ainda-e-na-rua","status":"publish","type":"post","link":"http:\/\/blogdalucianaoliveira.com.br\/blog\/2016\/08\/02\/quem-te-viu-quem-te-ve-suas-noites-sao-de-gala-nosso-samba-ainda-e-na-rua\/","title":{"rendered":"Quem te viu, quem te v\u00ea. Suas noites s\u00e3o de gala, nosso samba ainda \u00e9 na rua"},"content":{"rendered":"<p><img data-recalc-dims=\"1\" loading=\"lazy\" decoding=\"async\" data-attachment-id=\"2814\" data-permalink=\"http:\/\/blogdalucianaoliveira.com.br\/blog\/2016\/08\/02\/quem-te-viu-quem-te-ve-suas-noites-sao-de-gala-nosso-samba-ainda-e-na-rua\/cristovam-capa-e1470145529737\/\" data-orig-file=\"https:\/\/i0.wp.com\/blogdalucianaoliveira.com.br\/blog\/wp-content\/uploads\/2016\/08\/cristovam-capa-e1470145529737.jpg?fit=740%2C490\" data-orig-size=\"740,490\" data-comments-opened=\"0\" data-image-meta=\"{&quot;aperture&quot;:&quot;0&quot;,&quot;credit&quot;:&quot;&quot;,&quot;camera&quot;:&quot;&quot;,&quot;caption&quot;:&quot;&quot;,&quot;created_timestamp&quot;:&quot;0&quot;,&quot;copyright&quot;:&quot;&quot;,&quot;focal_length&quot;:&quot;0&quot;,&quot;iso&quot;:&quot;0&quot;,&quot;shutter_speed&quot;:&quot;0&quot;,&quot;title&quot;:&quot;&quot;,&quot;orientation&quot;:&quot;0&quot;}\" data-image-title=\"cristovam-capa-e1470145529737\" data-image-description=\"\" data-image-caption=\"\" data-medium-file=\"https:\/\/i0.wp.com\/blogdalucianaoliveira.com.br\/blog\/wp-content\/uploads\/2016\/08\/cristovam-capa-e1470145529737.jpg?fit=300%2C199\" data-large-file=\"https:\/\/i0.wp.com\/blogdalucianaoliveira.com.br\/blog\/wp-content\/uploads\/2016\/08\/cristovam-capa-e1470145529737.jpg?fit=600%2C397\" src=\"https:\/\/i0.wp.com\/blogdalucianaoliveira.com.br\/blog\/wp-content\/uploads\/2016\/08\/cristovam-capa-e1470145529737.jpg?resize=600%2C397\" alt=\"cristovam-capa-e1470145529737\" width=\"600\" height=\"397\" class=\"alignnone size-full wp-image-2814\" srcset=\"https:\/\/i0.wp.com\/blogdalucianaoliveira.com.br\/blog\/wp-content\/uploads\/2016\/08\/cristovam-capa-e1470145529737.jpg?w=740 740w, https:\/\/i0.wp.com\/blogdalucianaoliveira.com.br\/blog\/wp-content\/uploads\/2016\/08\/cristovam-capa-e1470145529737.jpg?resize=300%2C199 300w, https:\/\/i0.wp.com\/blogdalucianaoliveira.com.br\/blog\/wp-content\/uploads\/2016\/08\/cristovam-capa-e1470145529737.jpg?resize=453%2C300 453w\" sizes=\"auto, (max-width: 600px) 100vw, 600px\" \/><\/p>\n<p>(Fotomontagem: Revista F\u00f3rum)<\/p>\n<p>&#8220;Denunciar golpe ao mundo \u00e9 crime&#8221;, diz Cristovam Buarque<!--more--><\/p>\n<p>por Weden, no Jornal GGN<\/p>\n<p>O que restou de coer\u00eancia e seriedade num senador que chegou a ser um dos mais promissores pol\u00edticos do pa\u00eds? Nada sobre a perda de direitos dos trabalhadores; nada sobre a redu\u00e7\u00e3o absurda de investimentos em educa\u00e7\u00e3o e sa\u00fade prevista por Temer; nada sobre a quantidade de denunciados no governo interino; nada sobre os laudos e as per\u00edcias demonstrando que n\u00e3o h\u00e1 sustenta\u00e7\u00e3o jur\u00eddica para o impeachment. Para Cristovam Buarque, crime mesmo \u00e9 denunciar o golpe ao mundo. Em entrevista recente, disse com todas as letras:<\/p>\n<p>\u201cAs \u2018pedaladas\u2019 eu n\u00e3o sei se s\u00e3o crime, mas a presidente cometeu o crime de espalhar pelo mundo a ideia de que o impeachment \u00e9 golpe. Isso foi crime e \u00e9 um crime do qual estou sendo v\u00edtima. Estou ouvindo muito, me escrevem, protestam \u2013 por enquanto com respeito \u2013 porque eu ainda n\u00e3o votei\u201d, afirmou.<\/p>\n<p>Para o senador, a certeza de que foi golpe n\u00e3o deveria ser levada ao mundo, ou denunciada \u00e0 imprensa internacional, \u00e0s organiza\u00e7\u00f5es internacionais, n\u00e3o deveria sair aqui da prov\u00edncia.  Crist\u00f3vam acha que os golpes devem ficar bem escondidinhos, bem safadinhos, bem nas alcovas da democracia do pa\u00eds. Ou da falta dela.<\/p>\n<p>Parece realmente que Crist\u00f3vam est\u00e1 com vergonha de ser visto no exterior como um reles golpista, como um pol\u00edtico com pouco respeito \u00e0 democracia, aliado de aventureiros que, n\u00e3o sendo eleitos, usurpam o poder de maneira indecente e sem escr\u00fapulos.<\/p>\n<p>Ora, basta que ele mude o voto e defenda a democracia, para  que limpe a barra perante o mundo, a imprensa estrangeira, as organiza\u00e7\u00f5es internacionais, os parlamentares americanos, os senadores franceses, os intelectuais de express\u00e3o internacional.<\/p>\n<p>Para o inconformado senador, todos estes est\u00e3o cometendo o crime de revelar o golpe bananeiro. Imagino que se pudesse mandaria prender todos, incluindo Dilma, l\u00f3gico. Como se ela sozinha pudesse causar o tremendo estrago na imagem do pa\u00eds, agora visto de novo como uma democracia envergonhada.<\/p>\n<p>O que restou de Crist\u00f3vam? De novo podemos perguntar.<\/p>\n<p>Restou um pol\u00edtico ressentido (ainda a velha conversa sobre a paternidade do Bolsa Fam\u00edlia e sobre a demiss\u00e3o do MEC, de que n\u00e3o se recupera jamais), sem convic\u00e7\u00f5es, e, principalmente, sem respeito ao pr\u00f3prio passado. J\u00e1 que silencia at\u00e9 aqui sobre o desmonte do MEC patrocinado por Temer, sobre todos os males previstos contra os mais pobres, os mais desassistidos, os mais carentes.<\/p>\n<p>O que mostra que, o fundo, no fundo, o pior golpe de Crist\u00f3vam \u00e9 contra si mesmo. Algo que ainda pode corrigir, com um simples voto.<\/p>\n","protected":false},"excerpt":{"rendered":"<p>(Fotomontagem: Revista F\u00f3rum) &#8220;Denunciar golpe ao mundo \u00e9 crime&#8221;, diz Cristovam Buarque<\/p>\n","protected":false},"author":1,"featured_media":0,"comment_status":"closed","ping_status":"open","sticky":false,"template":"","format":"standard","meta":{"_exactmetrics_skip_tracking":false,"_exactmetrics_sitenote_active":false,"_exactmetrics_sitenote_note":"","_exactmetrics_sitenote_category":0,"jetpack_post_was_ever_published":false,"_jetpack_newsletter_access":"","_jetpack_dont_email_post_to_subs":false,"_jetpack_newsletter_tier_id":0,"_jetpack_memberships_contains_paywalled_content":false,"_jetpack_memberships_contains_paid_content":false,"footnotes":"","jetpack_publicize_message":"","jetpack_publicize_feature_enabled":true,"jetpack_social_post_already_shared":true,"jetpack_social_options":{"image_generator_settings":{"template":"highway","enabled":false},"version":2}},"categories":[1],"tags":[],"class_list":["post-2813","post","type-post","status-publish","format-standard","hentry","category-notas"],"jetpack_publicize_connections":[],"jetpack_sharing_enabled":true,"jetpack_featured_media_url":"","jetpack_shortlink":"https:\/\/wp.me\/p7wKYW-Jn","jetpack-related-posts":[],"_links":{"self":[{"href":"http:\/\/blogdalucianaoliveira.com.br\/blog\/wp-json\/wp\/v2\/posts\/2813","targetHints":{"allow":["GET"]}}],"collection":[{"href":"http:\/\/blogdalucianaoliveira.com.br\/blog\/wp-json\/wp\/v2\/posts"}],"about":[{"href":"http:\/\/blogdalucianaoliveira.com.br\/blog\/wp-json\/wp\/v2\/types\/post"}],"author":[{"embeddable":true,"href":"http:\/\/blogdalucianaoliveira.com.br\/blog\/wp-json\/wp\/v2\/users\/1"}],"replies":[{"embeddable":true,"href":"http:\/\/blogdalucianaoliveira.com.br\/blog\/wp-json\/wp\/v2\/comments?post=2813"}],"version-history":[{"count":1,"href":"http:\/\/blogdalucianaoliveira.com.br\/blog\/wp-json\/wp\/v2\/posts\/2813\/revisions"}],"predecessor-version":[{"id":2815,"href":"http:\/\/blogdalucianaoliveira.com.br\/blog\/wp-json\/wp\/v2\/posts\/2813\/revisions\/2815"}],"wp:attachment":[{"href":"http:\/\/blogdalucianaoliveira.com.br\/blog\/wp-json\/wp\/v2\/media?parent=2813"}],"wp:term":[{"taxonomy":"category","embeddable":true,"href":"http:\/\/blogdalucianaoliveira.com.br\/blog\/wp-json\/wp\/v2\/categories?post=2813"},{"taxonomy":"post_tag","embeddable":true,"href":"http:\/\/blogdalucianaoliveira.com.br\/blog\/wp-json\/wp\/v2\/tags?post=2813"}],"curies":[{"name":"wp","href":"https:\/\/api.w.org\/{rel}","templated":true}]}}