{"id":28130,"date":"2020-05-14T11:57:48","date_gmt":"2020-05-14T15:57:48","guid":{"rendered":"http:\/\/blogdalucianaoliveira.com.br\/blog\/?p=28130"},"modified":"2020-05-14T11:57:56","modified_gmt":"2020-05-14T15:57:56","slug":"pf-desmonta-farsa-de-bolsonaro-e-diz-que-nao-ha-mandante-no-caso-adelio","status":"publish","type":"post","link":"http:\/\/blogdalucianaoliveira.com.br\/blog\/2020\/05\/14\/pf-desmonta-farsa-de-bolsonaro-e-diz-que-nao-ha-mandante-no-caso-adelio\/","title":{"rendered":"PF desmonta farsa de Bolsonaro e diz que n\u00e3o h\u00e1 mandante no caso Ad\u00e9lio"},"content":{"rendered":"\n<figure class=\"wp-block-image size-large\"><img data-recalc-dims=\"1\" loading=\"lazy\" decoding=\"async\" width=\"600\" height=\"374\" data-attachment-id=\"28131\" data-permalink=\"http:\/\/blogdalucianaoliveira.com.br\/blog\/2020\/05\/14\/pf-desmonta-farsa-de-bolsonaro-e-diz-que-nao-ha-mandante-no-caso-adelio\/image-49-6\/\" data-orig-file=\"https:\/\/i0.wp.com\/blogdalucianaoliveira.com.br\/blog\/wp-content\/uploads\/2020\/05\/image-49.jpeg?fit=610%2C380\" data-orig-size=\"610,380\" data-comments-opened=\"0\" data-image-meta=\"{&quot;aperture&quot;:&quot;0&quot;,&quot;credit&quot;:&quot;&quot;,&quot;camera&quot;:&quot;&quot;,&quot;caption&quot;:&quot;&quot;,&quot;created_timestamp&quot;:&quot;0&quot;,&quot;copyright&quot;:&quot;&quot;,&quot;focal_length&quot;:&quot;0&quot;,&quot;iso&quot;:&quot;0&quot;,&quot;shutter_speed&quot;:&quot;0&quot;,&quot;title&quot;:&quot;&quot;,&quot;orientation&quot;:&quot;0&quot;}\" data-image-title=\"image-49\" data-image-description=\"\" data-image-caption=\"\" data-medium-file=\"https:\/\/i0.wp.com\/blogdalucianaoliveira.com.br\/blog\/wp-content\/uploads\/2020\/05\/image-49.jpeg?fit=300%2C187\" data-large-file=\"https:\/\/i0.wp.com\/blogdalucianaoliveira.com.br\/blog\/wp-content\/uploads\/2020\/05\/image-49.jpeg?fit=600%2C374\" src=\"https:\/\/i0.wp.com\/blogdalucianaoliveira.com.br\/blog\/wp-content\/uploads\/2020\/05\/image-49.jpeg?resize=600%2C374\" alt=\"\" class=\"wp-image-28131\" srcset=\"https:\/\/i0.wp.com\/blogdalucianaoliveira.com.br\/blog\/wp-content\/uploads\/2020\/05\/image-49.jpeg?w=610 610w, https:\/\/i0.wp.com\/blogdalucianaoliveira.com.br\/blog\/wp-content\/uploads\/2020\/05\/image-49.jpeg?resize=300%2C187 300w, https:\/\/i0.wp.com\/blogdalucianaoliveira.com.br\/blog\/wp-content\/uploads\/2020\/05\/image-49.jpeg?resize=482%2C300 482w\" sizes=\"auto, (max-width: 600px) 100vw, 600px\" \/><\/figure>\n\n\n\n<p><strong>247\u00a0<\/strong>&#8211; A Pol\u00edcia Federal (PF) concluiu em um segundo inqu\u00e9rito que n\u00e3o houve mandantes para o ataque a faca contra Jair Bolsonaro em Juiz de Fora (MG) na campanha presidencial pelo PSL em 2018. O autor da facada, Ad\u00e9lio Bispo de Oliveira, agiu sozinho, sem ajuda de terceiros. A investiga\u00e7\u00e3o \u00e9 coordenada pelo delegado Rodrigo Morais e entregue nesta quarta-feira (13) \u00e0 Justi\u00e7a Federal no munic\u00edpio mineiro.<\/p>\n\n\n\n<!--more-->\n\n\n\n<p>&#8220;O que a investiga\u00e7\u00e3o comprovou foi que o perpetrador, de modo in\u00e9dito, atentou contra a vida de um ent\u00e3o candidato \u00e0 Presid\u00eancia da Rep\u00fablica, com o claro prop\u00f3sito de tirar-lhe a vida&#8221;, destaca o delegado no inqu\u00e9rito.<\/p>\n\n\n\n<p>De acordo com as investiga\u00e7\u00f5es, n\u00e3o foram comprovadas a participa\u00e7\u00e3o de agremia\u00e7\u00f5es partid\u00e1rias, fac\u00e7\u00f5es criminosas, nem de grupos terroristas ou mesmo paramilitares.<\/p>\n","protected":false},"excerpt":{"rendered":"<p>247\u00a0&#8211; A Pol\u00edcia Federal (PF) concluiu em um segundo inqu\u00e9rito que n\u00e3o houve mandantes para o ataque a faca contra Jair Bolsonaro em Juiz de Fora (MG) na campanha presidencial pelo PSL em 2018. O autor da facada, Ad\u00e9lio Bispo de Oliveira, agiu sozinho, sem ajuda de terceiros. A investiga\u00e7\u00e3o \u00e9 coordenada pelo delegado Rodrigo&#8230;<a class=\"more-link\" href=\"http:\/\/blogdalucianaoliveira.com.br\/blog\/2020\/05\/14\/pf-desmonta-farsa-de-bolsonaro-e-diz-que-nao-ha-mandante-no-caso-adelio\/\">Continue a leitura <span class=\"meta-nav\">&raquo;<\/span><\/a><\/p>\n","protected":false},"author":1,"featured_media":0,"comment_status":"closed","ping_status":"open","sticky":false,"template":"","format":"standard","meta":{"_exactmetrics_skip_tracking":false,"_exactmetrics_sitenote_active":false,"_exactmetrics_sitenote_note":"","_exactmetrics_sitenote_category":0,"jetpack_post_was_ever_published":false,"_jetpack_newsletter_access":"","_jetpack_dont_email_post_to_subs":false,"_jetpack_newsletter_tier_id":0,"_jetpack_memberships_contains_paywalled_content":false,"_jetpack_memberships_contains_paid_content":false,"footnotes":"","jetpack_publicize_message":"","jetpack_publicize_feature_enabled":true,"jetpack_social_post_already_shared":true,"jetpack_social_options":{"image_generator_settings":{"template":"highway","enabled":false},"version":2}},"categories":[1],"tags":[],"class_list":["post-28130","post","type-post","status-publish","format-standard","hentry","category-notas"],"jetpack_publicize_connections":[],"jetpack_sharing_enabled":true,"jetpack_featured_media_url":"","jetpack_shortlink":"https:\/\/wp.me\/p7wKYW-7jI","jetpack-related-posts":[],"_links":{"self":[{"href":"http:\/\/blogdalucianaoliveira.com.br\/blog\/wp-json\/wp\/v2\/posts\/28130","targetHints":{"allow":["GET"]}}],"collection":[{"href":"http:\/\/blogdalucianaoliveira.com.br\/blog\/wp-json\/wp\/v2\/posts"}],"about":[{"href":"http:\/\/blogdalucianaoliveira.com.br\/blog\/wp-json\/wp\/v2\/types\/post"}],"author":[{"embeddable":true,"href":"http:\/\/blogdalucianaoliveira.com.br\/blog\/wp-json\/wp\/v2\/users\/1"}],"replies":[{"embeddable":true,"href":"http:\/\/blogdalucianaoliveira.com.br\/blog\/wp-json\/wp\/v2\/comments?post=28130"}],"version-history":[{"count":1,"href":"http:\/\/blogdalucianaoliveira.com.br\/blog\/wp-json\/wp\/v2\/posts\/28130\/revisions"}],"predecessor-version":[{"id":28132,"href":"http:\/\/blogdalucianaoliveira.com.br\/blog\/wp-json\/wp\/v2\/posts\/28130\/revisions\/28132"}],"wp:attachment":[{"href":"http:\/\/blogdalucianaoliveira.com.br\/blog\/wp-json\/wp\/v2\/media?parent=28130"}],"wp:term":[{"taxonomy":"category","embeddable":true,"href":"http:\/\/blogdalucianaoliveira.com.br\/blog\/wp-json\/wp\/v2\/categories?post=28130"},{"taxonomy":"post_tag","embeddable":true,"href":"http:\/\/blogdalucianaoliveira.com.br\/blog\/wp-json\/wp\/v2\/tags?post=28130"}],"curies":[{"name":"wp","href":"https:\/\/api.w.org\/{rel}","templated":true}]}}