{"id":28136,"date":"2020-05-14T12:13:57","date_gmt":"2020-05-14T16:13:57","guid":{"rendered":"http:\/\/blogdalucianaoliveira.com.br\/blog\/?p=28136"},"modified":"2020-05-14T12:16:29","modified_gmt":"2020-05-14T16:16:29","slug":"e-se-bolsonaro-nao-passar-de-uma-grande-fake-news","status":"publish","type":"post","link":"http:\/\/blogdalucianaoliveira.com.br\/blog\/2020\/05\/14\/e-se-bolsonaro-nao-passar-de-uma-grande-fake-news\/","title":{"rendered":"E se Bolsonaro n\u00e3o passar de uma grande \u2018fake news\u2019?"},"content":{"rendered":"\n<figure class=\"wp-block-image size-large\"><img data-recalc-dims=\"1\" loading=\"lazy\" decoding=\"async\" width=\"600\" height=\"400\" data-attachment-id=\"28137\" data-permalink=\"http:\/\/blogdalucianaoliveira.com.br\/blog\/2020\/05\/14\/e-se-bolsonaro-nao-passar-de-uma-grande-fake-news\/image-51-6\/\" data-orig-file=\"https:\/\/i0.wp.com\/blogdalucianaoliveira.com.br\/blog\/wp-content\/uploads\/2020\/05\/image-51.jpeg?fit=640%2C427\" data-orig-size=\"640,427\" data-comments-opened=\"0\" data-image-meta=\"{&quot;aperture&quot;:&quot;0&quot;,&quot;credit&quot;:&quot;&quot;,&quot;camera&quot;:&quot;&quot;,&quot;caption&quot;:&quot;&quot;,&quot;created_timestamp&quot;:&quot;0&quot;,&quot;copyright&quot;:&quot;&quot;,&quot;focal_length&quot;:&quot;0&quot;,&quot;iso&quot;:&quot;0&quot;,&quot;shutter_speed&quot;:&quot;0&quot;,&quot;title&quot;:&quot;&quot;,&quot;orientation&quot;:&quot;0&quot;}\" data-image-title=\"image-51\" data-image-description=\"\" data-image-caption=\"\" data-medium-file=\"https:\/\/i0.wp.com\/blogdalucianaoliveira.com.br\/blog\/wp-content\/uploads\/2020\/05\/image-51.jpeg?fit=300%2C200\" data-large-file=\"https:\/\/i0.wp.com\/blogdalucianaoliveira.com.br\/blog\/wp-content\/uploads\/2020\/05\/image-51.jpeg?fit=600%2C400\" src=\"https:\/\/i0.wp.com\/blogdalucianaoliveira.com.br\/blog\/wp-content\/uploads\/2020\/05\/image-51.jpeg?resize=600%2C400\" alt=\"\" class=\"wp-image-28137\" srcset=\"https:\/\/i0.wp.com\/blogdalucianaoliveira.com.br\/blog\/wp-content\/uploads\/2020\/05\/image-51.jpeg?w=640 640w, https:\/\/i0.wp.com\/blogdalucianaoliveira.com.br\/blog\/wp-content\/uploads\/2020\/05\/image-51.jpeg?resize=300%2C200 300w, https:\/\/i0.wp.com\/blogdalucianaoliveira.com.br\/blog\/wp-content\/uploads\/2020\/05\/image-51.jpeg?resize=450%2C300 450w\" sizes=\"auto, (max-width: 600px) 100vw, 600px\" \/><\/figure>\n\n\n\n<p>Tudo ao redor do presidente parece ser uma inven\u00e7\u00e3o, uma mentira, uma miragem, porque, se fosse verdade, seria uma trag\u00e9dia.<\/p>\n\n\n\n<!--more-->\n\n\n\n<p>No El Pa\u00eds, por Juan Arias <\/p>\n\n\n\n<p>O presidente&nbsp;<a rel=\"noreferrer noopener\" href=\"https:\/\/brasil.elpais.com\/noticias\/jair-messias-bolsonaro\/\" target=\"_blank\">Jair Bolsonaro<\/a>&nbsp;havia anunciado que no s\u00e1bado passado faria um churrasco para qualquer admirador seu que quisesse aparecer. A not\u00edcia foi vista como uma&nbsp;<a rel=\"noreferrer noopener\" href=\"https:\/\/brasil.elpais.com\/sociedade\/2020-05-14\/bolsonaro-insiste-em-disputa-politica-com-governadores-enquanto-brasil-ultrapassa-13000-mortes-por-coronavirus.html\" target=\"_blank\">provoca\u00e7\u00e3o contra as normas de isolamento<\/a>&nbsp;por causa da&nbsp;<a rel=\"noreferrer noopener\" href=\"https:\/\/brasil.elpais.com\/brasil\/2020-05-14\/ao-vivo-ultimas-noticias-sobre-o-coronavirus-e-a-crise-politica-no-brasil.html\" target=\"_blank\">pandemia do coronav\u00edrus<\/a>. Na manh\u00e3 do \u00faltimo s\u00e1bado, ele se retratou e disse que tudo n\u00e3o passou de&nbsp;<a rel=\"noreferrer noopener\" href=\"https:\/\/brasil.elpais.com\/opiniao\/2020-05-05\/como-bolsonaro-mussolini-iniciou-a-instauracao-do-fascismo-com-ameacas-ao-parlamento-e-a-liberdade-de-expressao.html\" target=\"_blank\"><em>fake news<\/em><\/a>. E tachou de \u201cidiotas\u201d os jornalistas que haviam acreditado na sua palavra.<\/p>\n\n\n\n<p>Naquela mesma manh\u00e3, o Brasil recebia a triste not\u00edcia de ter&nbsp;<a href=\"https:\/\/brasil.elpais.com\/brasil\/2020-05-10\/brasil-passa-de-10600-mortes-por-covid-19-enquanto-bolsonaro-anda-de-jet-ski-e-chama-pandemia-de-neurose.html\" target=\"_blank\" rel=\"noreferrer noopener\">superado os 10.000 mortos pela epidemia<\/a>, e o Congresso decretou tr\u00eas dias de luto nacional. Bolsonaro n\u00e3o proferiu nenhuma palavra de p\u00easames \u00e0s v\u00edtimas. O que s\u00e3o 10.000 mortos para ele?<\/p>\n\n\n\n<p>O problema n\u00e3o \u00e9 se aquela&nbsp;<a href=\"https:\/\/brasil.elpais.com\/brasil\/2020-05-08\/bolsonaro-forca-reuniao-midiatica-com-stf-para-tentar-dividir-a-conta-da-crise-economica-do-coronavirus.html\" target=\"_blank\" rel=\"noreferrer noopener\">bravata do presidente<\/a>&nbsp;de organizar um churrasco para uma multid\u00e3o enquanto a popula\u00e7\u00e3o sofria a lei da quarentena era uma brincadeira de mau gosto, uma provoca\u00e7\u00e3o macabra, ou uma&nbsp;<em>fake news<\/em>. O que ocorre \u00e9 que o presidente parece todo ele, mais do que uma realidade, uma grande&nbsp;<em>fake news<\/em>.<\/p>\n\n\n\n<p>N\u00e3o faz muito, ele mesmo questionou o resultado das elei\u00e7\u00f5es que lhe deram 57 milh\u00f5es de votos e a vit\u00f3ria. Talvez tivesse raz\u00e3o: que a\u00a0pr\u00f3pria elei\u00e7\u00e3o foi uma\u00a0<em>fake news<\/em>,\u00a0<a rel=\"noreferrer noopener\" href=\"https:\/\/brasil.elpais.com\/opiniao\/2020-05-05\/brasil-perde-status-de-democracia-liberal-perante-o-mundo.html\" target=\"_blank\">produzida pelos rob\u00f4s que ele soube dirigir<\/a>\u00a0t\u00e3o bem durante a campanha. Talvez seja verdade que foram falsificadas e, portanto, na verdade ele n\u00e3o existiria hoje como presidente.<\/p>\n\n\n\n<p>Tudo \u00e9 t\u00e3o irreal ao redor do ultra-autorit\u00e1rio populista que mais parece uma hist\u00f3ria de fic\u00e7\u00e3o que uma realidade. Parecem&nbsp;<em>fake news<\/em>&nbsp;boa parte de seus ministros vindos de outro planeta.&nbsp;<a href=\"https:\/\/brasil.elpais.com\/brasil\/2020-05-05\/forcas-armadas-sinalizam-distancia-de-bolsonaro-na-crise-do-coronavirus-mas-divorcio-de-militares-com-governo-e-improvavel.html\" target=\"_blank\" rel=\"noreferrer noopener\">Parece&nbsp;<em>fake news<\/em>&nbsp;sua pol\u00edtica externa desastrada<\/a>, sua ideia de escola sem partido, baseada nos ensinamentos da B\u00edblia. Parece&nbsp;<em>fake news<\/em>&nbsp;<a href=\"https:\/\/brasil.elpais.com\/brasil\/2020-05-11\/em-meio-a-pandemia-bolsonaro-acelera-medidas-para-beneficiar-desmatador-armamentista-e-evangelicos.html\" target=\"_blank\" rel=\"noreferrer noopener\">sua pol\u00edtica ambiental de destrui\u00e7\u00e3o da Amaz\u00f4nia<\/a>&nbsp;e exterm\u00ednio dos nativos, que assombra e atemoriza o mundo. Parece&nbsp;<em>fake<\/em>&nbsp;<em>news<\/em>&nbsp;seu recha\u00e7o aos direitos humanos mais elementares.<\/p>\n\n\n\n<p>Tudo ao redor do presidente \u2013 que os psic\u00f3logos temem se tratar de um caso psiqui\u00e1trico \u2013 parece ser uma inven\u00e7\u00e3o, uma mentira, uma miragem, porque, se fosse verdade, seria uma trag\u00e9dia.<\/p>\n\n\n\n<p>Quer algo mais&nbsp;<em>fake<\/em>&nbsp;que essa novela de que seus filhos governam com ele e usam apelidos de pol\u00edcia secreta, como 01, 02, 03 e agora est\u00e1 chegando o garoto 04, que J\u00c1 aprendeu a&nbsp;<a href=\"https:\/\/brasil.elpais.com\/brasil\/2020-05-10\/brasil-ultrapassa-11100-mortes-por-covid-19-sob-o-silencio-de-seu-presidente.html\" target=\"_blank\" rel=\"noreferrer noopener\">escrever nas redes que o coronav\u00edrus \u00e9 s\u00f3 uma gripezinha<\/a>? Que se gaba de ter \u201ccomido\u201d todas as garotas do condom\u00ednio onde vive em Rio? Era&nbsp;<em>fake<\/em>.<\/p>\n\n\n\n<p>Quer algo mais&nbsp;<em>fake news<\/em>&nbsp;que o que&nbsp;<a href=\"https:\/\/brasil.elpais.com\/brasil\/2020-05-13\/bolsonaro-disse-que-sua-familia-era-perseguida-pela-pf-e-cobrou-mudancas-relatam-espectadores-de-video.html\" target=\"_blank\" rel=\"noreferrer noopener\">seus filhos formarem uma dinastia<\/a>, mesmo sem participarem de nada. Quer algo mais&nbsp;<em>fake<\/em>&nbsp;que alguns deles serem suspeitos de envolvimento em mutretas de corrup\u00e7\u00e3o, com um pai cuja&nbsp;<a href=\"https:\/\/brasil.elpais.com\/opiniao\/2020-05-11\/pauta-anticorrupcao-decisiva-nas-ultimas-eleicoes-parece-ter-sido-esquecida.html\" target=\"_blank\" rel=\"noreferrer noopener\">bandeira era justamente exterminar os corruptos<\/a>? Terem usado assessores fantasmas? Gente das perigosas mil\u00edcias do Rio? Que tenham enriquecido com a hist\u00f3ria das&nbsp;<em>rachadinhas<\/em>&nbsp;e ganhado milh\u00f5es vendendo chocolates? Tudo&nbsp;<em>fake<\/em>. E o assassinato de Marielle? Tudo irreal, inventado. Uma mal\u00edcia grosseira de seus inimigos.<\/p>\n\n\n\n<p><a href=\"https:\/\/brasil.elpais.com\/brasil\/2020-05-12\/contra-o-feijao-que-cura-coronavirus-e-outras-mentiras-profissionais-de-saude-cobram-acao-das-gigantes-da-tecnologia.html\" target=\"_blank\" rel=\"noreferrer noopener\">Pode haver algo mais&nbsp;<em>fake<\/em><\/a>&nbsp;que um homem bravo como o presidente, atleta, esportista, um homem completo, apaixonado pelas armas e pela brincadeira de tiro ao alvo, ser capaz de cair em pranto na frente dos seus ministros? Por Deus!<\/p>\n\n\n\n<p>Tem que ser&nbsp;<em>fake news<\/em>&nbsp;essa hist\u00f3ria de que o presidente de extrema direita \u00e9 um apaixonado pela tortura e tem saudades da ditadura, j\u00e1 que ele queria s\u00f3 era limpar a esc\u00f3ria do comunismo no Brasil. Por isso se desiludiu quando a ditadura perdeu tempo torturando, pois para ele teria sido mais r\u00e1pido elimin\u00e1-los. P\u00f4s at\u00e9 um limite m\u00ednimo de quantos deveriam ter sido sacrificados, 30.000 comunistas. \u00c9 que era pedir muito?&nbsp;<em>Fake<\/em>com certeza. O presidente \u00e9 terno. Basta ver a delicadeza com que acaricia as armas e a paci\u00eancia com que ensinava uma menina em seus bra\u00e7os a imitar com sua m\u00e3o inocente o gesto de disparar um rev\u00f3lver.<\/p>\n\n\n\n<p>S\u00f3 pode ser&nbsp;<em>fake news<\/em>&nbsp;a facada que sofreu durante a campanha eleitoral, que poderia ter tido como mandante, segundo ele, algu\u00e9m da esquerda que quis elimin\u00e1-lo das elei\u00e7\u00f5es. Quem, afinal, iria se preocupar em tirar a vida de um candidato que s\u00f3 buscava o bem da na\u00e7\u00e3o, para o que era necess\u00e1rio p\u00f4r os esquerdistas de joelhos? Tudo&nbsp;<em>fake.<\/em><\/p>\n\n\n\n<p>Dizem que no fundo, na intimidade, o presidente \u00e9 doce e acolhedor. Um santo cheio de empatia. A \u00fanica coisa que, aparentemente, o tira de si e o transforma em algu\u00e9m violento s\u00e3o esses gays que crescem como cogumelos. O que n\u00e3o suporta s\u00e3o as mulheres feias. N\u00e3o servem, diz, nem para serem estupradas. Os gays, dizem alguns em voz baixa,&nbsp;<a href=\"https:\/\/brasil.elpais.com\/sociedade\/2020-05-12\/jovens-tem-choque-de-consciencia-sobre-privilegios-e-injusticas-do-brasil-durante-a-pandemia.html\" target=\"_blank\" rel=\"noreferrer noopener\">metem medo no presidente que se sente macho-alfa<\/a>. Os negros s\u00e3o para ele outra grande preocupa\u00e7\u00e3o. Deve se perguntar por que n\u00e3o os eliminaram antes da liberta\u00e7\u00e3o dos escravos. Seu Brasil \u00e9 branco. E os direitos humanos? Mas ser\u00e1 que devem existir direitos? Para que servem os diferentes? Para ele, somos uma manada sob um s\u00f3 pastor, que sabe o que cada um necessita e o que nos faz mal. Mas n\u00e3o se preocupem, \u00e9 s\u00f3&nbsp;<em>fake news<\/em>.<\/p>\n\n\n\n<p>Quem disse que o presidente n\u00e3o respeita as outras institui\u00e7\u00f5es do Estado? Tudo&nbsp;<em>fake<\/em>. O que ele n\u00e3o suporta \u00e9 que os outros poderes pretendam ser independentes. Ent\u00e3o para que serve o presidente? Quem melhor que ele sabe do que seus fi\u00e9is devotos necessitam? As leis que precisam ser aprovadas, as condena\u00e7\u00f5es que os tribunais devem impor? E o Supremo, com sua mania de querer interpretar a Constitui\u00e7\u00e3o? O presidente j\u00e1 disse com todas as letras: \u201cA Constitui\u00e7\u00e3o sou eu\u201d. Para que mais complica\u00e7\u00f5es?&nbsp;<a href=\"https:\/\/brasil.elpais.com\/opiniao\/2020-05-01\/sergio-moro-como-jano-o-deus-romano-das-duas-caras.html\" target=\"_blank\" rel=\"noreferrer noopener\">\u00c9 algo que Moro, seu ex-ministro-estrela da Justi\u00e7a, n\u00e3o tinha entendido<\/a>. Se ele \u00e9 a lei, por que a Pol\u00edcia deve lhe esconder segredos? At\u00e9 a\u00ed se podia chegar. N\u00e3o podem existir segredos para ele, que \u00e9 quem manda. O Brasil \u00e9 dele.<\/p>\n\n\n\n<p>Tudo isso n\u00e3o pode ser sen\u00e3o uma grande&nbsp;<em>fake news<\/em>. \u00c9 que ainda n\u00e3o entenderam a que veio o capit\u00e3o de reserva que vive&nbsp;<a href=\"https:\/\/brasil.elpais.com\/brasil\/2020-05-12\/ala-militar-do-planalto-depoe-sob-o-risco-de-ser-processada.html\" target=\"_blank\" rel=\"noreferrer noopener\">coroado por generais como se fossem anjos<\/a>, querubins e serafins que o protegem em seu governo. Eles s\u00e3o sua mil\u00edcia celestial. Mas e se tamb\u00e9m isso fosse&nbsp;<em>fake<\/em>, j\u00e1 que os militares t\u00eam outras hierarquias al\u00e9m das celestiais? Sabem que podem mandar nele se quiserem. Talvez s\u00f3 esperem o momento melhor. E isso n\u00e3o ser\u00e1&nbsp;<em>fake<\/em>.<\/p>\n\n\n\n<p><em>Fake<\/em>&nbsp;ou n\u00e3o, louco ou s\u00e3o, o presidente que ri da epidemia e despreza tudo o que cheire a liberdade de express\u00e3o, embora ele a use e dela abuse diariamente, precisa ser vigiado como se faz com as crian\u00e7as quando deixadas sozinhas em casa, brincando de acender f\u00f3sforos.&nbsp;<a href=\"https:\/\/brasil.elpais.com\/opiniao\/2020-03-25\/com-bolsonaro-e-coronavirus-amanha-pode-ser-tarde-demais-no-brasil.html\" target=\"_blank\" rel=\"noreferrer noopener\">Crian\u00e7as e loucos s\u00e3o perigosos porque um dia podem acabar incendiando a casa<\/a>.<\/p>\n\n\n\n<p>Melhor ape\u00e1-lo de seu perigoso pedestal e devolv\u00ea-lo \u00e0 escola para que aprenda que a vida real, n\u00e3o a das&nbsp;<em>fake news<\/em>, \u00e9 muito diferente.&nbsp;<a href=\"https:\/\/brasil.elpais.com\/opiniao\/2020-04-28\/por-que-o-bolsonarismo-raiz-engendrado-nos-gabinetes-do-odio-nao-tera-futuro-no-brasil.html\" target=\"_blank\" rel=\"noreferrer noopener\">Para que aprenda a riqueza das diferen\u00e7as<\/a>, o respeito pelas ideias alheias, a for\u00e7a da democracia e das liberdades. E para que aprenda os horrores e as baixezas, que j\u00e1 conhecemos da hist\u00f3ria, em que a humanidade cai quando se esquece que precisa viver em harmonia e em liberdade, respeitando-se mutuamente, ou ent\u00e3o voltaremos aos infernos que j\u00e1 conhecemos, cuja mera lembran\u00e7a n\u00e3o s\u00f3 nos horroriza como tamb\u00e9m nos julga e nos condena. E isso n\u00e3o \u00e9&nbsp;<em>fake news<\/em>. \u00c9 uma realidade que o Brasil n\u00e3o merece viver.<\/p>\n\n\n\n<p><\/p>\n","protected":false},"excerpt":{"rendered":"<p>Tudo ao redor do presidente parece ser uma inven\u00e7\u00e3o, uma mentira, uma miragem, porque, se fosse verdade, seria uma trag\u00e9dia.<\/p>\n","protected":false},"author":1,"featured_media":0,"comment_status":"closed","ping_status":"open","sticky":false,"template":"","format":"standard","meta":{"_exactmetrics_skip_tracking":false,"_exactmetrics_sitenote_active":false,"_exactmetrics_sitenote_note":"","_exactmetrics_sitenote_category":0,"jetpack_post_was_ever_published":false,"_jetpack_newsletter_access":"","_jetpack_dont_email_post_to_subs":false,"_jetpack_newsletter_tier_id":0,"_jetpack_memberships_contains_paywalled_content":false,"_jetpack_memberships_contains_paid_content":false,"footnotes":"","jetpack_publicize_message":"","jetpack_publicize_feature_enabled":true,"jetpack_social_post_already_shared":true,"jetpack_social_options":{"image_generator_settings":{"template":"highway","enabled":false},"version":2}},"categories":[1],"tags":[],"class_list":["post-28136","post","type-post","status-publish","format-standard","hentry","category-notas"],"jetpack_publicize_connections":[],"jetpack_sharing_enabled":true,"jetpack_featured_media_url":"","jetpack_shortlink":"https:\/\/wp.me\/p7wKYW-7jO","jetpack-related-posts":[],"_links":{"self":[{"href":"http:\/\/blogdalucianaoliveira.com.br\/blog\/wp-json\/wp\/v2\/posts\/28136","targetHints":{"allow":["GET"]}}],"collection":[{"href":"http:\/\/blogdalucianaoliveira.com.br\/blog\/wp-json\/wp\/v2\/posts"}],"about":[{"href":"http:\/\/blogdalucianaoliveira.com.br\/blog\/wp-json\/wp\/v2\/types\/post"}],"author":[{"embeddable":true,"href":"http:\/\/blogdalucianaoliveira.com.br\/blog\/wp-json\/wp\/v2\/users\/1"}],"replies":[{"embeddable":true,"href":"http:\/\/blogdalucianaoliveira.com.br\/blog\/wp-json\/wp\/v2\/comments?post=28136"}],"version-history":[{"count":2,"href":"http:\/\/blogdalucianaoliveira.com.br\/blog\/wp-json\/wp\/v2\/posts\/28136\/revisions"}],"predecessor-version":[{"id":28139,"href":"http:\/\/blogdalucianaoliveira.com.br\/blog\/wp-json\/wp\/v2\/posts\/28136\/revisions\/28139"}],"wp:attachment":[{"href":"http:\/\/blogdalucianaoliveira.com.br\/blog\/wp-json\/wp\/v2\/media?parent=28136"}],"wp:term":[{"taxonomy":"category","embeddable":true,"href":"http:\/\/blogdalucianaoliveira.com.br\/blog\/wp-json\/wp\/v2\/categories?post=28136"},{"taxonomy":"post_tag","embeddable":true,"href":"http:\/\/blogdalucianaoliveira.com.br\/blog\/wp-json\/wp\/v2\/tags?post=28136"}],"curies":[{"name":"wp","href":"https:\/\/api.w.org\/{rel}","templated":true}]}}