{"id":28140,"date":"2020-05-14T17:40:15","date_gmt":"2020-05-14T21:40:15","guid":{"rendered":"http:\/\/blogdalucianaoliveira.com.br\/blog\/?p=28140"},"modified":"2020-05-14T17:40:23","modified_gmt":"2020-05-14T21:40:23","slug":"homem-pelado-aparece-em-conferencia-virtual-entre-bolsonaro-e-empresarios","status":"publish","type":"post","link":"http:\/\/blogdalucianaoliveira.com.br\/blog\/2020\/05\/14\/homem-pelado-aparece-em-conferencia-virtual-entre-bolsonaro-e-empresarios\/","title":{"rendered":"Homem pelado aparece em confer\u00eancia virtual entre Bolsonaro e empres\u00e1rios"},"content":{"rendered":"\n<figure class=\"wp-block-image size-large\"><img data-recalc-dims=\"1\" loading=\"lazy\" decoding=\"async\" width=\"600\" height=\"400\" data-attachment-id=\"28141\" data-permalink=\"http:\/\/blogdalucianaoliveira.com.br\/blog\/2020\/05\/14\/homem-pelado-aparece-em-conferencia-virtual-entre-bolsonaro-e-empresarios\/image-52-6\/\" data-orig-file=\"https:\/\/i0.wp.com\/blogdalucianaoliveira.com.br\/blog\/wp-content\/uploads\/2020\/05\/image-52.jpeg?fit=1024%2C683\" data-orig-size=\"1024,683\" data-comments-opened=\"0\" data-image-meta=\"{&quot;aperture&quot;:&quot;0&quot;,&quot;credit&quot;:&quot;&quot;,&quot;camera&quot;:&quot;&quot;,&quot;caption&quot;:&quot;&quot;,&quot;created_timestamp&quot;:&quot;0&quot;,&quot;copyright&quot;:&quot;&quot;,&quot;focal_length&quot;:&quot;0&quot;,&quot;iso&quot;:&quot;0&quot;,&quot;shutter_speed&quot;:&quot;0&quot;,&quot;title&quot;:&quot;&quot;,&quot;orientation&quot;:&quot;0&quot;}\" data-image-title=\"image-52\" data-image-description=\"\" data-image-caption=\"\" data-medium-file=\"https:\/\/i0.wp.com\/blogdalucianaoliveira.com.br\/blog\/wp-content\/uploads\/2020\/05\/image-52.jpeg?fit=300%2C200\" data-large-file=\"https:\/\/i0.wp.com\/blogdalucianaoliveira.com.br\/blog\/wp-content\/uploads\/2020\/05\/image-52.jpeg?fit=600%2C400\" src=\"https:\/\/i0.wp.com\/blogdalucianaoliveira.com.br\/blog\/wp-content\/uploads\/2020\/05\/image-52.jpeg?resize=600%2C400\" alt=\"\" class=\"wp-image-28141\" srcset=\"https:\/\/i0.wp.com\/blogdalucianaoliveira.com.br\/blog\/wp-content\/uploads\/2020\/05\/image-52.jpeg?w=1024 1024w, https:\/\/i0.wp.com\/blogdalucianaoliveira.com.br\/blog\/wp-content\/uploads\/2020\/05\/image-52.jpeg?resize=300%2C200 300w, https:\/\/i0.wp.com\/blogdalucianaoliveira.com.br\/blog\/wp-content\/uploads\/2020\/05\/image-52.jpeg?resize=768%2C512 768w, https:\/\/i0.wp.com\/blogdalucianaoliveira.com.br\/blog\/wp-content\/uploads\/2020\/05\/image-52.jpeg?resize=450%2C300 450w\" sizes=\"auto, (max-width: 600px) 100vw, 600px\" \/><\/figure>\n\n\n\n<p>Na FSP &#8211; A cena em transmiss\u00e3o ao vivo, feita pelo aplicado Zoom e sem senha para acesso, causou constrangimento.<\/p>\n\n\n\n<!--more-->\n\n\n\n<p>Um homem apareceu pelado durante videoconfer\u00eancia entre o&nbsp;<a href=\"https:\/\/www1.folha.uol.com.br\/poder\/2020\/05\/e-guerra-tem-que-jogar-pesado-com-governadores-diz-bolsonaro-a-empresarios.shtml\">Jair Bolsonaro com empres\u00e1rios&nbsp;<\/a>nesta quinta-feira (14).<\/p>\n\n\n\n<p>A cena em transmiss\u00e3o ao vivo, feita pelo aplicado Zoom e sem senha para acesso, causou constrangimento.<\/p>\n\n\n\n<p>A certa altura,\u00a0<a href=\"https:\/\/www1.folha.uol.com.br\/mercado\/2020\/05\/parece-que-maia-quer-afundar-a-economia-para-ferrar-o-governo-diz-bolsonaro-a-empresarios.shtml\">Bolsonaro\u00a0<\/a>interrompeu uma fala do presidente da Fiesp (Federa\u00e7\u00e3o das Ind\u00fastrias do Estado de S\u00e3o Paulo), Paulo Skaf, para avisar que uma das pessoas assistindo a transmiss\u00e3o aparecia pelada em sua webcam.<\/p>\n\n\n\n<p>&#8220;Paulo, d\u00e1 uma parada a\u00ed. Paulo, tem um colega do \u00faltimo quadrinho ali&#8230; saiu fora, saiu fora, ok&#8221;, disse o presidente.<\/p>\n\n\n\n<p>Aos risos, o ministro Paulo Guedes (Economia) emendou: &#8220;Tem um cara tomando banho a\u00ed pelad\u00e3o, tem um pelad\u00e3o a\u00ed fazendo isolamento. Pelad\u00e3o em casa e tal, beleza&#8221;.<\/p>\n\n\n\n<p>Ainda no encontro com empres\u00e1rios, Bolsonaro&nbsp;<a href=\"https:\/\/www1.folha.uol.com.br\/mercado\/2020\/05\/parece-que-maia-quer-afundar-a-economia-para-ferrar-o-governo-diz-bolsonaro-a-empresarios.shtml\">atacou o presidente da C\u00e2mara, Rodrigo Maia (DEM-RJ).<\/a><\/p>\n\n\n\n<p>Ele criticou o deputado federal por entregar a relatoria da MP (Medida Provis\u00f3ria) da redu\u00e7\u00e3o de sal\u00e1rios e jornadas para o deputado Orlando Silva (PCdoB-SP).<\/p>\n\n\n\n<p>Segundo presidente, congressista parece querer &#8220;ferrar o governo&#8221;.<\/p>\n\n\n\n<p>&#8220;Entregar a MP da flexibiliza\u00e7\u00e3o para o PCdoB \u00e9 para n\u00e3o resolver. Tem gente que n\u00e3o \u00e9 do governo, que t\u00e1 dentro da outra Casa, que n\u00e3o quer resolver o assunto, parece que fizeram acordo com a esquerda&#8221;, disse o presidente, durante uma videoconfer\u00eancia com empres\u00e1rios.<\/p>\n\n\n\n<p>Sem citar Maia uma \u00fanica vez, Bolsonaro disparou estocadas contra o presidente da C\u00e2mara.<\/p>\n\n\n\n<p><\/p>\n\n\n\n<p>v\u00eddeo do UOL:<\/p>\n\n\n\n<div class=\"fb-post\" data-href=\"https:\/\/www.facebook.com\/21539158238\/posts\/10157097955338239\/?vh=e&#038;d=n\" data-width=\"552\"><\/div>\n","protected":false},"excerpt":{"rendered":"<p>Na FSP &#8211; A cena em transmiss\u00e3o ao vivo, feita pelo aplicado Zoom e sem senha para acesso, causou constrangimento.<\/p>\n","protected":false},"author":1,"featured_media":0,"comment_status":"closed","ping_status":"open","sticky":false,"template":"","format":"standard","meta":{"_exactmetrics_skip_tracking":false,"_exactmetrics_sitenote_active":false,"_exactmetrics_sitenote_note":"","_exactmetrics_sitenote_category":0,"jetpack_post_was_ever_published":false,"_jetpack_newsletter_access":"","_jetpack_dont_email_post_to_subs":false,"_jetpack_newsletter_tier_id":0,"_jetpack_memberships_contains_paywalled_content":false,"_jetpack_memberships_contains_paid_content":false,"footnotes":"","jetpack_publicize_message":"","jetpack_publicize_feature_enabled":true,"jetpack_social_post_already_shared":true,"jetpack_social_options":{"image_generator_settings":{"template":"highway","enabled":false},"version":2}},"categories":[1],"tags":[],"class_list":["post-28140","post","type-post","status-publish","format-standard","hentry","category-notas"],"jetpack_publicize_connections":[],"jetpack_sharing_enabled":true,"jetpack_featured_media_url":"","jetpack_shortlink":"https:\/\/wp.me\/p7wKYW-7jS","jetpack-related-posts":[],"_links":{"self":[{"href":"http:\/\/blogdalucianaoliveira.com.br\/blog\/wp-json\/wp\/v2\/posts\/28140","targetHints":{"allow":["GET"]}}],"collection":[{"href":"http:\/\/blogdalucianaoliveira.com.br\/blog\/wp-json\/wp\/v2\/posts"}],"about":[{"href":"http:\/\/blogdalucianaoliveira.com.br\/blog\/wp-json\/wp\/v2\/types\/post"}],"author":[{"embeddable":true,"href":"http:\/\/blogdalucianaoliveira.com.br\/blog\/wp-json\/wp\/v2\/users\/1"}],"replies":[{"embeddable":true,"href":"http:\/\/blogdalucianaoliveira.com.br\/blog\/wp-json\/wp\/v2\/comments?post=28140"}],"version-history":[{"count":1,"href":"http:\/\/blogdalucianaoliveira.com.br\/blog\/wp-json\/wp\/v2\/posts\/28140\/revisions"}],"predecessor-version":[{"id":28142,"href":"http:\/\/blogdalucianaoliveira.com.br\/blog\/wp-json\/wp\/v2\/posts\/28140\/revisions\/28142"}],"wp:attachment":[{"href":"http:\/\/blogdalucianaoliveira.com.br\/blog\/wp-json\/wp\/v2\/media?parent=28140"}],"wp:term":[{"taxonomy":"category","embeddable":true,"href":"http:\/\/blogdalucianaoliveira.com.br\/blog\/wp-json\/wp\/v2\/categories?post=28140"},{"taxonomy":"post_tag","embeddable":true,"href":"http:\/\/blogdalucianaoliveira.com.br\/blog\/wp-json\/wp\/v2\/tags?post=28140"}],"curies":[{"name":"wp","href":"https:\/\/api.w.org\/{rel}","templated":true}]}}