{"id":28143,"date":"2020-05-14T18:14:59","date_gmt":"2020-05-14T22:14:59","guid":{"rendered":"http:\/\/blogdalucianaoliveira.com.br\/blog\/?p=28143"},"modified":"2020-05-14T18:15:07","modified_gmt":"2020-05-14T22:15:07","slug":"por-fim-do-isolamento-bolsonaro-tenta-colocar-empresarios-contra-governadores-e-guerra","status":"publish","type":"post","link":"http:\/\/blogdalucianaoliveira.com.br\/blog\/2020\/05\/14\/por-fim-do-isolamento-bolsonaro-tenta-colocar-empresarios-contra-governadores-e-guerra\/","title":{"rendered":"Por fim do isolamento, Bolsonaro tenta colocar empres\u00e1rios contra governadores: \u201c\u00c9 guerra\u201d"},"content":{"rendered":"\n<figure class=\"wp-block-image size-large\"><img data-recalc-dims=\"1\" loading=\"lazy\" decoding=\"async\" width=\"600\" height=\"360\" data-attachment-id=\"28144\" data-permalink=\"http:\/\/blogdalucianaoliveira.com.br\/blog\/2020\/05\/14\/por-fim-do-isolamento-bolsonaro-tenta-colocar-empresarios-contra-governadores-e-guerra\/image-53-6\/\" data-orig-file=\"https:\/\/i0.wp.com\/blogdalucianaoliveira.com.br\/blog\/wp-content\/uploads\/2020\/05\/image-53.jpeg?fit=1024%2C614\" data-orig-size=\"1024,614\" data-comments-opened=\"0\" data-image-meta=\"{&quot;aperture&quot;:&quot;0&quot;,&quot;credit&quot;:&quot;&quot;,&quot;camera&quot;:&quot;&quot;,&quot;caption&quot;:&quot;&quot;,&quot;created_timestamp&quot;:&quot;0&quot;,&quot;copyright&quot;:&quot;&quot;,&quot;focal_length&quot;:&quot;0&quot;,&quot;iso&quot;:&quot;0&quot;,&quot;shutter_speed&quot;:&quot;0&quot;,&quot;title&quot;:&quot;&quot;,&quot;orientation&quot;:&quot;0&quot;}\" data-image-title=\"image-53\" data-image-description=\"\" data-image-caption=\"\" data-medium-file=\"https:\/\/i0.wp.com\/blogdalucianaoliveira.com.br\/blog\/wp-content\/uploads\/2020\/05\/image-53.jpeg?fit=300%2C180\" data-large-file=\"https:\/\/i0.wp.com\/blogdalucianaoliveira.com.br\/blog\/wp-content\/uploads\/2020\/05\/image-53.jpeg?fit=600%2C360\" src=\"https:\/\/i0.wp.com\/blogdalucianaoliveira.com.br\/blog\/wp-content\/uploads\/2020\/05\/image-53.jpeg?resize=600%2C360\" alt=\"\" class=\"wp-image-28144\" srcset=\"https:\/\/i0.wp.com\/blogdalucianaoliveira.com.br\/blog\/wp-content\/uploads\/2020\/05\/image-53.jpeg?w=1024 1024w, https:\/\/i0.wp.com\/blogdalucianaoliveira.com.br\/blog\/wp-content\/uploads\/2020\/05\/image-53.jpeg?resize=300%2C180 300w, https:\/\/i0.wp.com\/blogdalucianaoliveira.com.br\/blog\/wp-content\/uploads\/2020\/05\/image-53.jpeg?resize=768%2C461 768w, https:\/\/i0.wp.com\/blogdalucianaoliveira.com.br\/blog\/wp-content\/uploads\/2020\/05\/image-53.jpeg?resize=500%2C300 500w\" sizes=\"auto, (max-width: 600px) 100vw, 600px\" \/><\/figure>\n\n\n\n<p>Esta semana, o presidente afirmou que os governadores que n\u00e3o acataram seu decreto sobre as atividades essenciais afloram \u2018autoritarismo\u2019<\/p>\n\n\n\n<!--more-->\n\n\n\n<p>Na Carta Capital <\/p>\n\n\n\n<p><br>O presidente Jair Bolsonaro pediu a um grupo de empres\u00e1rios que \u201cjoguem pesado\u201d com os governadores do Pa\u00eds e pressionem pela reabertura dos com\u00e9rcios. Nesta quinta-feira 14, o presidente participou de uma videoconfer\u00eancia promovida pela Federa\u00e7\u00e3o das Ind\u00fastrias do Estado de S\u00e3o Paulo (Fiesp), com alguns nomes do setor.<\/p>\n\n\n\n<p>\u201cUm homem est\u00e1 decidindo o futuro de S\u00e3o Paulo, decidindo o futuro da economia do Brasil\u201d, afirmou o presidente, em men\u00e7\u00e3o direta ao governador de S\u00e3o Paulo, Jo\u00e3o Doria. \u201cOs senhores, com todo o respeito, t\u00eam que chamar o governador e jogar pesado. Jogar pesado, porque a quest\u00e3o \u00e9 s\u00e9ria, \u00e9 guerra.\u201d<\/p>\n\n\n\n<p>\u201cN\u00f3s temos que mostrar a cara, botar a cara para apanhar. Porque n\u00f3s devemos mostrar a consequ\u00eancia l\u00e1 na frente. L\u00e1 na frente, eu tenho falado com o ministro Fernando [Azevedo], da Defesa\u2026 os problemas v\u00e3o come\u00e7ar a acontecer. De caos, saque a supermercados, desobedi\u00eancia civil. N\u00e3o adianta querer convocar as For\u00e7as Armadas porque n\u00e3o existe gente para tanta GLO [Garantia da Lei e da Ordem]\u201d, acrescentou.<\/p>\n\n\n\n<p>Durante o encontro, o presidente afirmou que as escolhas pelas medidas de distanciamento social e at\u00e9 lockdown de algumas regi\u00f5es s\u00e3o de cunho pol\u00edtico e que t\u00eam como objetivo prejudicar o governo.&nbsp;\u201cO que parece que est\u00e1 &nbsp;acontecendo parece uma quest\u00e3o pol\u00edtica, tentando quebrar a economia para atingir o governo\u201d, disse.<\/p>\n\n\n\n<p>Desde o in\u00edcio da pandemia do coronav\u00edrus, o presidente Bolsonaro vem se mostrando contra as medidas de isolamento social como forma de achatar a curva de prolifera\u00e7\u00e3o do v\u00edrus, desobedecendo as medidas sanit\u00e1rias, quando n\u00e3o ironizando a letalidade da doen\u00e7a e as v\u00edtimas fatais do Pa\u00eds, que j\u00e1 ultrapassam a casa dos 13 mil mortos. Bolsonaro segue endurecendo o tom contra governadores e prefeitos.<\/p>\n\n\n\n<p>No \u00faltimo dia 12, anunciou o decreto\u00a010.344, que ampliou o rol de atividades essenciais no Pa\u00eds, entre elas atividades industriais e de constru\u00e7\u00e3o civil, sal\u00f5es de beleza, barbearias e academias. O presidente disse que os governadores que n\u00e3o concordassem com a medida deveriam ajuizar a\u00e7\u00f5es na Justi\u00e7a, al\u00e9m de dizer que estes seriam respons\u00e1veis por \u201caflorar o indesej\u00e1vel autoritarismo no Pa\u00eds\u201d.<\/p>\n\n\n\n<p>O governador Jo\u00e3o Doria, criticado pelo presidente durante reuni\u00e3o com empres\u00e1rios, afirmou em coletiva na quinta-feira 13 que o estado n\u00e3o iria aderir ao decreto, por n\u00e3o haver condi\u00e7\u00f5es sanit\u00e1rias, no momento. \u201cAqui em S\u00e3o Paulo, o governo respeita e ouve seus secret\u00e1rios de sa\u00fade, bem como o comit\u00ea de sa\u00fade, e eles indicam que ainda n\u00e3o temos condi\u00e7\u00f5es sanit\u00e1rias e seguras para autorizar abertura neste momento\u201d, declarou.<\/p>\n\n\n\n<p>\u201cRespeitamos os profissionais que atuam nestes estabelecimentos, mas o nosso maior respeito por eles \u00e9 garantir sua vida, sua exist\u00eancia e sua sa\u00fade\u201d, acrescentou.<\/p>\n\n\n\n<p>Doria tamb\u00e9m criticou a conduta do presidente Jair Bolsonaro.&nbsp;\u201cS\u00e3o Paulo n\u00e3o quer o conflito, mas o di\u00e1logo. Quer atitudes para resolver problemas. N\u00e3o ser\u00e3o com bravatas e ofensas que vamos encontrar caminhos para ajudar milh\u00f5es de brasileiros a salvarem suas vidas, proteger a vida de seus familiares e amigos\u201d.<\/p>\n","protected":false},"excerpt":{"rendered":"<p>Esta semana, o presidente afirmou que os governadores que n\u00e3o acataram seu decreto sobre as atividades essenciais afloram \u2018autoritarismo\u2019<\/p>\n","protected":false},"author":1,"featured_media":0,"comment_status":"closed","ping_status":"open","sticky":false,"template":"","format":"standard","meta":{"_exactmetrics_skip_tracking":false,"_exactmetrics_sitenote_active":false,"_exactmetrics_sitenote_note":"","_exactmetrics_sitenote_category":0,"jetpack_post_was_ever_published":false,"_jetpack_newsletter_access":"","_jetpack_dont_email_post_to_subs":false,"_jetpack_newsletter_tier_id":0,"_jetpack_memberships_contains_paywalled_content":false,"_jetpack_memberships_contains_paid_content":false,"footnotes":"","jetpack_publicize_message":"","jetpack_publicize_feature_enabled":true,"jetpack_social_post_already_shared":true,"jetpack_social_options":{"image_generator_settings":{"template":"highway","enabled":false},"version":2}},"categories":[1],"tags":[],"class_list":["post-28143","post","type-post","status-publish","format-standard","hentry","category-notas"],"jetpack_publicize_connections":[],"jetpack_sharing_enabled":true,"jetpack_featured_media_url":"","jetpack_shortlink":"https:\/\/wp.me\/p7wKYW-7jV","jetpack-related-posts":[],"_links":{"self":[{"href":"http:\/\/blogdalucianaoliveira.com.br\/blog\/wp-json\/wp\/v2\/posts\/28143","targetHints":{"allow":["GET"]}}],"collection":[{"href":"http:\/\/blogdalucianaoliveira.com.br\/blog\/wp-json\/wp\/v2\/posts"}],"about":[{"href":"http:\/\/blogdalucianaoliveira.com.br\/blog\/wp-json\/wp\/v2\/types\/post"}],"author":[{"embeddable":true,"href":"http:\/\/blogdalucianaoliveira.com.br\/blog\/wp-json\/wp\/v2\/users\/1"}],"replies":[{"embeddable":true,"href":"http:\/\/blogdalucianaoliveira.com.br\/blog\/wp-json\/wp\/v2\/comments?post=28143"}],"version-history":[{"count":1,"href":"http:\/\/blogdalucianaoliveira.com.br\/blog\/wp-json\/wp\/v2\/posts\/28143\/revisions"}],"predecessor-version":[{"id":28145,"href":"http:\/\/blogdalucianaoliveira.com.br\/blog\/wp-json\/wp\/v2\/posts\/28143\/revisions\/28145"}],"wp:attachment":[{"href":"http:\/\/blogdalucianaoliveira.com.br\/blog\/wp-json\/wp\/v2\/media?parent=28143"}],"wp:term":[{"taxonomy":"category","embeddable":true,"href":"http:\/\/blogdalucianaoliveira.com.br\/blog\/wp-json\/wp\/v2\/categories?post=28143"},{"taxonomy":"post_tag","embeddable":true,"href":"http:\/\/blogdalucianaoliveira.com.br\/blog\/wp-json\/wp\/v2\/tags?post=28143"}],"curies":[{"name":"wp","href":"https:\/\/api.w.org\/{rel}","templated":true}]}}