{"id":28147,"date":"2020-05-15T11:56:20","date_gmt":"2020-05-15T15:56:20","guid":{"rendered":"http:\/\/blogdalucianaoliveira.com.br\/blog\/?p=28147"},"modified":"2020-05-15T14:20:29","modified_gmt":"2020-05-15T18:20:29","slug":"guajara-mirim-no-segundo-municipio-com-mais-mortes-pela-covid-19-secretario-de-saude-diz-que-so-atende-jornalista-por-e-mail","status":"publish","type":"post","link":"http:\/\/blogdalucianaoliveira.com.br\/blog\/2020\/05\/15\/guajara-mirim-no-segundo-municipio-com-mais-mortes-pela-covid-19-secretario-de-saude-diz-que-so-atende-jornalista-por-e-mail\/","title":{"rendered":"Guajar\u00e1-Mirim: No segundo munic\u00edpio com mais mortes pela Covid-19 em RO secret\u00e1rio de sa\u00fade diz que s\u00f3 atende jornalista por e-mail"},"content":{"rendered":"\n<figure class=\"wp-block-image size-large\"><img data-recalc-dims=\"1\" loading=\"lazy\" decoding=\"async\" width=\"600\" height=\"330\" data-attachment-id=\"28150\" data-permalink=\"http:\/\/blogdalucianaoliveira.com.br\/blog\/2020\/05\/15\/guajara-mirim-no-segundo-municipio-com-mais-mortes-pela-covid-19-secretario-de-saude-diz-que-so-atende-jornalista-por-e-mail\/dou\/\" data-orig-file=\"https:\/\/i0.wp.com\/blogdalucianaoliveira.com.br\/blog\/wp-content\/uploads\/2020\/05\/dou.jpg?fit=828%2C456\" data-orig-size=\"828,456\" data-comments-opened=\"0\" data-image-meta=\"{&quot;aperture&quot;:&quot;0&quot;,&quot;credit&quot;:&quot;&quot;,&quot;camera&quot;:&quot;&quot;,&quot;caption&quot;:&quot;&quot;,&quot;created_timestamp&quot;:&quot;0&quot;,&quot;copyright&quot;:&quot;&quot;,&quot;focal_length&quot;:&quot;0&quot;,&quot;iso&quot;:&quot;0&quot;,&quot;shutter_speed&quot;:&quot;0&quot;,&quot;title&quot;:&quot;&quot;,&quot;orientation&quot;:&quot;0&quot;}\" data-image-title=\"dou\" data-image-description=\"\" data-image-caption=\"\" data-medium-file=\"https:\/\/i0.wp.com\/blogdalucianaoliveira.com.br\/blog\/wp-content\/uploads\/2020\/05\/dou.jpg?fit=300%2C165\" data-large-file=\"https:\/\/i0.wp.com\/blogdalucianaoliveira.com.br\/blog\/wp-content\/uploads\/2020\/05\/dou.jpg?fit=600%2C330\" src=\"https:\/\/i0.wp.com\/blogdalucianaoliveira.com.br\/blog\/wp-content\/uploads\/2020\/05\/dou.jpg?resize=600%2C330\" alt=\"\" class=\"wp-image-28150\" srcset=\"https:\/\/i0.wp.com\/blogdalucianaoliveira.com.br\/blog\/wp-content\/uploads\/2020\/05\/dou.jpg?w=828 828w, https:\/\/i0.wp.com\/blogdalucianaoliveira.com.br\/blog\/wp-content\/uploads\/2020\/05\/dou.jpg?resize=300%2C165 300w, https:\/\/i0.wp.com\/blogdalucianaoliveira.com.br\/blog\/wp-content\/uploads\/2020\/05\/dou.jpg?resize=768%2C423 768w, https:\/\/i0.wp.com\/blogdalucianaoliveira.com.br\/blog\/wp-content\/uploads\/2020\/05\/dou.jpg?resize=545%2C300 545w\" sizes=\"auto, (max-width: 600px) 100vw, 600px\" \/><\/figure>\n\n\n\n<p><\/p>\n\n\n\n<p>O munic\u00edpio que faz fronteira com a Bol\u00edvia e fica distante 330 quil\u00f4metros da Capital \u00e9 o segundo com mais \u00f3bitos pela Covid-19 em Rond\u00f4nia.<\/p>\n\n\n\n<p>S\u00e3o 20 casos confirmados e sete mortes em apenas duas semanas, conforme \u00faltimo boletim da Secretaria de Sa\u00fade do Estado.<\/p>\n\n\n\n<p>O boletim epidemiol\u00f3gico divulgado pela  prefeitura de Guajar\u00e1-Mirim aponta 24 casos confirmados e oito mortes.<\/p>\n\n\n\n<!--more-->\n\n\n\n<p>O cen\u00e1rio preocupante chamou a aten\u00e7\u00e3o da imprensa que cumpre o papel de cobrar provid\u00eancias \u00e0s autoridades e informar a popula\u00e7\u00e3o.<\/p>\n\n\n\n<p>O secret\u00e1rio de sa\u00fade do munic\u00edpio, Douglas Dagoberto Paula, decidiu n\u00e3o atender jornalistas pessoalmente ou por telefone.<\/p>\n\n\n\n<p>Ele reclama que suas declara\u00e7\u00f5es s\u00e3o distorcidas.<\/p>\n\n\n\n<p>\u201cN\u00e3o vou dar mais nenhuma declara\u00e7\u00e3o, porque modificam minhas palavras. O jornalista tem que enviar um of\u00edcio para fazer perguntas e eu responderei conforme o tempo que disponho. Pode encaminhar pelo e-mail: douglasdagoberto@hotmail.com\u201d, disse o secret\u00e1rio.<\/p>\n\n\n\n<p>O que ele n\u00e3o est\u00e1 gostando \u00e9 da repercuss\u00e3o das barbaridade que diz e das cobran\u00e7as n\u00e3o da imprensa, mas da popula\u00e7\u00e3o e do pessoal da linha de frente na pandemia.<\/p>\n\n\n\n<p>Em entrevista a uma r\u00e1dio, Douglas demonstrou sua irrita\u00e7\u00e3o com a imprensa ao ser questionado por n\u00e3o providenciar o que profissionais da sa\u00fade sugeriram para o combate \u00e0 Covid-19.<\/p>\n\n\n\n<p>Na reuni\u00e3o que ocorreu em 19 de mar\u00e7o o secret\u00e1rio foi alertado por servidores da sa\u00fade sobre a necessidade de protocolos, equipamentos de prote\u00e7\u00e3o e treinamento de pessoal.<\/p>\n\n\n\n<p><\/p>\n\n\n\n<figure class=\"wp-block-image size-large\"><img loading=\"lazy\" decoding=\"async\" width=\"1280\" height=\"720\" data-attachment-id=\"28149\" data-permalink=\"http:\/\/blogdalucianaoliveira.com.br\/blog\/2020\/05\/15\/guajara-mirim-no-segundo-municipio-com-mais-mortes-pela-covid-19-secretario-de-saude-diz-que-so-atende-jornalista-por-e-mail\/re-6\/\" data-orig-file=\"https:\/\/i0.wp.com\/blogdalucianaoliveira.com.br\/blog\/wp-content\/uploads\/2020\/05\/re.jpg?fit=1280%2C720\" data-orig-size=\"1280,720\" data-comments-opened=\"0\" data-image-meta=\"{&quot;aperture&quot;:&quot;0&quot;,&quot;credit&quot;:&quot;&quot;,&quot;camera&quot;:&quot;&quot;,&quot;caption&quot;:&quot;&quot;,&quot;created_timestamp&quot;:&quot;0&quot;,&quot;copyright&quot;:&quot;&quot;,&quot;focal_length&quot;:&quot;0&quot;,&quot;iso&quot;:&quot;0&quot;,&quot;shutter_speed&quot;:&quot;0&quot;,&quot;title&quot;:&quot;&quot;,&quot;orientation&quot;:&quot;0&quot;}\" data-image-title=\"re\" data-image-description=\"\" data-image-caption=\"\" data-medium-file=\"https:\/\/i0.wp.com\/blogdalucianaoliveira.com.br\/blog\/wp-content\/uploads\/2020\/05\/re.jpg?fit=300%2C169\" data-large-file=\"https:\/\/i0.wp.com\/blogdalucianaoliveira.com.br\/blog\/wp-content\/uploads\/2020\/05\/re.jpg?fit=600%2C338\" src=\"https:\/\/i2.wp.com\/blogdalucianaoliveira.com.br\/blog\/wp-content\/uploads\/2020\/05\/re.jpg?fit=600%2C338\" alt=\"\" class=\"wp-image-28149\" srcset=\"https:\/\/i0.wp.com\/blogdalucianaoliveira.com.br\/blog\/wp-content\/uploads\/2020\/05\/re.jpg?w=1280 1280w, https:\/\/i0.wp.com\/blogdalucianaoliveira.com.br\/blog\/wp-content\/uploads\/2020\/05\/re.jpg?resize=300%2C169 300w, https:\/\/i0.wp.com\/blogdalucianaoliveira.com.br\/blog\/wp-content\/uploads\/2020\/05\/re.jpg?resize=1024%2C576 1024w, https:\/\/i0.wp.com\/blogdalucianaoliveira.com.br\/blog\/wp-content\/uploads\/2020\/05\/re.jpg?resize=768%2C432 768w, https:\/\/i0.wp.com\/blogdalucianaoliveira.com.br\/blog\/wp-content\/uploads\/2020\/05\/re.jpg?resize=533%2C300 533w, https:\/\/i0.wp.com\/blogdalucianaoliveira.com.br\/blog\/wp-content\/uploads\/2020\/05\/re.jpg?w=1200 1200w\" sizes=\"auto, (max-width: 600px) 100vw, 600px\" \/><\/figure>\n\n\n\n<p>Ou\u00e7a:<\/p>\n\n\n\n<figure class=\"wp-block-embed-soundcloud wp-block-embed is-type-rich is-provider-soundcloud wp-embed-aspect-4-3 wp-has-aspect-ratio\"><div class=\"wp-block-embed__wrapper\">\n<iframe loading=\"lazy\" title=\"Douglas Dagoberto, secret\u00e1rio de sa\u00fade de Guajar\u00e1-Mirim by Blog da Luciana Oliveira\" width=\"600\" height=\"400\" scrolling=\"no\" frameborder=\"no\" src=\"https:\/\/w.soundcloud.com\/player\/?visual=true&#038;url=https%3A%2F%2Fapi.soundcloud.com%2Ftracks%2F821092963&#038;show_artwork=true&#038;maxheight=900&#038;maxwidth=600\"><\/iframe>\n<\/div><\/figure>\n\n\n\n<p><\/p>\n\n\n\n<p>Os servidores pediram o essencial para se protegerem na luta contra o novo coronav\u00edrus.<\/p>\n\n\n\n<p>Segundo fonte da rede p\u00fablica de sa\u00fade, Douglas nunca respondeu \u00e0s recomenda\u00e7\u00f5es para evitar as diversas e graves falhas que ocorrem na preven\u00e7\u00e3o, tratamento e conten\u00e7\u00e3o da doen\u00e7a.<\/p>\n\n\n\n<figure class=\"wp-block-image size-large\"><img loading=\"lazy\" decoding=\"async\" width=\"828\" height=\"1031\" data-attachment-id=\"28170\" data-permalink=\"http:\/\/blogdalucianaoliveira.com.br\/blog\/2020\/05\/15\/guajara-mirim-no-segundo-municipio-com-mais-mortes-pela-covid-19-secretario-de-saude-diz-que-so-atende-jornalista-por-e-mail\/c0f6c056-fd92-4aa5-9c74-46992f61b70b\/\" data-orig-file=\"https:\/\/i0.wp.com\/blogdalucianaoliveira.com.br\/blog\/wp-content\/uploads\/2020\/05\/C0F6C056-FD92-4AA5-9C74-46992F61B70B.jpeg?fit=828%2C1031\" data-orig-size=\"828,1031\" data-comments-opened=\"0\" data-image-meta=\"{&quot;aperture&quot;:&quot;0&quot;,&quot;credit&quot;:&quot;&quot;,&quot;camera&quot;:&quot;&quot;,&quot;caption&quot;:&quot;&quot;,&quot;created_timestamp&quot;:&quot;0&quot;,&quot;copyright&quot;:&quot;&quot;,&quot;focal_length&quot;:&quot;0&quot;,&quot;iso&quot;:&quot;0&quot;,&quot;shutter_speed&quot;:&quot;0&quot;,&quot;title&quot;:&quot;&quot;,&quot;orientation&quot;:&quot;0&quot;}\" data-image-title=\"C0F6C056-FD92-4AA5-9C74-46992F61B70B\" data-image-description=\"\" data-image-caption=\"\" data-medium-file=\"https:\/\/i0.wp.com\/blogdalucianaoliveira.com.br\/blog\/wp-content\/uploads\/2020\/05\/C0F6C056-FD92-4AA5-9C74-46992F61B70B.jpeg?fit=241%2C300\" data-large-file=\"https:\/\/i0.wp.com\/blogdalucianaoliveira.com.br\/blog\/wp-content\/uploads\/2020\/05\/C0F6C056-FD92-4AA5-9C74-46992F61B70B.jpeg?fit=600%2C747\" src=\"https:\/\/i1.wp.com\/blogdalucianaoliveira.com.br\/blog\/wp-content\/uploads\/2020\/05\/C0F6C056-FD92-4AA5-9C74-46992F61B70B.jpeg?fit=600%2C747\" alt=\"\" class=\"wp-image-28170\" srcset=\"https:\/\/i0.wp.com\/blogdalucianaoliveira.com.br\/blog\/wp-content\/uploads\/2020\/05\/C0F6C056-FD92-4AA5-9C74-46992F61B70B.jpeg?w=828 828w, https:\/\/i0.wp.com\/blogdalucianaoliveira.com.br\/blog\/wp-content\/uploads\/2020\/05\/C0F6C056-FD92-4AA5-9C74-46992F61B70B.jpeg?resize=241%2C300 241w, https:\/\/i0.wp.com\/blogdalucianaoliveira.com.br\/blog\/wp-content\/uploads\/2020\/05\/C0F6C056-FD92-4AA5-9C74-46992F61B70B.jpeg?resize=822%2C1024 822w, https:\/\/i0.wp.com\/blogdalucianaoliveira.com.br\/blog\/wp-content\/uploads\/2020\/05\/C0F6C056-FD92-4AA5-9C74-46992F61B70B.jpeg?resize=768%2C956 768w\" sizes=\"auto, (max-width: 600px) 100vw, 600px\" \/><\/figure>\n\n\n\n<p><\/p>\n\n\n\n<p>Nesta quinta-feira, 14, Silvia Maria Neri Piedade, presidente do Conselho Regional de Enfermagem no estado, gravou um v\u00eddeo para responder \u00e0s acusa\u00e7\u00f5es do secret\u00e1rio contra t\u00e9cnicos de enfermagem que estariam se recusando ao resgate de pacientes.<\/p>\n\n\n\n<p>Ela considerou absurda a acusa\u00e7\u00e3o, diz que o secret\u00e1rio confessa na entrevista que faltam EPIs e que n\u00e3o existe &#8216;guerra&#8217; com soldados sem armas.<\/p>\n\n\n\n<p><\/p>\n\n\n\n<figure class=\"wp-block-embed-youtube wp-block-embed is-type-video is-provider-youtube wp-embed-aspect-16-9 wp-has-aspect-ratio\"><div class=\"wp-block-embed__wrapper\">\n<div class=\"jetpack-video-wrapper\"><iframe loading=\"lazy\" title=\"Presidente do COREN-RO responde Secret\u00e1rio de Sa\u00fade  de Guajar\u00e1-Mirim-RO.\" width=\"600\" height=\"338\" src=\"https:\/\/www.youtube.com\/embed\/IKV3jZjJr-0?feature=oembed\" frameborder=\"0\" allow=\"accelerometer; autoplay; clipboard-write; encrypted-media; gyroscope; picture-in-picture; web-share\" referrerpolicy=\"strict-origin-when-cross-origin\" allowfullscreen><\/iframe><\/div>\n<\/div><\/figure>\n\n\n\n<p><\/p>\n\n\n\n<p>O secret\u00e1rio precisa dar muitas explica\u00e7\u00f5es, mas diante da recusa em atender este blog, foram ouvidos os profissionais da linha de frente da sa\u00fade com a garantia de sigilo da fonte.<\/p>\n\n\n\n<p>As queixas com a secretaria municipal de sa\u00fade s\u00e3o muitas e Douglas n\u00e3o conseguir\u00e1 arrogantemente desviar.<\/p>\n\n\n\n<p>Uma delas \u00e9 quanto ao recebimento e distribui\u00e7\u00e3o de kits r\u00e1pidos enviados pelos governo federal. &#8220;Eles est\u00e3o enviando direto para a farm\u00e1cia do Hospital Regional, dificultando o controle e publicidade da entrada e sa\u00edda dos testes e equipamentos de prote\u00e7\u00e3o&#8221;, disse a fonte.<\/p>\n\n\n\n<p>A falta de treinamento acabou por prejudicar a utiliza\u00e7\u00e3o adequada de respiradores que tamb\u00e9m demonstraram incompatibilidade de conex\u00f5es por marcas.<\/p>\n\n\n\n<p>N\u00e3o h\u00e1 equipamento de prote\u00e7\u00e3o para todos os profissionais.<\/p>\n\n\n\n<p>O \u00fanico hospital para interna\u00e7\u00e3o de pacientes graves tem uma sala pequena exclusiva para a Covid-19 e funciona precariamente.<\/p>\n\n\n\n<p>O atendimento remoto por Call Center, tal como o do governo do estado, \u00e9 criticado pela popula\u00e7\u00e3o.<\/p>\n\n\n\n<p>Todas essas dificuldades s\u00e3o ignoradas pelo secret\u00e1rio que em entrevista ridicularizou a qualifica\u00e7\u00e3o de profissionais da sa\u00fade como &#8216;her\u00f3is&#8217;.  <\/p>\n\n\n\n<p>As chances de Douglas merecer reconhecimento por bravura e compet\u00eancia s\u00e3o cada vez menores.<\/p>\n\n\n\n<p>S\u00e3o do tamanho da considera\u00e7\u00e3o dele com profissionais essenciais na pandemia, como os da sa\u00fade e da imprensa.<\/p>\n\n\n\n<p><\/p>\n\n\n\n<p><\/p>\n","protected":false},"excerpt":{"rendered":"<p>O munic\u00edpio que faz fronteira com a Bol\u00edvia e fica distante 330 quil\u00f4metros da Capital \u00e9 o segundo com mais \u00f3bitos pela Covid-19 em Rond\u00f4nia. S\u00e3o 20 casos confirmados e sete mortes em apenas duas semanas, conforme \u00faltimo boletim da Secretaria de Sa\u00fade do Estado. O boletim epidemiol\u00f3gico divulgado pela prefeitura de Guajar\u00e1-Mirim aponta 24&#8230;<a class=\"more-link\" href=\"http:\/\/blogdalucianaoliveira.com.br\/blog\/2020\/05\/15\/guajara-mirim-no-segundo-municipio-com-mais-mortes-pela-covid-19-secretario-de-saude-diz-que-so-atende-jornalista-por-e-mail\/\">Continue a leitura <span class=\"meta-nav\">&raquo;<\/span><\/a><\/p>\n","protected":false},"author":1,"featured_media":0,"comment_status":"closed","ping_status":"open","sticky":false,"template":"","format":"standard","meta":{"_exactmetrics_skip_tracking":false,"_exactmetrics_sitenote_active":false,"_exactmetrics_sitenote_note":"","_exactmetrics_sitenote_category":0,"jetpack_post_was_ever_published":false,"_jetpack_newsletter_access":"","_jetpack_dont_email_post_to_subs":false,"_jetpack_newsletter_tier_id":0,"_jetpack_memberships_contains_paywalled_content":false,"_jetpack_memberships_contains_paid_content":false,"footnotes":"","jetpack_publicize_message":"","jetpack_publicize_feature_enabled":true,"jetpack_social_post_already_shared":true,"jetpack_social_options":{"image_generator_settings":{"template":"highway","enabled":false},"version":2}},"categories":[1],"tags":[379,363,378,309],"class_list":["post-28147","post","type-post","status-publish","format-standard","hentry","category-notas","tag-coren-ro","tag-covid","tag-guajara-mirim","tag-mortes"],"jetpack_publicize_connections":[],"jetpack_sharing_enabled":true,"jetpack_featured_media_url":"","jetpack_shortlink":"https:\/\/wp.me\/p7wKYW-7jZ","jetpack-related-posts":[],"_links":{"self":[{"href":"http:\/\/blogdalucianaoliveira.com.br\/blog\/wp-json\/wp\/v2\/posts\/28147","targetHints":{"allow":["GET"]}}],"collection":[{"href":"http:\/\/blogdalucianaoliveira.com.br\/blog\/wp-json\/wp\/v2\/posts"}],"about":[{"href":"http:\/\/blogdalucianaoliveira.com.br\/blog\/wp-json\/wp\/v2\/types\/post"}],"author":[{"embeddable":true,"href":"http:\/\/blogdalucianaoliveira.com.br\/blog\/wp-json\/wp\/v2\/users\/1"}],"replies":[{"embeddable":true,"href":"http:\/\/blogdalucianaoliveira.com.br\/blog\/wp-json\/wp\/v2\/comments?post=28147"}],"version-history":[{"count":7,"href":"http:\/\/blogdalucianaoliveira.com.br\/blog\/wp-json\/wp\/v2\/posts\/28147\/revisions"}],"predecessor-version":[{"id":28171,"href":"http:\/\/blogdalucianaoliveira.com.br\/blog\/wp-json\/wp\/v2\/posts\/28147\/revisions\/28171"}],"wp:attachment":[{"href":"http:\/\/blogdalucianaoliveira.com.br\/blog\/wp-json\/wp\/v2\/media?parent=28147"}],"wp:term":[{"taxonomy":"category","embeddable":true,"href":"http:\/\/blogdalucianaoliveira.com.br\/blog\/wp-json\/wp\/v2\/categories?post=28147"},{"taxonomy":"post_tag","embeddable":true,"href":"http:\/\/blogdalucianaoliveira.com.br\/blog\/wp-json\/wp\/v2\/tags?post=28147"}],"curies":[{"name":"wp","href":"https:\/\/api.w.org\/{rel}","templated":true}]}}