{"id":28158,"date":"2020-05-15T12:15:26","date_gmt":"2020-05-15T16:15:26","guid":{"rendered":"http:\/\/blogdalucianaoliveira.com.br\/blog\/?p=28158"},"modified":"2020-05-15T12:15:35","modified_gmt":"2020-05-15T16:15:35","slug":"teich-pediu-demissao-porque-se-recusou-a-abracar-a-cloroquina","status":"publish","type":"post","link":"http:\/\/blogdalucianaoliveira.com.br\/blog\/2020\/05\/15\/teich-pediu-demissao-porque-se-recusou-a-abracar-a-cloroquina\/","title":{"rendered":"Teich pediu demiss\u00e3o porque se recusou a abra\u00e7ar a cloroquina"},"content":{"rendered":"\n<figure class=\"wp-block-image size-large\"><img data-recalc-dims=\"1\" loading=\"lazy\" decoding=\"async\" width=\"600\" height=\"374\" data-attachment-id=\"28159\" data-permalink=\"http:\/\/blogdalucianaoliveira.com.br\/blog\/2020\/05\/15\/teich-pediu-demissao-porque-se-recusou-a-abracar-a-cloroquina\/image-54-6\/\" data-orig-file=\"https:\/\/i0.wp.com\/blogdalucianaoliveira.com.br\/blog\/wp-content\/uploads\/2020\/05\/image-54.jpeg?fit=610%2C380\" data-orig-size=\"610,380\" data-comments-opened=\"0\" data-image-meta=\"{&quot;aperture&quot;:&quot;0&quot;,&quot;credit&quot;:&quot;&quot;,&quot;camera&quot;:&quot;&quot;,&quot;caption&quot;:&quot;&quot;,&quot;created_timestamp&quot;:&quot;0&quot;,&quot;copyright&quot;:&quot;&quot;,&quot;focal_length&quot;:&quot;0&quot;,&quot;iso&quot;:&quot;0&quot;,&quot;shutter_speed&quot;:&quot;0&quot;,&quot;title&quot;:&quot;&quot;,&quot;orientation&quot;:&quot;0&quot;}\" data-image-title=\"image-54\" data-image-description=\"\" data-image-caption=\"\" data-medium-file=\"https:\/\/i0.wp.com\/blogdalucianaoliveira.com.br\/blog\/wp-content\/uploads\/2020\/05\/image-54.jpeg?fit=300%2C187\" data-large-file=\"https:\/\/i0.wp.com\/blogdalucianaoliveira.com.br\/blog\/wp-content\/uploads\/2020\/05\/image-54.jpeg?fit=600%2C374\" src=\"https:\/\/i0.wp.com\/blogdalucianaoliveira.com.br\/blog\/wp-content\/uploads\/2020\/05\/image-54.jpeg?resize=600%2C374\" alt=\"\" class=\"wp-image-28159\" srcset=\"https:\/\/i0.wp.com\/blogdalucianaoliveira.com.br\/blog\/wp-content\/uploads\/2020\/05\/image-54.jpeg?w=610 610w, https:\/\/i0.wp.com\/blogdalucianaoliveira.com.br\/blog\/wp-content\/uploads\/2020\/05\/image-54.jpeg?resize=300%2C187 300w, https:\/\/i0.wp.com\/blogdalucianaoliveira.com.br\/blog\/wp-content\/uploads\/2020\/05\/image-54.jpeg?resize=482%2C300 482w\" sizes=\"auto, (max-width: 600px) 100vw, 600px\" \/><\/figure>\n\n\n\n<p><strong>247 &#8211;&nbsp;<\/strong>Nelson Teich pediu demiss\u00e3o do minist\u00e9rio da Sa\u00fade ap\u00f3s Jair Bolsonaro mudar o protocolo de prescri\u00e7\u00e3o da cloroquina, medicamento ainda sem comprova\u00e7\u00e3o cient\u00edfica para o tratamento contra o coronav\u00edrus. A informa\u00e7\u00e3o \u00e9 da&nbsp;<a href=\"https:\/\/blogs.oglobo.globo.com\/lauro-jardim\/post\/teich-pede-demissao.html\">coluna de Lauro Jardim<\/a>.&nbsp;<\/p>\n\n\n\n<!--more-->\n\n\n\n<p>Bolsonaro quer que o protocolo passe a indicar o medicamento tamb\u00e9m no come\u00e7o do tratamento. Ele havia\u00a0<a href=\"https:\/\/www.brasil247.com\/brasil\/bolsonaro-desautoriza-teich-sobre-uso-da-cloroquina-eu-que-vou-resolver\">desautorizado<\/a>\u00a0Teich a se manifestar contra o uso do rem\u00e9dio. &#8220;Votaram em mim para eu decidir, essa decis\u00e3o passa por mim. Acredito no trabalho dele, mas essa quest\u00e3o eu vou resolver&#8221;, disse Bolsonaro durante teleconfer\u00eancia com o presidente da Federa\u00e7\u00e3o das Ind\u00fastrias de S\u00e3o Paulo (Fiesp), Paulo Skaf.<\/p>\n\n\n\n<p>Teich ficou apenas 28 dias no cargo. Os nomes mais cogitados para a suced\u00ea-lo s\u00e3o o general Eduardo Pazuelo, que Bolsonaro imp\u00f4s como o segundo de Teich; o eterno candidato Osmar Terra; e o Contra-Almirante Luiz Froes, diretor de Sa\u00fade da Marinha.<\/p>\n\n\n\n<p>Froes \u00e9 o que teria mais chances por ser o preferido do general Braga Netto.<\/p>\n","protected":false},"excerpt":{"rendered":"<p>247 &#8211;&nbsp;Nelson Teich pediu demiss\u00e3o do minist\u00e9rio da Sa\u00fade ap\u00f3s Jair Bolsonaro mudar o protocolo de prescri\u00e7\u00e3o da cloroquina, medicamento ainda sem comprova\u00e7\u00e3o cient\u00edfica para o tratamento contra o coronav\u00edrus. A informa\u00e7\u00e3o \u00e9 da&nbsp;coluna de Lauro Jardim.&nbsp;<\/p>\n","protected":false},"author":1,"featured_media":0,"comment_status":"closed","ping_status":"open","sticky":false,"template":"","format":"standard","meta":{"_exactmetrics_skip_tracking":false,"_exactmetrics_sitenote_active":false,"_exactmetrics_sitenote_note":"","_exactmetrics_sitenote_category":0,"jetpack_post_was_ever_published":false,"_jetpack_newsletter_access":"","_jetpack_dont_email_post_to_subs":false,"_jetpack_newsletter_tier_id":0,"_jetpack_memberships_contains_paywalled_content":false,"_jetpack_memberships_contains_paid_content":false,"footnotes":"","jetpack_publicize_message":"","jetpack_publicize_feature_enabled":true,"jetpack_social_post_already_shared":true,"jetpack_social_options":{"image_generator_settings":{"template":"highway","enabled":false},"version":2}},"categories":[1],"tags":[],"class_list":["post-28158","post","type-post","status-publish","format-standard","hentry","category-notas"],"jetpack_publicize_connections":[],"jetpack_sharing_enabled":true,"jetpack_featured_media_url":"","jetpack_shortlink":"https:\/\/wp.me\/p7wKYW-7ka","jetpack-related-posts":[],"_links":{"self":[{"href":"http:\/\/blogdalucianaoliveira.com.br\/blog\/wp-json\/wp\/v2\/posts\/28158","targetHints":{"allow":["GET"]}}],"collection":[{"href":"http:\/\/blogdalucianaoliveira.com.br\/blog\/wp-json\/wp\/v2\/posts"}],"about":[{"href":"http:\/\/blogdalucianaoliveira.com.br\/blog\/wp-json\/wp\/v2\/types\/post"}],"author":[{"embeddable":true,"href":"http:\/\/blogdalucianaoliveira.com.br\/blog\/wp-json\/wp\/v2\/users\/1"}],"replies":[{"embeddable":true,"href":"http:\/\/blogdalucianaoliveira.com.br\/blog\/wp-json\/wp\/v2\/comments?post=28158"}],"version-history":[{"count":1,"href":"http:\/\/blogdalucianaoliveira.com.br\/blog\/wp-json\/wp\/v2\/posts\/28158\/revisions"}],"predecessor-version":[{"id":28160,"href":"http:\/\/blogdalucianaoliveira.com.br\/blog\/wp-json\/wp\/v2\/posts\/28158\/revisions\/28160"}],"wp:attachment":[{"href":"http:\/\/blogdalucianaoliveira.com.br\/blog\/wp-json\/wp\/v2\/media?parent=28158"}],"wp:term":[{"taxonomy":"category","embeddable":true,"href":"http:\/\/blogdalucianaoliveira.com.br\/blog\/wp-json\/wp\/v2\/categories?post=28158"},{"taxonomy":"post_tag","embeddable":true,"href":"http:\/\/blogdalucianaoliveira.com.br\/blog\/wp-json\/wp\/v2\/tags?post=28158"}],"curies":[{"name":"wp","href":"https:\/\/api.w.org\/{rel}","templated":true}]}}