{"id":28161,"date":"2020-05-15T12:25:11","date_gmt":"2020-05-15T16:25:11","guid":{"rendered":"http:\/\/blogdalucianaoliveira.com.br\/blog\/?p=28161"},"modified":"2020-05-15T12:25:15","modified_gmt":"2020-05-15T16:25:15","slug":"bolsonaro-chega-a-500-dias-no-cargo-fragilizado-e-no-ataque","status":"publish","type":"post","link":"http:\/\/blogdalucianaoliveira.com.br\/blog\/2020\/05\/15\/bolsonaro-chega-a-500-dias-no-cargo-fragilizado-e-no-ataque\/","title":{"rendered":"Bolsonaro chega a 500 dias no cargo fragilizado e no ataque"},"content":{"rendered":"\n<figure class=\"wp-block-image size-large\"><img data-recalc-dims=\"1\" loading=\"lazy\" decoding=\"async\" width=\"600\" height=\"400\" data-attachment-id=\"28162\" data-permalink=\"http:\/\/blogdalucianaoliveira.com.br\/blog\/2020\/05\/15\/bolsonaro-chega-a-500-dias-no-cargo-fragilizado-e-no-ataque\/image-55-6\/\" data-orig-file=\"https:\/\/i0.wp.com\/blogdalucianaoliveira.com.br\/blog\/wp-content\/uploads\/2020\/05\/image-55.jpeg?fit=1024%2C683\" data-orig-size=\"1024,683\" data-comments-opened=\"0\" data-image-meta=\"{&quot;aperture&quot;:&quot;0&quot;,&quot;credit&quot;:&quot;&quot;,&quot;camera&quot;:&quot;&quot;,&quot;caption&quot;:&quot;&quot;,&quot;created_timestamp&quot;:&quot;0&quot;,&quot;copyright&quot;:&quot;&quot;,&quot;focal_length&quot;:&quot;0&quot;,&quot;iso&quot;:&quot;0&quot;,&quot;shutter_speed&quot;:&quot;0&quot;,&quot;title&quot;:&quot;&quot;,&quot;orientation&quot;:&quot;0&quot;}\" data-image-title=\"image-55\" data-image-description=\"\" data-image-caption=\"\" data-medium-file=\"https:\/\/i0.wp.com\/blogdalucianaoliveira.com.br\/blog\/wp-content\/uploads\/2020\/05\/image-55.jpeg?fit=300%2C200\" data-large-file=\"https:\/\/i0.wp.com\/blogdalucianaoliveira.com.br\/blog\/wp-content\/uploads\/2020\/05\/image-55.jpeg?fit=600%2C400\" src=\"https:\/\/i0.wp.com\/blogdalucianaoliveira.com.br\/blog\/wp-content\/uploads\/2020\/05\/image-55.jpeg?resize=600%2C400\" alt=\"\" class=\"wp-image-28162\" srcset=\"https:\/\/i0.wp.com\/blogdalucianaoliveira.com.br\/blog\/wp-content\/uploads\/2020\/05\/image-55.jpeg?w=1024 1024w, https:\/\/i0.wp.com\/blogdalucianaoliveira.com.br\/blog\/wp-content\/uploads\/2020\/05\/image-55.jpeg?resize=300%2C200 300w, https:\/\/i0.wp.com\/blogdalucianaoliveira.com.br\/blog\/wp-content\/uploads\/2020\/05\/image-55.jpeg?resize=768%2C512 768w, https:\/\/i0.wp.com\/blogdalucianaoliveira.com.br\/blog\/wp-content\/uploads\/2020\/05\/image-55.jpeg?resize=450%2C300 450w\" sizes=\"auto, (max-width: 600px) 100vw, 600px\" \/><\/figure>\n\n\n\n<p>Presidente viu crise do coronav\u00edrus se fundir \u00e0 instabilidade pol\u00edtica e decl\u00ednio econ\u00f4mico.<\/p>\n\n\n\n<!--more-->\n\n\n\n<p>Na FSP<\/p>\n\n\n\n<p>Por volta das 7h do dia 4 de maio, uma segunda-feira, Davi Alcolumbre (DEM-AP) deixou o Pal\u00e1cio da Alvorada convencido de que o pior passara por ora.<\/p>\n\n\n\n<p>O presidente do Senado havia chegado cerca de duas horas antes para encontrar-se com o presidente Jair Bolsonaro (sem partido), que estava disposto a, como disse um ministro depois, \u201ctocar fogo na Rep\u00fablica\u201d.<\/p>\n\n\n\n<p><a href=\"https:\/\/www1.folha.uol.com.br\/poder\/2020\/05\/bolsonaro-foi-convencido-na-madrugada-a-nao-desafiar-o-stf-com-ramagem.shtml\">O ato carbon\u00e1rio seria renomear Alexandre Ramagem<\/a>\u00a0para a dire\u00e7\u00e3o da Pol\u00edcia Federal, desafiando ordem contr\u00e1ria do Supremo Tribunal Federal.<\/p>\n\n\n\n<p>Naquela que foi apelidada da \u201cmais longa das noites\u201d, talvez o ponto mais tenso do governo, Bolsonaro estava incendiado pela participa\u00e7\u00e3o em mais um ato antidemocr\u00e1tico no domingo, e convencido de que apenas a radicaliza\u00e7\u00e3o romperia seu isolamento pol\u00edtico.<\/p>\n\n\n\n<p>Na \u00faltima hora, desistiu, ap\u00f3s uma romaria presencial e telef\u00f4nica de pol\u00edticos, da qual o senador foi o \u00faltimo integrante. Dias Toffoli,&nbsp;<a href=\"https:\/\/www1.folha.uol.com.br\/poder\/2020\/05\/tensao-politica-puxada-por-bolsonaro-provoca-fissuras-no-supremo-e-entre-militares.shtml\">o presidente do Supremo que tem buscado acomoda\u00e7\u00e3o<\/a>&nbsp;entre Poderes, s\u00f3 dormiu quando Alcolumbre disse ter visto a nomea\u00e7\u00e3o de Rolando Souza para a PF pronta.<\/p>\n\n\n\n<p>A noite cessara, e mais um dos 500 turbulentos dias do governo Bolsonaro come\u00e7ava.<\/p>\n\n\n\n<p>A marca, atingida nesta sexta-feira (15), deve ser lembrada por uma campanha publicit\u00e1ria, mas que nada ter\u00e1 do tom triunfalista daquelas dos 100 ou dos 300 dias.<\/p>\n\n\n\n<p>Como um general sem recursos para liderar um recuo t\u00e1tico, o capit\u00e3o reformado est\u00e1 numa ofensiva com caracter\u00edsticas extremas.<\/p>\n\n\n\n<p><a href=\"https:\/\/aovivo.folha.uol.com.br\/equilibrioesaude\/2020\/03\/30\/5906-acompanhe-todas-as-informacoes-sobre-a-pandemia-de-coronavirus.shtml\">A crise do coronav\u00edrus<\/a>&nbsp;veio catalisar um processo que muitos observadores do meio pol\u00edtico veem como de busca por ruptura.<\/p>\n\n\n\n<p>Em seu primeiro ano no poder, o estranhamento do Congresso e do Judici\u00e1rio com as pr\u00e1ticas de Bolsonaro, de nega\u00e7\u00e3o do di\u00e1logo, eram vistas com certa toler\u00e2ncia.<\/p>\n\n\n\n<p>O Parlamento, notadamente a C\u00e2mara sob Rodrigo Maia (DEM-RJ), lograra aprovar a reforma da Previd\u00eancia e encaminhar pautas econ\u00f4micas que, para consumo externo, Paulo Guedes (Economia) chamava de suas.<\/p>\n\n\n\n<p>Os mercados, que j\u00e1 haviam se empolgado com Bolsonaro e suas promessas liberais apesar de seu passado, fizeram a festa.<\/p>\n\n\n\n<p>A Bolsa de S\u00e3o Paulo fechou o ano com o maior retorno desde 2016, 27,6% deflacionados. Seu \u00edndice parecia rumar aos 120 mil pontos.<\/p>\n\n\n\n<p>Na vida real, contudo, os problemas econ\u00f4micos se acumulavam.&nbsp;<a href=\"https:\/\/www1.folha.uol.com.br\/mercado\/2020\/03\/desemprego-aumentou-antes-de-pandemia-do-novo-coronavirus-crescer.shtml\">O desemprego manteve-se em n\u00edvel alto.<\/a><\/p>\n\n\n\n<p>Mas o principal problema para Bolsonaro sempre foi pol\u00edtico. A sua din\u00e2mica de tens\u00e3o permanente e de tomada err\u00e1tica de decis\u00f5es come\u00e7ou a isolar o presidente.<\/p>\n\n\n\n<p>A agenda ultraconservadora e a insist\u00eancia na defesa de tudo o que fosse associado \u00e0 ditadura militar (1964-1985) passaram a alienar n\u00e3o s\u00f3 a esquerda, mas boa parte do centro pol\u00edtico.<\/p>\n\n\n\n<p>No Congresso, em 2019, Maia controlava os 2\/3 da Casa que apoiavam a pauta econ\u00f4mica nominalmente de Guedes.<\/p>\n\n\n\n<p><a href=\"https:\/\/www1.folha.uol.com.br\/poder\/2020\/05\/apoio-a-impeachment-chega-cedo-a-bolsonaro-mas-ainda-nao-no-nivel-de-collor-e-dilma.shtml\">Com a popularidade estabilizada&nbsp;<\/a>em confort\u00e1veis um ter\u00e7o do eleitorado, ap\u00f3s uma sangria acentuada no come\u00e7o da gest\u00e3o, Bolsonaro seguiu sem alterar o rumo.<\/p>\n\n\n\n<p>No come\u00e7o de 2020, uma importante altera\u00e7\u00e3o se deu na din\u00e2mica da rela\u00e7\u00e3o do presidente com o estamento militar que trouxe ao governo.<\/p>\n\n\n\n<p>A ala fardada come\u00e7ara 2019 com ares de poder moderador do governo e encerrou o ano em baixa, sob fogo dos radicais ideol\u00f3gicos comandados pelos filhos do presidente.<\/p>\n\n\n\n<p>No come\u00e7o deste ano, o isolamento crescente de Bolsonaro levou \u00e0 maior ocupa\u00e7\u00e3o do Planalto por generais, com o simbolismo de&nbsp;<a href=\"https:\/\/www1.folha.uol.com.br\/poder\/2020\/02\/plano-de-bolsonaro-para-casa-civil-consolida-retomada-de-prestigio-da-ala-militar.shtml\">Walter Braga Netto \u00e0 frente da Casa Civil<\/a>.<\/p>\n\n\n\n<p>Em conflito aberto com o Congresso pelo manejo do Or\u00e7amento, o presidente<a href=\"https:\/\/www1.folha.uol.com.br\/poder\/2020\/05\/novo-ato-golpista-de-bolsonaro-obriga-explicacao-de-cupula-militar.shtml\">&nbsp;passou a prestigiar movimentos que pediam o fechamento&nbsp;<\/a>do Legislativo e do Judici\u00e1rio.<\/p>\n\n\n\n<p>E o Sars-CoV-2 chegou ao pa\u00eds, com o alto pre\u00e7o humano&nbsp;<a href=\"https:\/\/www1.folha.uol.com.br\/mercado\/2020\/05\/coronavirus-altera-consumo-e-economia-desaba-em-marco.shtml\">e econ\u00f4mico<\/a>&nbsp;\u2014a expectativa \u00e9&nbsp;<a href=\"https:\/\/www1.folha.uol.com.br\/mercado\/2020\/05\/governo-vai-revisar-projecao-do-pib-de-2020-para-queda-de-4-a-5.shtml\">de que o crescimento do PIB fique 5% negativo neste ano.<\/a><\/p>\n\n\n\n<p>O inc\u00f4modo na rela\u00e7\u00e3o com os governadores<a href=\"https:\/\/www1.folha.uol.com.br\/poder\/2020\/05\/e-guerra-tem-que-jogar-pesado-com-governadores-diz-bolsonaro-a-empresarios.shtml\">tornou-se uma guerra aberta,&nbsp;<\/a>n\u00e3o menos porque as pretens\u00f5es presidenciais de Jo\u00e3o Doria (PSDB-SP) se tornaram obsess\u00e3o de Bolsonaro.<\/p>\n\n\n\n<p>Aliados do presidente temem que o pre\u00e7o de sua op\u00e7\u00e3o pela defesa inamov\u00edvel da abertura da economia em detrimento de quest\u00f5es sanit\u00e1rias seja impag\u00e1vel com o recrudescimento da Covid-19. A&nbsp;<a href=\"https:\/\/www1.folha.uol.com.br\/equilibrioesaude\/2020\/04\/e-dai-lamento-quer-que-eu-faca-o-que-diz-bolsonaro-sobre-recorde-de-mortos-por-coronavirus.shtml?fbclid=IwAR26Ozy-HuBJ0Lnzvt9rhwK0ipEwH_a2Y61jKJcAFfbrxWOf7VOmFojhZSI\">insensibilidade do &#8220;e da\u00ed?&#8221;<\/a>&nbsp;sobre os mortos ainda reverbera.<\/p>\n\n\n\n<p><a href=\"https:\/\/www1.folha.uol.com.br\/colunas\/igorgielow\/2020\/04\/cemiterios-preparam-fatura-que-sera-colocada-na-mesa-de-bolsonaro.shtml\">As imagens de caix\u00f5es em s\u00e9rie&nbsp;<\/a>tendem a migrar do Amazonas para o Rio, e em S\u00e3o Paulo, Doria tem insistido em que o esfor\u00e7o para achatar a curva de infec\u00e7\u00f5es est\u00e1 sendo atrapalhado pelo presidente.<\/p>\n\n\n\n<p>O epis\u00f3dio da destitui\u00e7\u00e3o de Luiz Henrique Mandetta da Sa\u00fade pontificou esse enredo, que s\u00f3 foi adensado politicamente pela&nbsp;<a href=\"https:\/\/www1.folha.uol.com.br\/poder\/2020\/05\/conjuntura-vai-definir-potencia-da-bomba-deixada-por-moro-a-bolsonaro.shtml\">muito mais explosiva perda de Sergio Moro<\/a>.<\/p>\n\n\n\n<p>O ministro da Justi\u00e7a deixou o governo no dia 24 de abril acusando o chefe de interferir na Pol\u00edcia Federal para proteger seus filhos, alvos de apura\u00e7\u00f5es.<\/p>\n\n\n\n<p>Moro era um dos superministros de Bolsonaro,\u00a0<a href=\"https:\/\/www1.folha.uol.com.br\/mercado\/2020\/04\/ala-militar-ocupa-espaco-politico-antes-exclusivo-de-paulo-guedes.shtml\">com o agora esvaziado Guedes<\/a>, e simbolizava o comprometimento do presidente com a pauta lavajatista do combate \u00e0 corrup\u00e7\u00e3o.<\/p>\n\n\n\n<p>A investiga\u00e7\u00e3o que se segue j\u00e1 causou abalos, com o suspense em torno do&nbsp;<a href=\"https:\/\/www1.folha.uol.com.br\/poder\/2020\/05\/nao-vou-esperar-f-minha-familia-toda-de-sacanagem-disse-bolsonaro-em-reuniao-segundo-agu.shtml\">v\u00eddeo da reuni\u00e3o ministerial<\/a>&nbsp;que comprometeria ou n\u00e3o Bolsonaro,<a href=\"https:\/\/www1.folha.uol.com.br\/colunas\/igorgielow\/2020\/05\/depoimento-de-generais-vem-em-ma-hora-para-ala-militar-do-governo-bolsonaro.shtml\">&nbsp;e o depoimento \u201csob vara\u201d de tr\u00eas ministros generais<\/a>.<\/p>\n\n\n\n<p>A conflu\u00eancia de crises ainda n\u00e3o configura a famosa tempestade perfeita porque o caso garantiu ao centr\u00e3o uma volta por cima.<\/p>\n\n\n\n<p>Antes um apoiador an\u00f3dino de pautas econ\u00f4micas no Congresso,&nbsp;<a href=\"https:\/\/www1.folha.uol.com.br\/poder\/2020\/04\/caso-moro-bolsonaro-no-stf-da-tempo-para-centrao-negociar-cargos-na-crise.shtml\">o grupo agora \u00e9 central na opera\u00e7\u00e3o para manter qualquer risco de impeachment longe<\/a>. E ganha nacos do governo em troca.<\/p>\n\n\n\n<p><a href=\"https:\/\/www1.folha.uol.com.br\/poder\/2020\/05\/apoio-a-impeachment-chega-cedo-a-bolsonaro-mas-ainda-nao-no-nivel-de-collor-e-dilma.shtml\">Com uma impopularidade ainda longe<\/a>&nbsp;dos n\u00edveis dos impedidos Fernando Collor (1992) ou Dilma Rousseff (2016), o presidente poder\u00e1 contar com o centr\u00e3o neste primeiro momento.<\/p>\n\n\n\n<p>Para os militares, h\u00e1 tens\u00f5es subjacentes&nbsp;<a href=\"https:\/\/www1.folha.uol.com.br\/poder\/2020\/04\/ala-militar-nega-golpismo-mas-apoia-bolsonaro-no-embate-com-poderes.shtml\">\u00e0 sua ades\u00e3o mais firme \u00e0 defesa do governo<\/a>, registrada nas \u00faltimas semanas. Se os oficiais-generais do governo cerram fileiras, o servi\u00e7o ativo das For\u00e7as n\u00e3o v\u00ea com tanta complac\u00eancia a politiza\u00e7\u00e3o das fardas.<\/p>\n\n\n\n<p>Com tantos fatores, qualquer artigo do general Hamilton Mour\u00e3o, vice de Bolsonaro,&nbsp;<a href=\"https:\/\/www1.folha.uol.com.br\/poder\/2020\/05\/mourao-assusta-mundo-politico-com-espantalho-da-intervencao-militar.shtml\">torna-se objeto de grande inquieta\u00e7\u00e3o.<\/a><\/p>\n\n\n\n<p>Como o epis\u00f3dio da sa\u00edda de Moro e outros mostraram, os militares n\u00e3o exercem o controle que desejariam sobre Bolsonaro, e sim tentam cont\u00ea-lo pontualmente.<\/p>\n\n\n\n<p>Ainda assim, formam o ponto de apoio de um presidente que declara uma guerra por dia para manter sua base coesa, mas cuja sapi\u00eancia da t\u00e1tica \u00e9 questionada por todos salvo seus aliados ideol\u00f3gicos.<\/p>\n\n\n\n<p>Com o passivo de crises para administrar, que come\u00e7am em apura\u00e7\u00f5es sobre sua fam\u00edlia e chegam \u00e0 pandemia, Bolsonaro ter\u00e1 v\u00e1rias oportunidades para colocar o questionamento \u00e0 prova.<\/p>\n","protected":false},"excerpt":{"rendered":"<p>Presidente viu crise do coronav\u00edrus se fundir \u00e0 instabilidade pol\u00edtica e decl\u00ednio econ\u00f4mico.<\/p>\n","protected":false},"author":1,"featured_media":0,"comment_status":"closed","ping_status":"open","sticky":false,"template":"","format":"standard","meta":{"_exactmetrics_skip_tracking":false,"_exactmetrics_sitenote_active":false,"_exactmetrics_sitenote_note":"","_exactmetrics_sitenote_category":0,"jetpack_post_was_ever_published":false,"_jetpack_newsletter_access":"","_jetpack_dont_email_post_to_subs":false,"_jetpack_newsletter_tier_id":0,"_jetpack_memberships_contains_paywalled_content":false,"_jetpack_memberships_contains_paid_content":false,"footnotes":"","jetpack_publicize_message":"","jetpack_publicize_feature_enabled":true,"jetpack_social_post_already_shared":true,"jetpack_social_options":{"image_generator_settings":{"template":"highway","enabled":false},"version":2}},"categories":[1],"tags":[],"class_list":["post-28161","post","type-post","status-publish","format-standard","hentry","category-notas"],"jetpack_publicize_connections":[],"jetpack_sharing_enabled":true,"jetpack_featured_media_url":"","jetpack_shortlink":"https:\/\/wp.me\/p7wKYW-7kd","jetpack-related-posts":[],"_links":{"self":[{"href":"http:\/\/blogdalucianaoliveira.com.br\/blog\/wp-json\/wp\/v2\/posts\/28161","targetHints":{"allow":["GET"]}}],"collection":[{"href":"http:\/\/blogdalucianaoliveira.com.br\/blog\/wp-json\/wp\/v2\/posts"}],"about":[{"href":"http:\/\/blogdalucianaoliveira.com.br\/blog\/wp-json\/wp\/v2\/types\/post"}],"author":[{"embeddable":true,"href":"http:\/\/blogdalucianaoliveira.com.br\/blog\/wp-json\/wp\/v2\/users\/1"}],"replies":[{"embeddable":true,"href":"http:\/\/blogdalucianaoliveira.com.br\/blog\/wp-json\/wp\/v2\/comments?post=28161"}],"version-history":[{"count":1,"href":"http:\/\/blogdalucianaoliveira.com.br\/blog\/wp-json\/wp\/v2\/posts\/28161\/revisions"}],"predecessor-version":[{"id":28163,"href":"http:\/\/blogdalucianaoliveira.com.br\/blog\/wp-json\/wp\/v2\/posts\/28161\/revisions\/28163"}],"wp:attachment":[{"href":"http:\/\/blogdalucianaoliveira.com.br\/blog\/wp-json\/wp\/v2\/media?parent=28161"}],"wp:term":[{"taxonomy":"category","embeddable":true,"href":"http:\/\/blogdalucianaoliveira.com.br\/blog\/wp-json\/wp\/v2\/categories?post=28161"},{"taxonomy":"post_tag","embeddable":true,"href":"http:\/\/blogdalucianaoliveira.com.br\/blog\/wp-json\/wp\/v2\/tags?post=28161"}],"curies":[{"name":"wp","href":"https:\/\/api.w.org\/{rel}","templated":true}]}}