{"id":28164,"date":"2020-05-15T13:36:59","date_gmt":"2020-05-15T17:36:59","guid":{"rendered":"http:\/\/blogdalucianaoliveira.com.br\/blog\/?p=28164"},"modified":"2020-05-15T13:41:49","modified_gmt":"2020-05-15T17:41:49","slug":"coordenadora-da-kaninde-testa-positivo-para-covid-19","status":"publish","type":"post","link":"http:\/\/blogdalucianaoliveira.com.br\/blog\/2020\/05\/15\/coordenadora-da-kaninde-testa-positivo-para-covid-19\/","title":{"rendered":"Coordenadora da Kanind\u00e9 testa positivo para Covid-19"},"content":{"rendered":"\n<figure class=\"wp-block-image size-large\"><img data-recalc-dims=\"1\" loading=\"lazy\" decoding=\"async\" width=\"600\" height=\"296\" data-attachment-id=\"28165\" data-permalink=\"http:\/\/blogdalucianaoliveira.com.br\/blog\/2020\/05\/15\/coordenadora-da-kaninde-testa-positivo-para-covid-19\/65d2632d-c336-4467-9c2d-3129bd756ad2\/\" data-orig-file=\"https:\/\/i0.wp.com\/blogdalucianaoliveira.com.br\/blog\/wp-content\/uploads\/2020\/05\/65D2632D-C336-4467-9C2D-3129BD756AD2.jpeg?fit=761%2C375\" data-orig-size=\"761,375\" data-comments-opened=\"0\" data-image-meta=\"{&quot;aperture&quot;:&quot;0&quot;,&quot;credit&quot;:&quot;&quot;,&quot;camera&quot;:&quot;&quot;,&quot;caption&quot;:&quot;&quot;,&quot;created_timestamp&quot;:&quot;0&quot;,&quot;copyright&quot;:&quot;&quot;,&quot;focal_length&quot;:&quot;0&quot;,&quot;iso&quot;:&quot;0&quot;,&quot;shutter_speed&quot;:&quot;0&quot;,&quot;title&quot;:&quot;&quot;,&quot;orientation&quot;:&quot;0&quot;}\" data-image-title=\"65D2632D-C336-4467-9C2D-3129BD756AD2\" data-image-description=\"\" data-image-caption=\"\" data-medium-file=\"https:\/\/i0.wp.com\/blogdalucianaoliveira.com.br\/blog\/wp-content\/uploads\/2020\/05\/65D2632D-C336-4467-9C2D-3129BD756AD2.jpeg?fit=300%2C148\" data-large-file=\"https:\/\/i0.wp.com\/blogdalucianaoliveira.com.br\/blog\/wp-content\/uploads\/2020\/05\/65D2632D-C336-4467-9C2D-3129BD756AD2.jpeg?fit=600%2C296\" src=\"https:\/\/i0.wp.com\/blogdalucianaoliveira.com.br\/blog\/wp-content\/uploads\/2020\/05\/65D2632D-C336-4467-9C2D-3129BD756AD2.jpeg?resize=600%2C296\" alt=\"\" class=\"wp-image-28165\" srcset=\"https:\/\/i0.wp.com\/blogdalucianaoliveira.com.br\/blog\/wp-content\/uploads\/2020\/05\/65D2632D-C336-4467-9C2D-3129BD756AD2.jpeg?w=761 761w, https:\/\/i0.wp.com\/blogdalucianaoliveira.com.br\/blog\/wp-content\/uploads\/2020\/05\/65D2632D-C336-4467-9C2D-3129BD756AD2.jpeg?resize=300%2C148 300w, https:\/\/i0.wp.com\/blogdalucianaoliveira.com.br\/blog\/wp-content\/uploads\/2020\/05\/65D2632D-C336-4467-9C2D-3129BD756AD2.jpeg?resize=609%2C300 609w\" sizes=\"auto, (max-width: 600px) 100vw, 600px\" \/><\/figure>\n\n\n\n<p><\/p>\n\n\n\n<p>Ivaneide Bandeira \u00e9 essencial na luta para proteger os povos ind\u00edgenas de Rond\u00f4nia do novo coronav\u00edrus, dos invasores e da destrui\u00e7\u00e3o da floresta. <\/p>\n\n\n\n<p>Desde que a Organiza\u00e7\u00e3o Mundial de Sa\u00fade declarou a pandemia, Neidinha como \u00e9 conhecida, se dedicou a a\u00e7\u00f5es de socorro \u00e0s etnias do estado.&nbsp;<\/p>\n\n\n\n<!--more-->\n\n\n\n<p>Foram muitas idas e vindas para entregar cestas b\u00e1sicas e materiais de higiene nas aldeias.&nbsp;<\/p>\n\n\n\n<p>A Kanind\u00e9, Associa\u00e7\u00e3o de Defesa Etnoambiental, abra\u00e7ou a campanha #FiqueNaAldeia e firmou parcerias com organiza\u00e7\u00f5es nacionais e internacionais para garantir que os ind\u00edgenas n\u00e3o precisem se deslocar aos centros urbanos.<br><\/p>\n\n\n\n<figure class=\"wp-block-image size-large\"><img loading=\"lazy\" decoding=\"async\" width=\"2048\" height=\"1536\" data-attachment-id=\"28166\" data-permalink=\"http:\/\/blogdalucianaoliveira.com.br\/blog\/2020\/05\/15\/coordenadora-da-kaninde-testa-positivo-para-covid-19\/a2a8b5eb-49c8-4000-987b-c1beea0eddd6\/\" data-orig-file=\"https:\/\/i0.wp.com\/blogdalucianaoliveira.com.br\/blog\/wp-content\/uploads\/2020\/05\/A2A8B5EB-49C8-4000-987B-C1BEEA0EDDD6.jpeg?fit=2048%2C1536\" data-orig-size=\"2048,1536\" data-comments-opened=\"0\" data-image-meta=\"{&quot;aperture&quot;:&quot;0&quot;,&quot;credit&quot;:&quot;&quot;,&quot;camera&quot;:&quot;&quot;,&quot;caption&quot;:&quot;&quot;,&quot;created_timestamp&quot;:&quot;0&quot;,&quot;copyright&quot;:&quot;&quot;,&quot;focal_length&quot;:&quot;0&quot;,&quot;iso&quot;:&quot;0&quot;,&quot;shutter_speed&quot;:&quot;0&quot;,&quot;title&quot;:&quot;&quot;,&quot;orientation&quot;:&quot;1&quot;}\" data-image-title=\"A2A8B5EB-49C8-4000-987B-C1BEEA0EDDD6\" data-image-description=\"\" data-image-caption=\"\" data-medium-file=\"https:\/\/i0.wp.com\/blogdalucianaoliveira.com.br\/blog\/wp-content\/uploads\/2020\/05\/A2A8B5EB-49C8-4000-987B-C1BEEA0EDDD6.jpeg?fit=300%2C225\" data-large-file=\"https:\/\/i0.wp.com\/blogdalucianaoliveira.com.br\/blog\/wp-content\/uploads\/2020\/05\/A2A8B5EB-49C8-4000-987B-C1BEEA0EDDD6.jpeg?fit=600%2C450\" src=\"https:\/\/i0.wp.com\/blogdalucianaoliveira.com.br\/blog\/wp-content\/uploads\/2020\/05\/A2A8B5EB-49C8-4000-987B-C1BEEA0EDDD6.jpeg?fit=600%2C450\" alt=\"\" class=\"wp-image-28166\" srcset=\"https:\/\/i0.wp.com\/blogdalucianaoliveira.com.br\/blog\/wp-content\/uploads\/2020\/05\/A2A8B5EB-49C8-4000-987B-C1BEEA0EDDD6.jpeg?w=2048 2048w, https:\/\/i0.wp.com\/blogdalucianaoliveira.com.br\/blog\/wp-content\/uploads\/2020\/05\/A2A8B5EB-49C8-4000-987B-C1BEEA0EDDD6.jpeg?resize=300%2C225 300w, https:\/\/i0.wp.com\/blogdalucianaoliveira.com.br\/blog\/wp-content\/uploads\/2020\/05\/A2A8B5EB-49C8-4000-987B-C1BEEA0EDDD6.jpeg?resize=1024%2C768 1024w, https:\/\/i0.wp.com\/blogdalucianaoliveira.com.br\/blog\/wp-content\/uploads\/2020\/05\/A2A8B5EB-49C8-4000-987B-C1BEEA0EDDD6.jpeg?resize=768%2C576 768w, https:\/\/i0.wp.com\/blogdalucianaoliveira.com.br\/blog\/wp-content\/uploads\/2020\/05\/A2A8B5EB-49C8-4000-987B-C1BEEA0EDDD6.jpeg?resize=1536%2C1152 1536w, https:\/\/i0.wp.com\/blogdalucianaoliveira.com.br\/blog\/wp-content\/uploads\/2020\/05\/A2A8B5EB-49C8-4000-987B-C1BEEA0EDDD6.jpeg?resize=400%2C300 400w, https:\/\/i0.wp.com\/blogdalucianaoliveira.com.br\/blog\/wp-content\/uploads\/2020\/05\/A2A8B5EB-49C8-4000-987B-C1BEEA0EDDD6.jpeg?w=1200 1200w, https:\/\/i0.wp.com\/blogdalucianaoliveira.com.br\/blog\/wp-content\/uploads\/2020\/05\/A2A8B5EB-49C8-4000-987B-C1BEEA0EDDD6.jpeg?w=1800 1800w\" sizes=\"auto, (max-width: 600px) 100vw, 600px\" \/><\/figure>\n\n\n\n<p>Ela vinha sentindo sintomas e procurou ajuda no Call Center do governo do estado para fazer o teste.&nbsp;<\/p>\n\n\n\n<p>Neidinha contou por telefone que sentia dores na cabe\u00e7a, no peito e falta de ar.&nbsp;<\/p>\n\n\n\n<p>Foi orientada a ficar em casa e aguardar, pois os testes para Covid-19 s\u00e3o para pacientes em estado grave.&nbsp;<br><\/p>\n\n\n\n<p>Como tantos infectados reclama do atendimento remoto e da dificuldade de conseguir um teste nas unidades de sa\u00fade da rede p\u00fablica. <\/p>\n\n\n\n<p>Com a piora dos sintomas fez em laborat\u00f3rio particular a coleta e confirmou as suspeitas.&nbsp;<\/p>\n\n\n\n<p>O isolamento agora \u00e9 rigoroso, pois mora com as filhas. Uma delas apresenta sintomas.&nbsp;<br><\/p>\n\n\n\n<p>A maior preocupa\u00e7\u00e3o de Neidinha \u00e9 com as constantes invas\u00f5es de madeireiros e grileiros nos territ\u00f3rios ind\u00edgenas, com o desmatamento acelerado e a aproxima\u00e7\u00e3o do per\u00edodo de queimadas na Amaz\u00f4nia. Em quarentena o valioso trabalho dela fica limitado. <\/p>\n\n\n\n<p>\u201cMinha preocupa\u00e7\u00e3o \u00e9 que estamos entrando no per\u00edodo das queimadas e as infec\u00e7\u00f5es v\u00e3o piorar. Os territ\u00f3rios precisam ser protegidos e nossa a\u00e7\u00e3o \u00e9 necess\u00e1ria.<br> Quero ficar boa logo para poder ajudar os ind\u00edgenas\u201d, disse. <\/p>\n\n\n\n<p><br><\/p>\n","protected":false},"excerpt":{"rendered":"<p>Ivaneide Bandeira \u00e9 essencial na luta para proteger os povos ind\u00edgenas de Rond\u00f4nia do novo coronav\u00edrus, dos invasores e da destrui\u00e7\u00e3o da floresta. Desde que a Organiza\u00e7\u00e3o Mundial de Sa\u00fade declarou a pandemia, Neidinha como \u00e9 conhecida, se dedicou a a\u00e7\u00f5es de socorro \u00e0s etnias do estado.&nbsp;<\/p>\n","protected":false},"author":1,"featured_media":0,"comment_status":"closed","ping_status":"open","sticky":false,"template":"","format":"standard","meta":{"_exactmetrics_skip_tracking":false,"_exactmetrics_sitenote_active":false,"_exactmetrics_sitenote_note":"","_exactmetrics_sitenote_category":0,"jetpack_post_was_ever_published":false,"_jetpack_newsletter_access":"","_jetpack_dont_email_post_to_subs":false,"_jetpack_newsletter_tier_id":0,"_jetpack_memberships_contains_paywalled_content":false,"_jetpack_memberships_contains_paid_content":false,"footnotes":"","jetpack_publicize_message":"","jetpack_publicize_feature_enabled":true,"jetpack_social_post_already_shared":true,"jetpack_social_options":{"image_generator_settings":{"template":"highway","enabled":false},"version":2}},"categories":[1],"tags":[],"class_list":["post-28164","post","type-post","status-publish","format-standard","hentry","category-notas"],"jetpack_publicize_connections":[],"jetpack_sharing_enabled":true,"jetpack_featured_media_url":"","jetpack_shortlink":"https:\/\/wp.me\/p7wKYW-7kg","jetpack-related-posts":[],"_links":{"self":[{"href":"http:\/\/blogdalucianaoliveira.com.br\/blog\/wp-json\/wp\/v2\/posts\/28164","targetHints":{"allow":["GET"]}}],"collection":[{"href":"http:\/\/blogdalucianaoliveira.com.br\/blog\/wp-json\/wp\/v2\/posts"}],"about":[{"href":"http:\/\/blogdalucianaoliveira.com.br\/blog\/wp-json\/wp\/v2\/types\/post"}],"author":[{"embeddable":true,"href":"http:\/\/blogdalucianaoliveira.com.br\/blog\/wp-json\/wp\/v2\/users\/1"}],"replies":[{"embeddable":true,"href":"http:\/\/blogdalucianaoliveira.com.br\/blog\/wp-json\/wp\/v2\/comments?post=28164"}],"version-history":[{"count":3,"href":"http:\/\/blogdalucianaoliveira.com.br\/blog\/wp-json\/wp\/v2\/posts\/28164\/revisions"}],"predecessor-version":[{"id":28169,"href":"http:\/\/blogdalucianaoliveira.com.br\/blog\/wp-json\/wp\/v2\/posts\/28164\/revisions\/28169"}],"wp:attachment":[{"href":"http:\/\/blogdalucianaoliveira.com.br\/blog\/wp-json\/wp\/v2\/media?parent=28164"}],"wp:term":[{"taxonomy":"category","embeddable":true,"href":"http:\/\/blogdalucianaoliveira.com.br\/blog\/wp-json\/wp\/v2\/categories?post=28164"},{"taxonomy":"post_tag","embeddable":true,"href":"http:\/\/blogdalucianaoliveira.com.br\/blog\/wp-json\/wp\/v2\/tags?post=28164"}],"curies":[{"name":"wp","href":"https:\/\/api.w.org\/{rel}","templated":true}]}}