{"id":2817,"date":"2016-08-02T13:48:52","date_gmt":"2016-08-02T17:48:52","guid":{"rendered":"http:\/\/blogdalucianaoliveira.com.br\/blog\/?p=2817"},"modified":"2016-08-02T13:48:52","modified_gmt":"2016-08-02T17:48:52","slug":"a-pergunta-que-o-supremo-tribunal-federal-nao-quer-calar","status":"publish","type":"post","link":"http:\/\/blogdalucianaoliveira.com.br\/blog\/2016\/08\/02\/a-pergunta-que-o-supremo-tribunal-federal-nao-quer-calar\/","title":{"rendered":"A pergunta que o Supremo Tribunal Federal n\u00e3o quer calar"},"content":{"rendered":"<p><img data-recalc-dims=\"1\" loading=\"lazy\" decoding=\"async\" data-attachment-id=\"2818\" data-permalink=\"http:\/\/blogdalucianaoliveira.com.br\/blog\/2016\/08\/02\/a-pergunta-que-o-supremo-tribunal-federal-nao-quer-calar\/rato\/\" data-orig-file=\"https:\/\/i0.wp.com\/blogdalucianaoliveira.com.br\/blog\/wp-content\/uploads\/2016\/08\/rato.jpg?fit=550%2C322\" data-orig-size=\"550,322\" data-comments-opened=\"0\" data-image-meta=\"{&quot;aperture&quot;:&quot;0&quot;,&quot;credit&quot;:&quot;&quot;,&quot;camera&quot;:&quot;&quot;,&quot;caption&quot;:&quot;&quot;,&quot;created_timestamp&quot;:&quot;0&quot;,&quot;copyright&quot;:&quot;&quot;,&quot;focal_length&quot;:&quot;0&quot;,&quot;iso&quot;:&quot;0&quot;,&quot;shutter_speed&quot;:&quot;0&quot;,&quot;title&quot;:&quot;&quot;,&quot;orientation&quot;:&quot;1&quot;}\" data-image-title=\"rato\" data-image-description=\"\" data-image-caption=\"\" data-medium-file=\"https:\/\/i0.wp.com\/blogdalucianaoliveira.com.br\/blog\/wp-content\/uploads\/2016\/08\/rato.jpg?fit=300%2C176\" data-large-file=\"https:\/\/i0.wp.com\/blogdalucianaoliveira.com.br\/blog\/wp-content\/uploads\/2016\/08\/rato.jpg?fit=550%2C322\" src=\"https:\/\/i0.wp.com\/blogdalucianaoliveira.com.br\/blog\/wp-content\/uploads\/2016\/08\/rato.jpg?resize=550%2C322\" alt=\"rato\" width=\"550\" height=\"322\" class=\"alignnone size-full wp-image-2818\" srcset=\"https:\/\/i0.wp.com\/blogdalucianaoliveira.com.br\/blog\/wp-content\/uploads\/2016\/08\/rato.jpg?w=550 550w, https:\/\/i0.wp.com\/blogdalucianaoliveira.com.br\/blog\/wp-content\/uploads\/2016\/08\/rato.jpg?resize=300%2C176 300w, https:\/\/i0.wp.com\/blogdalucianaoliveira.com.br\/blog\/wp-content\/uploads\/2016\/08\/rato.jpg?resize=512%2C300 512w\" sizes=\"auto, (max-width: 550px) 100vw, 550px\" \/><\/p>\n<p>Por que at\u00e9 agora nenhum pol\u00edtico denunciado na Opera\u00e7\u00e3o Lava Jato foi condenado?<!--more--><\/p>\n<p>Os inqu\u00e9ritos se amontoam e mais de 130 com foro privilegiado est\u00e3o sob investiga\u00e7\u00e3o, segundo o \u00faltimo levantamento do Minist\u00e9rio P\u00fablico Federal, feito h\u00e1 mais de um m\u00eas.<\/p>\n<p>A primeira lista com pedidos de investiga\u00e7\u00e3o enviada por Janot ao STF, em mar\u00e7o de 2015, tinha 47 nomes. Esse n\u00famero de pol\u00edticos e partidos investigados mais que dobrou.<\/p>\n<p>O ex-presidente da C\u00e2mara, Eduardo Cunha foi o primeiro a se tornar r\u00e9u no STF pela Lava Jato, vale destacar, recentemente. Com a perda do mandato e do privil\u00e9gio de morar na casa oficial, o deputado mudou para um apartamento funcional na Asa Sul, na quadra onde moram alguns ministros do Supremo.<\/p>\n<p>Agora ficou f\u00e1cil encontrar o sujeito.<\/p>\n<p>Hoje, o STF tem mais de 40 den\u00fancias contra pol\u00edticos e n\u00e3o h\u00e1 previs\u00e3o para julgar se passam de investigados a r\u00e9us.<\/p>\n<p>Por outro lado, o juiz S\u00e9rgio Moro, se envaidece em personificar a imagem de efici\u00eancia do judici\u00e1rio, entre os leigos e at\u00e9 magistrados, com mais de 100 condena\u00e7\u00f5es e um n\u00famero de pris\u00f5es nunca antes visto nesse pa\u00eds.<\/p>\n<p>\u00c9 literalmente, o 8 ou 80, que desmoraliza a justi\u00e7a brasileira.<br \/>\nOs ministros alegam que t\u00eam milhares de processos nas costas e Moro n\u00e3o, da\u00ed a dedica\u00e7\u00e3o \u00e0 Lava Jato.<\/p>\n<p>T\u00e1 certo que o volume \u00e9 grande, mas \u00e9 inadi\u00e1vel a prioridade aos casos que envolvem pol\u00edticos no chamado Petrol\u00e3o.<\/p>\n<p>O procurador do Minist\u00e9rio P\u00fablico, Alexandre Camanho, j\u00e1 declarou que essa demora do supremo em analisar processos contra pol\u00edticos deixa evidente a necessidade de se acabar com o foro privilegiado. Segundo ele, \u00e9 um &#8216;beneficio&#8217; que adia condena\u00e7\u00f5es.<\/p>\n","protected":false},"excerpt":{"rendered":"<p>Por que at\u00e9 agora nenhum pol\u00edtico denunciado na Opera\u00e7\u00e3o Lava Jato foi condenado?<\/p>\n","protected":false},"author":1,"featured_media":0,"comment_status":"closed","ping_status":"open","sticky":false,"template":"","format":"standard","meta":{"_exactmetrics_skip_tracking":false,"_exactmetrics_sitenote_active":false,"_exactmetrics_sitenote_note":"","_exactmetrics_sitenote_category":0,"jetpack_post_was_ever_published":false,"_jetpack_newsletter_access":"","_jetpack_dont_email_post_to_subs":false,"_jetpack_newsletter_tier_id":0,"_jetpack_memberships_contains_paywalled_content":false,"_jetpack_memberships_contains_paid_content":false,"footnotes":"","jetpack_publicize_message":"","jetpack_publicize_feature_enabled":true,"jetpack_social_post_already_shared":true,"jetpack_social_options":{"image_generator_settings":{"template":"highway","enabled":false},"version":2}},"categories":[1],"tags":[],"class_list":["post-2817","post","type-post","status-publish","format-standard","hentry","category-notas"],"jetpack_publicize_connections":[],"jetpack_sharing_enabled":true,"jetpack_featured_media_url":"","jetpack_shortlink":"https:\/\/wp.me\/p7wKYW-Jr","jetpack-related-posts":[],"_links":{"self":[{"href":"http:\/\/blogdalucianaoliveira.com.br\/blog\/wp-json\/wp\/v2\/posts\/2817","targetHints":{"allow":["GET"]}}],"collection":[{"href":"http:\/\/blogdalucianaoliveira.com.br\/blog\/wp-json\/wp\/v2\/posts"}],"about":[{"href":"http:\/\/blogdalucianaoliveira.com.br\/blog\/wp-json\/wp\/v2\/types\/post"}],"author":[{"embeddable":true,"href":"http:\/\/blogdalucianaoliveira.com.br\/blog\/wp-json\/wp\/v2\/users\/1"}],"replies":[{"embeddable":true,"href":"http:\/\/blogdalucianaoliveira.com.br\/blog\/wp-json\/wp\/v2\/comments?post=2817"}],"version-history":[{"count":2,"href":"http:\/\/blogdalucianaoliveira.com.br\/blog\/wp-json\/wp\/v2\/posts\/2817\/revisions"}],"predecessor-version":[{"id":2820,"href":"http:\/\/blogdalucianaoliveira.com.br\/blog\/wp-json\/wp\/v2\/posts\/2817\/revisions\/2820"}],"wp:attachment":[{"href":"http:\/\/blogdalucianaoliveira.com.br\/blog\/wp-json\/wp\/v2\/media?parent=2817"}],"wp:term":[{"taxonomy":"category","embeddable":true,"href":"http:\/\/blogdalucianaoliveira.com.br\/blog\/wp-json\/wp\/v2\/categories?post=2817"},{"taxonomy":"post_tag","embeddable":true,"href":"http:\/\/blogdalucianaoliveira.com.br\/blog\/wp-json\/wp\/v2\/tags?post=2817"}],"curies":[{"name":"wp","href":"https:\/\/api.w.org\/{rel}","templated":true}]}}