{"id":28175,"date":"2020-05-16T06:36:08","date_gmt":"2020-05-16T10:36:08","guid":{"rendered":"http:\/\/blogdalucianaoliveira.com.br\/blog\/?p=28175"},"modified":"2020-05-16T06:36:16","modified_gmt":"2020-05-16T10:36:16","slug":"militares-no-poder-sao-cumplices-de-mais-um-ato-irresponsavel-do-macabro-governo-bolsonaro","status":"publish","type":"post","link":"http:\/\/blogdalucianaoliveira.com.br\/blog\/2020\/05\/16\/militares-no-poder-sao-cumplices-de-mais-um-ato-irresponsavel-do-macabro-governo-bolsonaro\/","title":{"rendered":"Militares no poder s\u00e3o c\u00famplices de mais um ato irrespons\u00e1vel do macabro Governo Bolsonaro"},"content":{"rendered":"\n<figure class=\"wp-block-image size-large\"><img data-recalc-dims=\"1\" loading=\"lazy\" decoding=\"async\" width=\"600\" height=\"341\" data-attachment-id=\"28176\" data-permalink=\"http:\/\/blogdalucianaoliveira.com.br\/blog\/2020\/05\/16\/militares-no-poder-sao-cumplices-de-mais-um-ato-irresponsavel-do-macabro-governo-bolsonaro\/image-57-6\/\" data-orig-file=\"https:\/\/i0.wp.com\/blogdalucianaoliveira.com.br\/blog\/wp-content\/uploads\/2020\/05\/image-57.jpeg?fit=640%2C364\" data-orig-size=\"640,364\" data-comments-opened=\"0\" data-image-meta=\"{&quot;aperture&quot;:&quot;0&quot;,&quot;credit&quot;:&quot;&quot;,&quot;camera&quot;:&quot;&quot;,&quot;caption&quot;:&quot;&quot;,&quot;created_timestamp&quot;:&quot;0&quot;,&quot;copyright&quot;:&quot;&quot;,&quot;focal_length&quot;:&quot;0&quot;,&quot;iso&quot;:&quot;0&quot;,&quot;shutter_speed&quot;:&quot;0&quot;,&quot;title&quot;:&quot;&quot;,&quot;orientation&quot;:&quot;0&quot;}\" data-image-title=\"image-57\" data-image-description=\"\" data-image-caption=\"\" data-medium-file=\"https:\/\/i0.wp.com\/blogdalucianaoliveira.com.br\/blog\/wp-content\/uploads\/2020\/05\/image-57.jpeg?fit=300%2C171\" data-large-file=\"https:\/\/i0.wp.com\/blogdalucianaoliveira.com.br\/blog\/wp-content\/uploads\/2020\/05\/image-57.jpeg?fit=600%2C341\" src=\"https:\/\/i0.wp.com\/blogdalucianaoliveira.com.br\/blog\/wp-content\/uploads\/2020\/05\/image-57.jpeg?resize=600%2C341\" alt=\"\" class=\"wp-image-28176\" srcset=\"https:\/\/i0.wp.com\/blogdalucianaoliveira.com.br\/blog\/wp-content\/uploads\/2020\/05\/image-57.jpeg?w=640 640w, https:\/\/i0.wp.com\/blogdalucianaoliveira.com.br\/blog\/wp-content\/uploads\/2020\/05\/image-57.jpeg?resize=300%2C171 300w, https:\/\/i0.wp.com\/blogdalucianaoliveira.com.br\/blog\/wp-content\/uploads\/2020\/05\/image-57.jpeg?resize=527%2C300 527w\" sizes=\"auto, (max-width: 600px) 100vw, 600px\" \/><\/figure>\n\n\n\n<p>Sa\u00edda do Nelson Teich ap\u00f3s menos de um m\u00eas mostra que as For\u00e7as Armadas legitimam uma gest\u00e3o vista como genocida e evocam as mem\u00f3rias mais tristes que mancharam o nome da institui\u00e7\u00e3o.<\/p>\n\n\n\n<!--more-->\n\n\n\n<p>No El Pa\u00eds<\/p>\n\n\n\n<p><a rel=\"noreferrer noopener\" href=\"https:\/\/brasil.elpais.com\/politica\/2020-05-04\/invocadas-por-bolsonaro-forcas-armadas-dizem-que-estao-ao-lado-da-democracia-e-contra-ataques-a-jornalistas.html\" target=\"_blank\">Os militares brasileiros que est\u00e3o no poder<\/a>desenterram as mem\u00f3rias mais tristes de seu passado de vergonha da ditadura com um presente ca\u00f3tico \u00e0 merc\u00ea do Governo Bolsonaro. Alinhados ao discurso e \u00e0 gest\u00e3o diversionista do presidente, deixam claro que endossam cada ato irrespons\u00e1vel do mandat\u00e1rio em plena pandemia de coronav\u00edrus. H\u00e1 mais de 200.000 infectados e quase 14.000 \u00f3bitos de brasileiros oficialmente, sem contar aqueles que n\u00e3o foram notificados.\u00a0<a rel=\"noreferrer noopener\" href=\"https:\/\/brasil.elpais.com\/brasil\/2020-05-15\/brasil-perde-segundo-ministro-da-saude-sob-pressao-de-bolsonaro-para-abrir-economia-e-por-uso-da-cloroquina.html\" target=\"_blank\">A sa\u00edda do ministro da Sa\u00fade Nelson Teich\u00a0<\/a>antes mesmo de completar um m\u00eas no cargo \u00e9 s\u00f3 mais um desses atos inconsequentes.<\/p>\n\n\n\n<p>Teich caiu por um embate irracional sobre isolamento social e protocolos&nbsp;<a href=\"https:\/\/brasil.elpais.com\/brasil\/2020-04-27\/producao-de-cloroquina-pelo-exercito-aumenta-80-vezes-mesmo-sem-conclusao-de-sua-eficacia-contra-a-covid-19.html\" target=\"_blank\" rel=\"noreferrer noopener\">de uso da famigerada cloroquina<\/a>. O medicamento, que j\u00e1&nbsp;<a href=\"https:\/\/www.washingtonpost.com\/politics\/2020\/04\/24\/rise-fall-trumps-obsession-with-hydroxychloroquine\/\" target=\"_blank\" rel=\"noreferrer noopener\">caiu em descr\u00e9dito at\u00e9 mesmo nos Estados Unidos<\/a>, virou uma obsess\u00e3o para Bolsonaro, mesmo sem efic\u00e1cia comprovada. \u00c9 apenas uma maneira de se contrapor \u00e0 ci\u00eancia, aos governadores, aos seus cr\u00edticos pol\u00edticos e, ao fim e ao cabo, \u00e0 realidade.<\/p>\n\n\n\n<p>A arrog\u00e2ncia de Bolsonaro para brincar no cargo de presidente se estende \u00e0 institui\u00e7\u00e3o. A desfa\u00e7atez macabra do l\u00edder da na\u00e7\u00e3o, tamb\u00e9m.\u00a0<a rel=\"noreferrer noopener\" href=\"https:\/\/brasil.elpais.com\/brasil\/2020-04-29\/brasil-supera-china-em-mortos-por-coronavirus-admite-agravamento-da-crise-mas-bolsonaro-diz-e-dai.html\" target=\"_blank\">O presidente que falou \u201cE da\u00ed?\u201d para as mortes,<\/a>\u00a0quando o pa\u00eds somava mais de 5.000 \u00f3bitos confirmados, e fez alarde de churrasco e passeio espalhafatoso de jet ski quando o Brasil somava ent\u00e3o mais de 10.000 v\u00edtimas, tem no corpo militar seu c\u00famplice. Um desprezo com valores humanos e um c\u00f3digo de honra que a pr\u00f3pria institui\u00e7\u00e3o prega.<\/p>\n\n\n\n<p>Jair Bolsonaro j\u00e1 \u00e9 mote de piada entre chefes de Estado. Visto como genocida mundo afora, o que n\u00e3o \u00e9 culpa da imprensa ou de interlocutores mal-intencionados que estariam sendo guiados por interesses pol\u00edticos, como sugeriu o vice-presidente&nbsp;<a href=\"https:\/\/opiniao.estadao.com.br\/noticias\/espaco-aberto,limites-e-responsabilidades,70003302275\" target=\"_blank\" rel=\"noreferrer noopener\">Hamilton Mour\u00e3o em artigo publicado nesta quinta-feira<\/a>. Os fatos falam por si. A sa\u00edda de Teich \u00e9 destaque em todo o planeta num momento em que todas as na\u00e7\u00f5es lutam para atenuar os efeitos tr\u00e1gicos da peste. N\u00e3o \u00e9 preciso ser t\u00e3o inteligente para admitir que trocar duas vezes um ministro da Sa\u00fade em meio \u00e0 pandemia demonstra uma total falta de estrat\u00e9gia e a ades\u00e3o a um m\u00e9todo camicase de governar um pa\u00eds de 210 milh\u00f5es de pessoas.<\/p>\n\n\n\n<p>No imagin\u00e1rio brasileiro, os militares estampam a ideia de ordem e disciplina. Foi a partir de 2014, diante dos esc\u00e2ndalos derivados das not\u00edcias da Lava Jato, que eles retomaram a visibilidade como alternativa de poder. O segundo Governo Dilma se afundava em den\u00fancias e perdia apoio popular. Era o momento de recha\u00e7o da sociedade com a classe pol\u00edtica, que Bolsonaro soube manejar como ningu\u00e9m. Vendeu-se como alternativa mesmo sendo parte do mesmo status quo pol\u00edtico por d\u00e9cadas.<\/p>\n\n\n\n<p>Generais ganharam voz nesse per\u00edodo por repudiar a corrup\u00e7\u00e3o e o caos social que o petismo, segundo eles, representava. Em abril de 2018, o general Villas Boas, ent\u00e3o comandante do Ex\u00e9rcito, fez estardalha\u00e7o com&nbsp;<a href=\"https:\/\/twitter.com\/Gen_VillasBoas\/status\/981315180226318336?ref_src=twsrc%5Etfw%7Ctwcamp%5Etweetembed%7Ctwterm%5E981315180226318336&amp;ref_url=https%3A%2F%2Fwww1.folha.uol.com.br%2Fpoder%2F2018%2F04%2Fna-vespera-de-julgamento-sobre-lula-comandante-do-exercito-diz-repudiar-impunidade.shtml\" target=\"_blank\" rel=\"noreferrer noopener\">um tu\u00edte \u00e0s v\u00e9speras do julgamento do&nbsp;<em>habeas corpus<\/em>&nbsp;<\/a>do ex-presidente Lula que poderia livr\u00e1-lo da cadeia. \u201cAsseguro \u00e0 na\u00e7\u00e3o que o Ex\u00e9rcito Brasileiro julga compartilhar o anseio de todos os cidad\u00e3os de bem de rep\u00fadio \u00e0 impunidade e de respeito \u00e0 Constitui\u00e7\u00e3o, \u00e0 paz social e \u00e0 Democracia, bem como se mant\u00e9m atento \u00e0s suas miss\u00f5es institucionais\u201d, escreveu ele.<\/p>\n\n\n\n<p>O que pareciam interesses patri\u00f3ticos e valores concretos da institui\u00e7\u00e3o \u00e9 pass\u00edvel de reinterpreta\u00e7\u00e3o. Os militares patrocinam hoje um presidente enrolado num processo do Supremo que aponta uma tentativa de interferir em investiga\u00e7\u00f5es que podem comprometer sua fam\u00edlia. O rep\u00fadio \u00e0 impunidade n\u00e3o existe aqui? O conceito de paz social que reinava na cabe\u00e7a de militares como Villas Boas no passado tamb\u00e9m fica desbotado no presente. Se algum deles est\u00e1 confort\u00e1vel de acreditar que existe paz com as confus\u00f5es do presidente que acaba de perder o seu segundo ministro da Sa\u00fade em um m\u00eas, \u00e9 preciso deixar claro que as bandeiras que erguem valem apenas como r\u00e9gua aos seus advers\u00e1rios. Acreditam que a democracia est\u00e1 a salvo com um presidente que participa de&nbsp;<a href=\"https:\/\/brasil.elpais.com\/politica\/2020-04-19\/bolsonaro-endossa-ato-pro-intervencao-militar-e-provoca-reacao-de-maia-stf-e-governadores.html\" target=\"_blank\" rel=\"noreferrer noopener\">atos que sugerem fechamento do Supremo e do Congresso.&nbsp;<\/a>Enxergam os brasileiros como subalternos que precisam obedecer o comandante da tropa, sem perceber o tamanho das contradi\u00e7\u00f5es que revelam.<\/p>\n\n\n\n<p>Em julho de 2018 o hoje ministro do Gabinete de Seguran\u00e7a Institucional, general Augusto Heleno, tamb\u00e9m se posicionava como uma das vozes que recha\u00e7avam conluios com deputados do Centr\u00e3o, quando a candidatura de Bolsonaro era lan\u00e7ada.&nbsp;<a href=\"https:\/\/politica.estadao.com.br\/noticias\/geral,heleno-ja-cantou-se-gritar-pega-centrao-nao-fica-um-e-disse-que-grupo-quer-corruptos-impunes,70003297361\" target=\"_blank\" rel=\"noreferrer noopener\">\u201cSe gritar \u2018Pega Centr\u00e3o\u2019, n\u00e3o fica um meu irm\u00e3o\u201d<\/a>, ironizou Heleno no evento, parafraseando a m\u00fasica cujo verso original \u00e9 \u201cSe gritar pega ladr\u00e3o&#8230;\u201d Hoje, se v\u00ea abra\u00e7ado aos deputados que negou no passado.<\/p>\n\n\n\n<p>Os militares haviam submergido depois das desastradas tentativas de estender o Governo militar nos anos 80. Carregam at\u00e9 hoje cad\u00e1veres de inocentes, como o jornalista Vladimir Herzog, ou a vergonha de colocar crian\u00e7as em salas de tortura. Decis\u00f5es tomadas na c\u00fapula, e n\u00e3o nos por\u00f5es como se acreditou at\u00e9 pouco tempo.\u00a0<a rel=\"noreferrer noopener\" href=\"https:\/\/brasil.elpais.com\/brasil\/2018\/02\/27\/opinion\/1519689207_346590.html\" target=\"_blank\">Voltaram \u00e0 tona depois da queda<\/a>\u00a0de Dilma Rousseff, com a oportunidade de expor o melhor que a institui\u00e7\u00e3o de fato carrega. A realidade, por\u00e9m, tem dado espa\u00e7o a uma faceta que o Brasil lembra bem nos tempos de exce\u00e7\u00e3o. Bancar uma pol\u00edtica de Estado que n\u00e3o d\u00e1 valor \u00e0s vidas de inocentes, que repete arroubos autorit\u00e1rios, e nega a realidade. Comprometem-se com um Governo que pretende for\u00e7ar a abertura da economia, ampliando a guerra aberta com governadores \u2014 a despeito da multiplica\u00e7\u00e3o de v\u00edtimas por covid-19 que isso pode representar.<\/p>\n\n\n\n<p><a rel=\"noreferrer noopener\" href=\"https:\/\/brasil.elpais.com\/brasil\/2018\/12\/18\/politica\/1545165331_275511.html\" target=\"_blank\">As opera\u00e7\u00f5es militares em comunidades do Rio<\/a>nos \u00faltimos anos j\u00e1 haviam deixado sequelas deplor\u00e1veis.\u00a0<a rel=\"noreferrer noopener\" href=\"https:\/\/brasil.elpais.com\/brasil\/2019\/05\/11\/politica\/1557530968_201479.html\" target=\"_blank\">O assassinato do m\u00fasico Evaldo dos Santos Rosa com 80 tiros<\/a>\u00a0em abril do ano passado \u00e9 s\u00f3 um dos v\u00e1rios exemplos. Agora o Brasil vive sob um presidente que fomenta o caos que outrora o Ex\u00e9rcito renegava. Mas para os militares, tudo bem. N\u00e3o h\u00e1 dem\u00e9rito em entrar para a Hist\u00f3ria com mais uma gest\u00e3o truculenta. A vida de quem se op\u00f5e a suas verdades continua valendo nada no s\u00e9culo 21.<\/p>\n\n\n\n<p><\/p>\n","protected":false},"excerpt":{"rendered":"<p>Sa\u00edda do Nelson Teich ap\u00f3s menos de um m\u00eas mostra que as For\u00e7as Armadas legitimam uma gest\u00e3o vista como genocida e evocam as mem\u00f3rias mais tristes que mancharam o nome da institui\u00e7\u00e3o.<\/p>\n","protected":false},"author":1,"featured_media":0,"comment_status":"closed","ping_status":"open","sticky":false,"template":"","format":"standard","meta":{"_exactmetrics_skip_tracking":false,"_exactmetrics_sitenote_active":false,"_exactmetrics_sitenote_note":"","_exactmetrics_sitenote_category":0,"jetpack_post_was_ever_published":false,"_jetpack_newsletter_access":"","_jetpack_dont_email_post_to_subs":false,"_jetpack_newsletter_tier_id":0,"_jetpack_memberships_contains_paywalled_content":false,"_jetpack_memberships_contains_paid_content":false,"footnotes":"","jetpack_publicize_message":"","jetpack_publicize_feature_enabled":true,"jetpack_social_post_already_shared":true,"jetpack_social_options":{"image_generator_settings":{"template":"highway","enabled":false},"version":2}},"categories":[1],"tags":[],"class_list":["post-28175","post","type-post","status-publish","format-standard","hentry","category-notas"],"jetpack_publicize_connections":[],"jetpack_sharing_enabled":true,"jetpack_featured_media_url":"","jetpack_shortlink":"https:\/\/wp.me\/p7wKYW-7kr","jetpack-related-posts":[],"_links":{"self":[{"href":"http:\/\/blogdalucianaoliveira.com.br\/blog\/wp-json\/wp\/v2\/posts\/28175","targetHints":{"allow":["GET"]}}],"collection":[{"href":"http:\/\/blogdalucianaoliveira.com.br\/blog\/wp-json\/wp\/v2\/posts"}],"about":[{"href":"http:\/\/blogdalucianaoliveira.com.br\/blog\/wp-json\/wp\/v2\/types\/post"}],"author":[{"embeddable":true,"href":"http:\/\/blogdalucianaoliveira.com.br\/blog\/wp-json\/wp\/v2\/users\/1"}],"replies":[{"embeddable":true,"href":"http:\/\/blogdalucianaoliveira.com.br\/blog\/wp-json\/wp\/v2\/comments?post=28175"}],"version-history":[{"count":1,"href":"http:\/\/blogdalucianaoliveira.com.br\/blog\/wp-json\/wp\/v2\/posts\/28175\/revisions"}],"predecessor-version":[{"id":28177,"href":"http:\/\/blogdalucianaoliveira.com.br\/blog\/wp-json\/wp\/v2\/posts\/28175\/revisions\/28177"}],"wp:attachment":[{"href":"http:\/\/blogdalucianaoliveira.com.br\/blog\/wp-json\/wp\/v2\/media?parent=28175"}],"wp:term":[{"taxonomy":"category","embeddable":true,"href":"http:\/\/blogdalucianaoliveira.com.br\/blog\/wp-json\/wp\/v2\/categories?post=28175"},{"taxonomy":"post_tag","embeddable":true,"href":"http:\/\/blogdalucianaoliveira.com.br\/blog\/wp-json\/wp\/v2\/tags?post=28175"}],"curies":[{"name":"wp","href":"https:\/\/api.w.org\/{rel}","templated":true}]}}