{"id":28184,"date":"2020-05-16T12:14:06","date_gmt":"2020-05-16T16:14:06","guid":{"rendered":"http:\/\/blogdalucianaoliveira.com.br\/blog\/?p=28184"},"modified":"2020-05-16T12:14:15","modified_gmt":"2020-05-16T16:14:15","slug":"compras-de-equipamentos-para-combate-a-covid-19-tem-fraudes-pelo-mundo","status":"publish","type":"post","link":"http:\/\/blogdalucianaoliveira.com.br\/blog\/2020\/05\/16\/compras-de-equipamentos-para-combate-a-covid-19-tem-fraudes-pelo-mundo\/","title":{"rendered":"Compras de equipamentos para combate \u00e0 Covid-19 t\u00eam fraudes pelo mundo"},"content":{"rendered":"\n<figure class=\"wp-block-image size-large\"><img data-recalc-dims=\"1\" loading=\"lazy\" decoding=\"async\" width=\"600\" height=\"400\" data-attachment-id=\"28185\" data-permalink=\"http:\/\/blogdalucianaoliveira.com.br\/blog\/2020\/05\/16\/compras-de-equipamentos-para-combate-a-covid-19-tem-fraudes-pelo-mundo\/image-60-6\/\" data-orig-file=\"https:\/\/i0.wp.com\/blogdalucianaoliveira.com.br\/blog\/wp-content\/uploads\/2020\/05\/image-60.jpeg?fit=1024%2C683\" data-orig-size=\"1024,683\" data-comments-opened=\"0\" data-image-meta=\"{&quot;aperture&quot;:&quot;0&quot;,&quot;credit&quot;:&quot;&quot;,&quot;camera&quot;:&quot;&quot;,&quot;caption&quot;:&quot;&quot;,&quot;created_timestamp&quot;:&quot;0&quot;,&quot;copyright&quot;:&quot;&quot;,&quot;focal_length&quot;:&quot;0&quot;,&quot;iso&quot;:&quot;0&quot;,&quot;shutter_speed&quot;:&quot;0&quot;,&quot;title&quot;:&quot;&quot;,&quot;orientation&quot;:&quot;0&quot;}\" data-image-title=\"image-60\" data-image-description=\"\" data-image-caption=\"\" data-medium-file=\"https:\/\/i0.wp.com\/blogdalucianaoliveira.com.br\/blog\/wp-content\/uploads\/2020\/05\/image-60.jpeg?fit=300%2C200\" data-large-file=\"https:\/\/i0.wp.com\/blogdalucianaoliveira.com.br\/blog\/wp-content\/uploads\/2020\/05\/image-60.jpeg?fit=600%2C400\" src=\"https:\/\/i0.wp.com\/blogdalucianaoliveira.com.br\/blog\/wp-content\/uploads\/2020\/05\/image-60.jpeg?resize=600%2C400\" alt=\"\" class=\"wp-image-28185\" srcset=\"https:\/\/i0.wp.com\/blogdalucianaoliveira.com.br\/blog\/wp-content\/uploads\/2020\/05\/image-60.jpeg?w=1024 1024w, https:\/\/i0.wp.com\/blogdalucianaoliveira.com.br\/blog\/wp-content\/uploads\/2020\/05\/image-60.jpeg?resize=300%2C200 300w, https:\/\/i0.wp.com\/blogdalucianaoliveira.com.br\/blog\/wp-content\/uploads\/2020\/05\/image-60.jpeg?resize=768%2C512 768w, https:\/\/i0.wp.com\/blogdalucianaoliveira.com.br\/blog\/wp-content\/uploads\/2020\/05\/image-60.jpeg?resize=450%2C300 450w\" sizes=\"auto, (max-width: 600px) 100vw, 600px\" \/><\/figure>\n\n\n\n<p>Dispensa de licita\u00e7\u00e3o pela pandemia leva a irregularidades em v\u00e1rios pa\u00edses.<\/p>\n\n\n\n<!--more-->\n\n\n\n<p>Na FSP, <strong><a href=\"https:\/\/www1.folha.uol.com.br\/autores\/patricia-campos-mello.shtml\">Patr\u00edcia Campos Mello<\/a><\/strong><\/p>\n\n\n\n<p>N\u00e3o foi s\u00f3 no Brasil que as&nbsp;<a href=\"https:\/\/www1.folha.uol.com.br\/cotidiano\/2020\/05\/importacao-de-respiradores-gera-prisoes-e-queda-de-secretarios.shtml\">compras emergenciais de&nbsp;<\/a><a href=\"https:\/\/www1.folha.uol.com.br\/cotidiano\/2020\/05\/sc-perde-2o-secretario-apos-apuracao-sobre-compra-de-respiradores.shtml\">respiradores<\/a><a href=\"https:\/\/www1.folha.uol.com.br\/cotidiano\/2020\/05\/importacao-de-respiradores-gera-prisoes-e-queda-de-secretarios.shtml\">&nbsp;e equipamentos de prote\u00e7\u00e3o contra o coronav\u00edrus deram origem a um<\/a><a href=\"https:\/\/www1.folha.uol.com.br\/poder\/2020\/05\/empresario-ligado-a-gestao-witzel-e-preso-em-operacao-sobre-desvios-na-gestao-cabral.shtml\">&nbsp;festival de irregularidades<\/a>. Em pa\u00edses da Europa, \u00c1frica e nos Estados Unidos, houve in\u00fameros epis\u00f3dios de compras superfaturadas sem licita\u00e7\u00e3o, entrega de produtos com defeito e fornecedores descumprindo contratos.<\/p>\n\n\n\n<p>Uma fazenda de framboesas chamada Silver Raspberry (Framboesa prateada) recebeu 5,4 milh\u00f5es de euros (R$ 34 milh\u00f5es) do governo da B\u00f3snia para importar cem respiradores da China e<br>equipar os hospitais do pa\u00eds.<\/p>\n\n\n\n<p>Cada\u00a0<a href=\"https:\/\/www1.folha.uol.com.br\/cotidiano\/2020\/04\/doria-compra-respiradores-sem-licitacao-da-china-por-r-550-mi-promotoria-investiga.shtml\">respirador<\/a>\u00a0saiu por cerca de R$ 340 mil, muito acima do pre\u00e7o normalmente cobrado: mesmo em meio \u00e0 escassez de equipamentos e \u00e0 disputa entre pa\u00edses, o aparelho dificilmente custa mais de R$ 150 mil.<\/p>\n\n\n\n<p>Para completar, os ventiladores n\u00e3o eram adequados para UTIs que tratam pacientes graves com a Covid-19 \u2014o modelo era para uso em ambul\u00e2ncias. O dono da fazenda e processadora de frutas Framboesa Prateada \u00e9 o apresentador de TV Fikret Hodzic, que comanda o programa \u201cVoc\u00ea tamb\u00e9m pode ser uma estrela\u201d. Ele negou ter cobrado pre\u00e7os superfaturados e disse que usou conex\u00f5es na China para<br>empreender o que ele chamou de \u201cmiss\u00e3o humanit\u00e1ria\u201d.<\/p>\n\n\n\n<p>Esses desvios consomem parte do aux\u00edlio humanit\u00e1rio recebido pelo pa\u00eds \u2014no m\u00eas passado, o FMI aprovou pacote de ajuda emergencial de US$ 361 milh\u00f5es (R$ 2,1 bilh\u00f5es) para a B\u00f3snia, que se somam aos 80 milh\u00f5es de euros (R$ 470 milh\u00f5es)<br>da Comiss\u00e3o Europeia.<\/p>\n\n\n\n<p>Como se trata de uma situa\u00e7\u00e3o de emerg\u00eancia, muitos governos precisam eliminar licita\u00e7\u00f5es e outros procedimentos burocr\u00e1ticos para acelerar a compra dos equipamentos.<\/p>\n\n\n\n<p>Mas, segundo Guilherme France, coordenador de pesquisas da Transpar\u00eancia Internacional no Brasil, isso torna as compras muito vulner\u00e1veis \u00e0 corrup\u00e7\u00e3o. Existe enorme disputa entre pa\u00edses e at\u00e9 estados dentro do mesmo pa\u00eds para comprar. Esse excesso de demanda j\u00e1 gera um aumento nos pre\u00e7os. Os gestores p\u00fablicos s\u00e3o pressionados a aceitar condi\u00e7\u00f5es extraordin\u00e1rias<br>\u2014como pagamento adiantado e contrato sem licita\u00e7\u00e3o\u2014 que abrem caminho para abusos.<\/p>\n\n\n\n<p>No Brasil, a&nbsp;<a href=\"https:\/\/www1.folha.uol.com.br\/cotidiano\/2020\/05\/importacao-de-respiradores-gera-prisoes-e-queda-de-secretarios.shtml\">corrida pela importa\u00e7\u00e3o de respiradores j\u00e1 provocou a queda de secret\u00e1rios, pris\u00f5es de servidores p\u00fablicos e de empres\u00e1rios<\/a>.<\/p>\n\n\n\n<p><a href=\"https:\/\/www1.folha.uol.com.br\/poder\/2020\/05\/empresario-ligado-a-gestao-witzel-e-preso-em-operacao-sobre-desvios-na-gestao-cabral.shtml\">No Rio de Janeiro, o antigo n\u00famero dois da Secretaria de Sa\u00fade foi preso preventivamente em 7 de maio com mais um servidor e tr\u00eas empres\u00e1rios sob suspeita de crimes na aquisi\u00e7\u00e3o de equipamentos<\/a>. Em Roraima e em Santa Catarina, secret\u00e1rios de Sa\u00fade foram exonerados sob suspeita de irregularidades.&nbsp;<a href=\"https:\/\/www1.folha.uol.com.br\/cotidiano\/2020\/05\/tce-abre-investigacao-para-apurar-compra-de-3000-respiradores-pela-gestao-doria.shtml\">Em S\u00e3o Paulo, compras de ventiladores s\u00e3o investigadas<\/a>.<\/p>\n\n\n\n<p>Um dos problemas, segundo France, \u00e9 que no Brasil n\u00e3o houve centraliza\u00e7\u00e3o das compras, o que poderia ter tornado essas opera\u00e7\u00f5es mais eficientes e menos sujeitas a fraudes. O n\u00famero elevado de diferentes compradores acaba transformando as vendas em disputas, al\u00e9m de tornar mais dif\u00edcil a fiscaliza\u00e7\u00e3o. \u201cPa\u00edses que centralizaram as compras de forma transparente, com controles, conseguiram ter processo mais harm\u00f4nico\u201d.<\/p>\n\n\n\n<p>Segundo Aris Georgopoulos, professor de direito na Universidade de Nottingham e integrante do grupo de pesquisa de compras governamentais, ser\u00e1 necess\u00e1rio, ap\u00f3s a pandemia, fazer um esfor\u00e7o de responsabiliza\u00e7\u00e3o. \u201cSer\u00e1 preciso checar todos os contratos e produtos entregues para detectar erros e fraudes; precisamos aprender com tudo isso para estarmos mais bem preparados em uma pr\u00f3xima vez.\u201d<\/p>\n\n\n\n<p>Na Rom\u00eania, a empresa BSG Business Select, cuja especialidade era aromaterapia e outras terapias alternativas, fechou contrato de 860 mil euros (R$ 5 milh\u00f5es) para fornecer ao governo m\u00e1scaras e macac\u00f5es de prote\u00e7\u00e3o. Segundo o OCCRP (Projeto de<br>Jornalismo sobre Crime Organizado e Corrup\u00e7\u00e3o), a empresa comprou os produtos na Turquia e vendeu ao governo com margem de lucro de 40%. Para completar, metade das m\u00e1scaras foram parar no lixo, porque n\u00e3o se fixavam de forma correta sobre o nariz.<\/p>\n\n\n\n<p>O ministro da economia da Eslov\u00eania, Zdravko Pocivalsek, foi acusado de tentar favorecer uma empresa em um contrato para compra de equipamento de prote\u00e7\u00e3o individual. Um \u201cwhistleblower\u201d disse que o ministro tentou favorecer a empresa Geneplanet em um contrato de 8 milh\u00f5es de euros (R$ 50 milh\u00f5es), o equivalente a 150% do faturamento da empresa em 2018.<\/p>\n\n\n\n<p>Na \u00c1frica, milh\u00f5es em ajuda humanit\u00e1ria j\u00e1 tinham sido desviados durante a&nbsp;<a href=\"https:\/\/www1.folha.uol.com.br\/mundo\/2014\/10\/1532169-taxa-de-mortalidade-de-epidemia-de-ebola-sobe-para-70-diz-oms.shtml\">epidemia de Ebola entre 2014 e 2016<\/a>. Na&nbsp;<a href=\"https:\/\/www1.folha.uol.com.br\/cotidiano\/coronavirus\/\">pandemia de Covid-19<\/a>, come\u00e7am a surgir relatos de irregularidades. No in\u00edcio de abril, quatro altos funcion\u00e1rios do governo de Uganda foram presos ap\u00f3s superfaturar alimentos destinados a popula\u00e7\u00f5es vulner\u00e1veis \u00e0 Covid-19.<\/p>\n\n\n\n<p>Mas o problema n\u00e3o se limita a pa\u00edses em desenvolvimento. A Ag\u00eancia Federal de Administra\u00e7\u00e3o de Emerg\u00eancias dos EUA (Fema, na sigla em ingl\u00eas) cancelou nesta semana contrato de US$ 55,5 milh\u00f5es (R$ 324 milh\u00f5es) para fornecimento de m\u00e1scaras por uma empresa chamada Panthera. A Panthera foi escolhida sem licita\u00e7\u00e3o para fornecer o insumo, apesar de nunca ter trabalhado na \u00e1rea e de sua controladora estar em concordata. A Fema cancelou a compra porque a Panthera n\u00e3o entregou no prazo. Segundo o jornal Wall Street Journal, v\u00e1rias compras emergenciais nos EUA foram feitas sem licita\u00e7\u00e3o e alguns fornecedores n\u00e3o entregaram m\u00e1scaras no prazo.<\/p>\n\n\n\n<p>\u201cSe alguma coisa d\u00e1 errado no Brasil, na Gr\u00e9cia ou na It\u00e1lia, a primeira rea\u00e7\u00e3o \u00e9 dizer que houve corrup\u00e7\u00e3o; se algo d\u00e1 errado no Reino Unido ou na Alemanha, partem do pressuposto que foi apenas um erro \u2014n\u00e3o \u00e9 sempre assim\u201d, diz Georgopoulos.<\/p>\n\n\n\n<p>O especialista cita como bom exemplo o projeto de compras unificadas implementado pela UE durante a pandemia para adquirir m\u00e1scaras, luvas, \u00f3culos, aventais, testes e ventiladores. Al\u00e9m disso, h\u00e1 mecanismo para pegar equipamentos em pa\u00edses onde h\u00e1 excesso e encaminhar para onde faltam.<\/p>\n\n\n\n<p>Uniformizar a lista dos insumos, para que n\u00e3o se adquiram equipamentos fora de especifica\u00e7\u00f5es; e ter lista de fornecedores aprovados s\u00e3o algumas das medidas que reduzem fraudes. \u201cMas isso demanda grande concerto entre as diferentes esferas do governo que, neste momento, n\u00e3o existe no Brasil\u201d, diz France.<\/p>\n\n\n\n<p>Para Christopher Yukins, professor de Compras Governamentais da Faculdade de Direito da Universidade George Washington, uma das primeiras provid\u00eancias \u00e9 vetar fornecedores que n\u00e3o tenham hist\u00f3rico na \u00e1rea. \u201cAl\u00e9m disso, \u00e9 preciso estabelecer coopera\u00e7\u00e3o entre ag\u00eancias internacionais, para interc\u00e2mbio de informa\u00e7\u00f5es sobre fornecedores, e formar cons\u00f3rcios para fazer as compras de forma mais organizada\u201d, diz.<\/p>\n","protected":false},"excerpt":{"rendered":"<p>Dispensa de licita\u00e7\u00e3o pela pandemia leva a irregularidades em v\u00e1rios pa\u00edses.<\/p>\n","protected":false},"author":1,"featured_media":0,"comment_status":"closed","ping_status":"open","sticky":false,"template":"","format":"standard","meta":{"_exactmetrics_skip_tracking":false,"_exactmetrics_sitenote_active":false,"_exactmetrics_sitenote_note":"","_exactmetrics_sitenote_category":0,"jetpack_post_was_ever_published":false,"_jetpack_newsletter_access":"","_jetpack_dont_email_post_to_subs":false,"_jetpack_newsletter_tier_id":0,"_jetpack_memberships_contains_paywalled_content":false,"_jetpack_memberships_contains_paid_content":false,"footnotes":"","jetpack_publicize_message":"","jetpack_publicize_feature_enabled":true,"jetpack_social_post_already_shared":true,"jetpack_social_options":{"image_generator_settings":{"template":"highway","enabled":false},"version":2}},"categories":[1],"tags":[],"class_list":["post-28184","post","type-post","status-publish","format-standard","hentry","category-notas"],"jetpack_publicize_connections":[],"jetpack_sharing_enabled":true,"jetpack_featured_media_url":"","jetpack_shortlink":"https:\/\/wp.me\/p7wKYW-7kA","jetpack-related-posts":[],"_links":{"self":[{"href":"http:\/\/blogdalucianaoliveira.com.br\/blog\/wp-json\/wp\/v2\/posts\/28184","targetHints":{"allow":["GET"]}}],"collection":[{"href":"http:\/\/blogdalucianaoliveira.com.br\/blog\/wp-json\/wp\/v2\/posts"}],"about":[{"href":"http:\/\/blogdalucianaoliveira.com.br\/blog\/wp-json\/wp\/v2\/types\/post"}],"author":[{"embeddable":true,"href":"http:\/\/blogdalucianaoliveira.com.br\/blog\/wp-json\/wp\/v2\/users\/1"}],"replies":[{"embeddable":true,"href":"http:\/\/blogdalucianaoliveira.com.br\/blog\/wp-json\/wp\/v2\/comments?post=28184"}],"version-history":[{"count":1,"href":"http:\/\/blogdalucianaoliveira.com.br\/blog\/wp-json\/wp\/v2\/posts\/28184\/revisions"}],"predecessor-version":[{"id":28186,"href":"http:\/\/blogdalucianaoliveira.com.br\/blog\/wp-json\/wp\/v2\/posts\/28184\/revisions\/28186"}],"wp:attachment":[{"href":"http:\/\/blogdalucianaoliveira.com.br\/blog\/wp-json\/wp\/v2\/media?parent=28184"}],"wp:term":[{"taxonomy":"category","embeddable":true,"href":"http:\/\/blogdalucianaoliveira.com.br\/blog\/wp-json\/wp\/v2\/categories?post=28184"},{"taxonomy":"post_tag","embeddable":true,"href":"http:\/\/blogdalucianaoliveira.com.br\/blog\/wp-json\/wp\/v2\/tags?post=28184"}],"curies":[{"name":"wp","href":"https:\/\/api.w.org\/{rel}","templated":true}]}}