{"id":28191,"date":"2020-05-17T11:22:59","date_gmt":"2020-05-17T15:22:59","guid":{"rendered":"http:\/\/blogdalucianaoliveira.com.br\/blog\/?p=28191"},"modified":"2020-05-17T11:23:07","modified_gmt":"2020-05-17T15:23:07","slug":"pf-antecipou-a-flavio-bolsonaro-que-queiroz-seria-alvo-de-operacao-diz-suplente-do-senador","status":"publish","type":"post","link":"http:\/\/blogdalucianaoliveira.com.br\/blog\/2020\/05\/17\/pf-antecipou-a-flavio-bolsonaro-que-queiroz-seria-alvo-de-operacao-diz-suplente-do-senador\/","title":{"rendered":"PF antecipou a Fl\u00e1vio Bolsonaro que Queiroz seria alvo de opera\u00e7\u00e3o, diz suplente do senador"},"content":{"rendered":"\n<figure class=\"wp-block-image size-large\"><img data-recalc-dims=\"1\" loading=\"lazy\" decoding=\"async\" width=\"600\" height=\"400\" data-attachment-id=\"28192\" data-permalink=\"http:\/\/blogdalucianaoliveira.com.br\/blog\/2020\/05\/17\/pf-antecipou-a-flavio-bolsonaro-que-queiroz-seria-alvo-de-operacao-diz-suplente-do-senador\/image-61-6\/\" data-orig-file=\"https:\/\/i0.wp.com\/blogdalucianaoliveira.com.br\/blog\/wp-content\/uploads\/2020\/05\/image-61.jpeg?fit=1024%2C683\" data-orig-size=\"1024,683\" data-comments-opened=\"0\" data-image-meta=\"{&quot;aperture&quot;:&quot;0&quot;,&quot;credit&quot;:&quot;&quot;,&quot;camera&quot;:&quot;&quot;,&quot;caption&quot;:&quot;&quot;,&quot;created_timestamp&quot;:&quot;0&quot;,&quot;copyright&quot;:&quot;&quot;,&quot;focal_length&quot;:&quot;0&quot;,&quot;iso&quot;:&quot;0&quot;,&quot;shutter_speed&quot;:&quot;0&quot;,&quot;title&quot;:&quot;&quot;,&quot;orientation&quot;:&quot;0&quot;}\" data-image-title=\"image-61\" data-image-description=\"\" data-image-caption=\"\" data-medium-file=\"https:\/\/i0.wp.com\/blogdalucianaoliveira.com.br\/blog\/wp-content\/uploads\/2020\/05\/image-61.jpeg?fit=300%2C200\" data-large-file=\"https:\/\/i0.wp.com\/blogdalucianaoliveira.com.br\/blog\/wp-content\/uploads\/2020\/05\/image-61.jpeg?fit=600%2C400\" src=\"https:\/\/i0.wp.com\/blogdalucianaoliveira.com.br\/blog\/wp-content\/uploads\/2020\/05\/image-61.jpeg?resize=600%2C400\" alt=\"\" class=\"wp-image-28192\" srcset=\"https:\/\/i0.wp.com\/blogdalucianaoliveira.com.br\/blog\/wp-content\/uploads\/2020\/05\/image-61.jpeg?w=1024 1024w, https:\/\/i0.wp.com\/blogdalucianaoliveira.com.br\/blog\/wp-content\/uploads\/2020\/05\/image-61.jpeg?resize=300%2C200 300w, https:\/\/i0.wp.com\/blogdalucianaoliveira.com.br\/blog\/wp-content\/uploads\/2020\/05\/image-61.jpeg?resize=768%2C512 768w, https:\/\/i0.wp.com\/blogdalucianaoliveira.com.br\/blog\/wp-content\/uploads\/2020\/05\/image-61.jpeg?resize=450%2C300 450w\" sizes=\"auto, (max-width: 600px) 100vw, 600px\" \/><\/figure>\n\n\n\n<p>Empres\u00e1rio afirma que revela\u00e7\u00e3o foi feita a ele em 2018 pelo filho do presidente, que demitiu assessor para tentar prevenir desgaste.<\/p>\n\n\n\n<!--more-->\n\n\n\n<p>Na FSP, M\u00f4nica Bergamo<\/p>\n\n\n\n<p><strong><a href=\"https:\/\/www1.folha.uol.com.br\/autores\/monica-bergamo.shtml\">M\u00f4nica Bergamo<\/a><\/strong><strong>S\u00c3O PAULO<\/strong><\/p>\n\n\n\n<p>O&nbsp;<a href=\"https:\/\/www1.folha.uol.com.br\/mercado\/2018\/12\/conheca-paulo-marinho-que-foi-de-playboy-a-amigo-de-bolsonaro.shtml\">empres\u00e1rio Paulo Marinho, 68, foi um dos mais importantes e pr\u00f3ximos apoiadores de Jair Bolsonaro<\/a>&nbsp;na campanha presidencial de 2018. Ele n\u00e3o apenas cedeu sua casa no Rio de Janeiro para a estrutura de campanha do ent\u00e3o deputado federal, que ainda hoje chama de \u201ccapit\u00e3o\u201d, como foi candidato a suplente na chapa do filho dele,&nbsp;<a href=\"https:\/\/www1.folha.uol.com.br\/colunas\/monicabergamo\/2020\/05\/flavio-bolsonaro-elogia-trabalho-de-presidente-da-fundacao-palmaraes.shtml\">Fl\u00e1vio Bolsonaro, que concorria ao Senado<\/a>. Os dois foram eleitos.<\/p>\n\n\n\n<p>Em dezembro daquele ano, com Jair Bolsonaro j\u00e1 vitorioso e prestes a assumir o comando do pa\u00eds, Fl\u00e1vio procurou Paulo Marinho. Estava \u201cabsolutamente transtornado\u201d, segundo o empres\u00e1rio. Buscava a indica\u00e7\u00e3o de um advogado criminal.<\/p>\n\n\n\n<p>O\u00a0<a href=\"https:\/\/www1.folha.uol.com.br\/poder\/2019\/01\/entenda-as-suspeitas-sobre-flavio-bolsonaro-e-o-ex-assessor-fabricio-queiroz.shtml\">esc\u00e2ndalo de Fabr\u00edcio Queiroz,<\/a>\u00a0funcion\u00e1rio de Fl\u00e1vio no seu gabinete de deputado estadual na Assembleia Legislativa do Rio, n\u00e3o sa\u00eda das manchetes. Havia\u00a0<a href=\"https:\/\/www1.folha.uol.com.br\/poder\/2019\/12\/entenda-o-suposto-esquema-de-lavagem-de-dinheiro-envolvendo-flavio-bolsonaro.shtml\">acusa\u00e7\u00f5es de \u201crachadinhas\u201d e de desvio de dinheiro p\u00fablico<\/a>. O senador rec\u00e9m-eleito temia as consequ\u00eancias para o futuro governo do pai \u2014e precisava se defender.<\/p>\n\n\n\n<p>As revela\u00e7\u00f5es que Marinho diz ter ouvido do filho do presidente nesse encontro s\u00e3o bomb\u00e1sticas: segundo ele, Fl\u00e1vio disse que soube com anteced\u00eancia que\u00a0<a href=\"https:\/\/www1.folha.uol.com.br\/poder\/2018\/12\/coaf-aponta-movimentacao-atipica-de-ex-assessor-de-flavio-bolsonaro.shtml\">a Opera\u00e7\u00e3o Furna da On\u00e7a, que atingiu Queiroz, seria deflagrada.<\/a><\/p>\n\n\n\n<p>Foi\u00a0<a href=\"https:\/\/www1.folha.uol.com.br\/poder\/2018\/11\/juiz-relata-vazamento-de-operacao-que-prendeu-deputados-no-rj.shtml\">avisado da exist\u00eancia dela<\/a>\u00a0entre o primeiro e o segundo turnos das elei\u00e7\u00f5es, por um delegado da Pol\u00edcia Federal que era simpatizante da candidatura de Jair Bolsonaro.<\/p>\n\n\n\n<p>Mais: os policiais teriam segurado a opera\u00e7\u00e3o, ent\u00e3o sigilosa, para que ela n\u00e3o ocorresse no meio do segundo turno, prejudicando assim a candidatura de Bolsonaro.<\/p>\n\n\n\n<p>O delegado-informante teria aconselhado ainda Fl\u00e1vio a demitir Fabr\u00edcio Queiroz e&nbsp;<a href=\"https:\/\/www1.folha.uol.com.br\/poder\/2019\/01\/gabinete-de-bolsonaro-atestou-frequencia-sem-faltas-de-ex-assessora-personal-trainer.shtml\">a filha dele, que trabalhava no gabinete de deputado federal de Jair Bolsonaro em Bras\u00edlia<\/a>.<\/p>\n\n\n\n<p>Os dois, de fato, foram exonerados naquele per\u00edodo \u2014mais precisamente, no dia 15 de outubro de 2018.<\/p>\n\n\n\n<p>Queiroz estava sumido em dezembro. Mas, segundo Marinho, o senador Fl\u00e1vio Bolsonaro mantinha interlocu\u00e7\u00e3o indireta com ele por meio de um advogado de seu gabinete.<\/p>\n\n\n\n<p>Nesta entrevista, Marinho, que \u00e9&nbsp;<a href=\"https:\/\/www1.folha.uol.com.br\/colunas\/monicabergamo\/2019\/03\/doria-convida-paulo-marinho-para-presidir-psdb-do-rio.shtml\">pr\u00e9-candidato a prefeito do Rio de Janeiro pelo PSDB<\/a>, come\u00e7a falando da cidade que pretende governar, dos planos para a&nbsp;<a href=\"https:\/\/www1.folha.uol.com.br\/poder\/2020\/05\/crise-do-coronavirus-sela-transformacao-de-doria-em-presidenciavel.shtml\">campanha presidencial de Jo\u00e3o Doria em 2022&nbsp;<\/a>\u2014e por fim detalha os encontros com Fl\u00e1vio Bolsonaro.<\/p>\n\n\n\n<p>Segundo ele, as conversas podem \u201cexplicar\u201d o interesse de\u00a0<a href=\"https:\/\/www1.folha.uol.com.br\/poder\/2020\/05\/nao-vou-esperar-f-minha-familia-toda-de-sacanagem-disse-bolsonaro-em-reuniao-segundo-agu.shtml\">Bolsonaro em controlar a Superintend\u00eancia da Pol\u00edcia Federal no Rio<\/a>, causa primeira dos atritos que culminaram na\u00a0<a href=\"https:\/\/www1.folha.uol.com.br\/poder\/2020\/04\/ao-anunciar-demissao-moro-critica-interferencia-de-bolsonaro-na-pf-e-destaca-autonomia-em-gestoes-do-pt.shtml\">sa\u00edda de Sergio Moro do Minist\u00e9rio da Justi\u00e7a.<\/a><\/p>\n\n\n\n<p><strong>Como est\u00e1 a sua candidatura a prefeito do Rio?&nbsp;<\/strong>Ser candidato nunca esteve nos meus planos. Quando&nbsp;<a href=\"https:\/\/www1.folha.uol.com.br\/colunas\/monicabergamo\/2019\/03\/doria-convida-paulo-marinho-para-presidir-psdb-do-rio.shtml\">assumi a presid\u00eancia do PSDB no Rio, h\u00e1 um ano,&nbsp;<\/a>fui orientado pelo [governador de SP, Jo\u00e3o] Doria a trazer jovens e mulheres para o partido, que \u00e9 inexpressivo no estado a ponto de n\u00e3o ter conseguido eleger um \u00fanico deputado federal em 2018.<\/p>\n\n\n\n<p>Fui buscar a&nbsp;<a href=\"http:\/\/www1.folha.uol.com.br\/ilustrada\/2016\/12\/1842433-mariana-ribas-e-nomeada-secretaria-do-audiovisual-do-minc.shtml\">Mariana Ribas<\/a>, ex-ministra interina da Cultura no governo do Michel Temer, ex-secret\u00e1ria de Cultura do Rio. Ela tem 34 anos de idade, \u00e9 jovem, bonita, se encaixava no perfil que o governador [Doria] indicava. Ela topou. Mas, por motivos pessoais, desistiu.<\/p>\n\n\n\n<p>O nome que aparecia naturalmente para substitu\u00ed-la era o do Gustavo Bebianno, ex-ministro de [Jair] Bolsonaro, meu amigo fraterno e pessoa de absoluta confian\u00e7a.<\/p>\n\n\n\n<p>Bebianno come\u00e7ou a trabalhar como pr\u00e9-candidato. Uma semana depois da indica\u00e7\u00e3o,<a href=\"https:\/\/www1.folha.uol.com.br\/poder\/2020\/03\/morre-aos-56-anos-o-ex-ministro-gustavo-bebianno.shtml\">&nbsp;teve um infarto fulminante e morreu, aos 54 anos.<\/a>Para mim, foi uma trag\u00e9dia pessoal. Perdi um irm\u00e3o. Para o partido, foi irrepar\u00e1vel.<\/p>\n\n\n\n<p>Dias depois, o Doria me convidou para ser candidato. Aceitei o desafio.<\/p>\n\n\n\n<p>Vou trabalhar para encontrar um campo pol\u00edtico de aliados que deem ao eleitor uma op\u00e7\u00e3o que n\u00e3o seja a de votar no menos pior. Os eleitores do Rio t\u00eam se acostumado a isso. E \u00e9 isso o que eu quero combater.<\/p>\n\n\n\n<p><strong>Quem ganhar a elei\u00e7\u00e3o no fim do ano pegar\u00e1 uma cidade arrasada, pela crise econ\u00f4mica e pela pandemia. O que poderia ser feito?&nbsp;<\/strong>O Rio j\u00e1 enfrentava um&nbsp;<a href=\"https:\/\/www1.folha.uol.com.br\/cotidiano\/2020\/05\/medicos-do-rio-continuam-sem-salario-em-meio-a-pandemia.shtml\">quadro de dificuldades imensas, que a pandemia agravou.&nbsp;<\/a>J\u00e1 havia aumento de trabalhos informais, desemprego, falta de projeto pol\u00edtico e econ\u00f4mico. A cidade est\u00e1 \u00e0 beira do abismo.<\/p>\n\n\n\n<p>Quem disser que pode planejar algo para 2021 cometer\u00e1 uma leviandade com o eleitor.<\/p>\n\n\n\n<p>A prefeitura tem duas receitas s\u00f3lidas: o ISS, ligado \u00e0 atividade econ\u00f4mica, que parou, e o IPTU. Haver\u00e1 uma inadimpl\u00eancia enorme em janeiro [m\u00eas de cobran\u00e7a do tributo]. Que governo ter\u00e1 coragem de executar a d\u00edvida e tomar o im\u00f3vel de uma pessoa que n\u00e3o pagou IPTU em uma situa\u00e7\u00e3o de pandemia? Essa inadimpl\u00eancia ter\u00e1 que ser tolerada.<\/p>\n\n\n\n<p>O momento n\u00e3o \u00e9 para ginasiano. \u00c9 para pessoas que tenham experi\u00eancia empresarial, como eu tenho, no mercado financeiro, de comunica\u00e7\u00e3o. Eu trabalho desde os 14 anos. Tenho contatos com todo o mundo e capacidade de articular todas as pessoas de bem para se juntarem em torno de um projeto de salva\u00e7\u00e3o da cidade.<\/p>\n\n\n\n<p><strong>O PSDB do Rio vai ser uma plataforma para a&nbsp;<a href=\"https:\/\/www1.folha.uol.com.br\/poder\/2020\/05\/crise-do-coronavirus-sela-transformacao-de-doria-em-presidenciavel.shtml\">candidatura presidencial de Doria em 2022<\/a>. Ela \u00e9 vi\u00e1vel? O governo Bolsonaro est\u00e1 com os dias contados?&nbsp;<\/strong>A minha motiva\u00e7\u00e3o ao aceitar assumir a presid\u00eancia do PSDB no Rio foi a minha convic\u00e7\u00e3o de que o Brasil precisa eleger um pr\u00f3ximo presidente com as qualidades do Doria.<\/p>\n\n\n\n<p><strong>E o governo Bolsonaro?<\/strong>\u2002Eu n\u00e3o sei fazer essa futurologia em rela\u00e7\u00e3o ao governo Bolsonaro. Mas&nbsp;<a href=\"https:\/\/www1.folha.uol.com.br\/poder\/2020\/05\/bolsonaro-chega-a-500-dias-no-cargo-fragilizado-e-no-ataque.shtml\">estamos praticamente no meio do mandato&nbsp;<\/a>e at\u00e9 aqui n\u00e3o aconteceu absolutamente nada. Foram dois anos perdidos. Toda sorte que ele teve na campanha eleitoral, foi o contr\u00e1rio no governo. Um governante pegar uma pandemia no meio de um mandato,&nbsp;<a href=\"https:\/\/www1.folha.uol.com.br\/mercado\/2020\/05\/deficit-pode-ir-a-r-12-tri-com-divida-acima-de-100-do-pib-por-mais-de-uma-decada-diz-estudo.shtml\">que vai retrair a economia em 6%, 8%, \u00e9 inimagin\u00e1vel.<\/a><\/p>\n\n\n\n<p>O capit\u00e3o n\u00e3o tem capacidade pessoal de gerir um pa\u00eds em condi\u00e7\u00f5es normais. E muito menos no meio de uma loucura como essa que n\u00f3s estamos vivendo. Ent\u00e3o, s\u00e3o duas as alternativas: ou vamos&nbsp;<a href=\"https:\/\/www1.folha.uol.com.br\/poder\/2020\/05\/governo-bolsonaro-tem-ao-menos-uma-crise-a-cada-50-dias-relembre-dez-delas.shtml\">viver crise atr\u00e1s de crise<\/a>&nbsp;ou alguma coisa vai acontecer contra ele, [consequ\u00eancia] de algum crime de responsabilidade que possa praticar ao longo desta crise. E o resto vai ser essa loucura.<\/p>\n\n\n\n<figure class=\"wp-block-image\"><img data-recalc-dims=\"1\" decoding=\"async\" src=\"https:\/\/i0.wp.com\/f.i.uol.com.br\/fotografia\/2018\/12\/01\/15437016615c03049d390f2_1543701661_3x2_md.jpg?w=600&#038;ssl=1\" alt=\"0\"\/><figcaption>Paulo Marinho e seu filho, Andr\u00e9, com o ent\u00e3o presidente eleito Jair Bolsonaro em foto de 2018 &#8211;&nbsp;Reprodu\u00e7\u00e3o\/Instagram<\/figcaption><\/figure>\n\n\n\n<p><strong>E na campanha j\u00e1 n\u00e3o dava para perceber isso?\u2002<\/strong>A primeira coisa que percebi \u00e9 que&nbsp;<a href=\"https:\/\/www1.folha.uol.com.br\/poder\/2020\/05\/nos-500-dias-de-governo-bolsonaro-veja-7-livros-que-ajudam-a-explicar-presidente.shtml\">n\u00e3o se tratava de um mito.&nbsp;<\/a>Outras pessoas do n\u00facleo duro achavam isso. O Gustavo [Bebianno] mesmo tinha pelo capit\u00e3o uma admira\u00e7\u00e3o. Achava que ele era um estadista, um l\u00edder, o homem que iria colocar o Brasil em outro patamar.<\/p>\n\n\n\n<p>Eu olhava o capit\u00e3o, com aquele jeito tosco dele, e algumas coisas me chamavam a aten\u00e7\u00e3o. Por exemplo: ele era incapaz de agradecer \u00e0s pessoas. Chegava uma empregada minha, servia a ele um caf\u00e9, um assistente entregava um papel, e ele nunca dizia um obrigado. Eu nunca ouvi, durante o ano e meio em que convivi, ele expressar a palavra obrigado a algu\u00e9m.<\/p>\n\n\n\n<p>Um gesto m\u00ednimo. Pode n\u00e3o parecer nada, mas demonstra uma faceta da personalidade dele. Ser\u00e1 que \u00e9 uma pessoa apenas de maus h\u00e1bitos, que n\u00e3o tem educa\u00e7\u00e3o?<\/p>\n\n\n\n<p>As piadas eram&nbsp;<a href=\"https:\/\/www1.folha.uol.com.br\/cotidiano\/2019\/06\/bolsonaro-diz-que-stf-se-equivocou-ao-criminalizar-homofobia-e-volta-a-defender-ministro-evangelico.shtml\">sempre homof\u00f3bicas.<\/a>&nbsp;Os asseclas riam, mas elas n\u00e3o tinham nenhuma gra\u00e7a. E, no final, ele realmente despreza o ser feminino. Tratava as mulheres como um ser inferior.<\/p>\n\n\n\n<p>N\u00e3o tinha uma mulher na campanha dele. Nunca houve. A \u00fanica, a dist\u00e2ncia, foi a Joice [Hasselmann, deputada federal], que ficava em S\u00e3o Paulo. N\u00e3o tinha mulher na campanha dele, s\u00f3 homem.<\/p>\n\n\n\n<p>Ele gostava mesmo era de conversar com os seguran\u00e7as dele. Policiais militares, batedores. Ele se sentia em casa, ficava horas conversando, contando piada.<\/p>\n\n\n\n<p><strong>Gustavo Bebianno era visto como uma esp\u00e9cie de homem-bomba que morreu guardando muitos segredos. Ele tinha de fato um dossi\u00ea sobre Bolsonaro?&nbsp;<\/strong>O Gustavo tinha um telefone celular por meio do qual interagiu durante toda a campanha [presidencial de 2018] e a transi\u00e7\u00e3o de governo com o capit\u00e3o. Eles se falavam muito por WhatsApp. O capit\u00e3o adorava mandar mensagens gravadas para ele.<\/p>\n\n\n\n<p>O Gustavo tinha esse conte\u00fado imenso [de mensagens], na mais alta intimidade que voc\u00ea pode imaginar. Eram conversas \u00edntimas que provavelmente deviam ter revela\u00e7\u00f5es interessantes.<\/p>\n\n\n\n<p>Um dia, num ato de raiva&nbsp;<a href=\"https:\/\/www1.folha.uol.com.br\/poder\/2019\/02\/bebianno-e-demitido-e-caso-dos-laranjas-do-psl-leva-a-primeira-queda-de-ministro-do-governo-bolsonaro.shtml\">pela demiss\u00e3o injusta que sofreu<\/a>, tratado como se tivesse sido um traidor quando foi o que mais fez pelo capit\u00e3o, ele deletou grande parte desse conte\u00fado. E deixou esse telefone com uma pessoa nos Estados Unidos.<\/p>\n\n\n\n<p>Depois parece que ele resgatou de novo o conte\u00fado. Ele ficou muito marcado pela demiss\u00e3o, com muito desgosto, melancolia. Ele&nbsp;<a href=\"https:\/\/www1.folha.uol.com.br\/poder\/2020\/03\/morre-aos-56-anos-o-ex-ministro-gustavo-bebianno.shtml\">morreu de decep\u00e7\u00e3o, de tristeza mesmo.<\/a>&nbsp;Mas ele n\u00e3o era homem-bomba. N\u00e3o tinha nada que pudesse tirar o capit\u00e3o do governo por algo do passado.<\/p>\n\n\n\n<p><strong>Onde est\u00e1 o telefone?&nbsp;<\/strong>Eu n\u00e3o sei onde est\u00e1, para te dizer a verdade. Est\u00e1 com algu\u00e9m. Eu n\u00e3o sei com quem.<\/p>\n\n\n\n<p><strong>O senhor j\u00e1 disse que ele tinha preocupa\u00e7\u00e3o com os rumos do governo Bolsonaro.\u00a0<\/strong>Imensa. Ele dizia: \u2018O capit\u00e3o vai se enfraquecer de tal maneira que s\u00f3 vai ter a sa\u00edda do golpe para se manter no poder. E ele \u00e9 louco para fazer o golpe\u2019. Ele tinha certeza que isso ia acontecer.<\/p>\n\n\n\n<p><strong>Por que o senhor acha que h\u00e1 tanto<a href=\"https:\/\/www1.folha.uol.com.br\/poder\/2020\/05\/nao-vou-esperar-f-minha-familia-toda-de-sacanagem-disse-bolsonaro-em-reuniao-segundo-agu.shtml\">&nbsp;interesse de Bolsonaro na Superintend\u00eancia da Policia Federal do Rio de Janeiro?<\/a>&nbsp;<\/strong>Eu n\u00e3o sei responder exatamente. Mas eu me recordo de um epis\u00f3dio que aconteceu antes de ele [Bolsonaro] assumir o governo que talvez ilustre um pouco melhor essa quest\u00e3o.<\/p>\n\n\n\n<p>Eu vou te contar uma hist\u00f3ria que nunca revelei antes porque n\u00e3o tinha raz\u00e3o para falar disso. Eu tenho at\u00e9 datas anotadas e vou ser bem preciso no relato que vou fazer, porque talvez ele explique a sua pergunta.<\/p>\n\n\n\n<p>Quando terminou o segundo turno da elei\u00e7\u00e3o [em 28 de outubro], o capit\u00e3o Bolsonaro fez a primeira&nbsp;<a href=\"https:\/\/www1.folha.uol.com.br\/poder\/2019\/06\/patrocinador-de-bolsonaro-diz-agora-que-doria-e-mais-preparado-para-presidencia.shtml\">reuni\u00e3o de seu futuro minist\u00e9rio em minha casa [no Rio].&nbsp;<\/a>Estavam o vice-presidente Hamilton Mour\u00e3o, o Onyx Lorenzoni [futuro ministro da Casa Civil], o Paulo Guedes [Economia], o Bebianno e o coronel [Miguel Angelo] Braga [Grillo], para discutir o desenho dos minist\u00e9rios do futuro governo. Ela come\u00e7ou \u00e0s 9h e terminou \u00e0s 17h. Foi o \u00faltimo dia que vi o capit\u00e3o Bolsonaro.<\/p>\n\n\n\n<p>Nunca mais estive com ele.<\/p>\n\n\n\n<p>No dia 12 de dezembro, uma quarta-feira, me liga o senador Fl\u00e1vio Bolsonaro [filho do presidente] me dizendo que queria falar comigo, por sugest\u00e3o do pai.<\/p>\n\n\n\n<p>A&nbsp;<a href=\"https:\/\/www1.folha.uol.com.br\/poder\/2018\/12\/coaf-aponta-movimentacao-atipica-de-ex-assessor-de-flavio-bolsonaro.shtml\">Opera\u00e7\u00e3o Furna da On\u00e7a [que investigava desvio de recursos p\u00fablicos da Assembleia Legislativa do Rio] j\u00e1 tinha sido detonada<\/a>&nbsp;e trazido \u00e0 tona o epis\u00f3dio do [Fabr\u00edcio] Queiroz [que tinha trabalhado no gabinete de Fl\u00e1vio na Assembleia e \u00e9 acusado de integrar o esquema].<\/p>\n\n\n\n<p>Fl\u00e1vio estava sendo bombardeado pela m\u00eddia. O Queiroz estava sumido.<\/p>\n\n\n\n<p>Ele me disse: \u2018Gostaria que voc\u00ea me indicasse um advogado criminalista\u2019. E combinamos de ele vir \u00e0 minha casa \u00e0s 8h do dia seguinte, uma quinta-feira, 13 de dezembro.<\/p>\n\n\n\n<p>Passei a m\u00e3o no telefone e liguei para o advogado Ant\u00f4nio Pitombo, de S\u00e3o Paulo, indicado por mim para defender o capit\u00e3o no processo da [deputada] Maria do Ros\u00e1rio no STF [Supremo Tribunal Federal].<\/p>\n\n\n\n<p>E ele me indicou um advogado de confian\u00e7a, Christiano Fragoso, aqui do Rio.<\/p>\n\n\n\n<p>No dia seguinte, quinta-feira, 13, \u00e0s 8h30, chegam na minha casa Fl\u00e1vio Bolsonaro e o advogado Victor Alves, que trabalha at\u00e9 hoje no gabinete do Fl\u00e1vio, \u00e9 advogado de confian\u00e7a dele. Est\u00e1vamos eu, Christiano Fragoso, Victor e Fl\u00e1vio Bolsonaro. Fl\u00e1vio come\u00e7a a&nbsp;<a href=\"https:\/\/www1.folha.uol.com.br\/poder\/2019\/01\/entenda-as-suspeitas-sobre-flavio-bolsonaro-e-o-ex-assessor-fabricio-queiroz.shtml\">nos relatar o epis\u00f3dio Queiroz<\/a>. Ele estava absolutamente transtornado.<\/p>\n\n\n\n<p>E esse advogado, Victor, dizendo ao advogado Christiano que tinha conversado com o Queiroz na v\u00e9spera e que o Queiroz tinha dado a ele acesso \u00e0s contas banc\u00e1rias para ele checar as acusa\u00e7\u00f5es que pesavam contra o Queiroz.<\/p>\n\n\n\n<p><strong>E o que ele disse que as contas mostravam?&nbsp;<\/strong>O Victor estava absolutamente impressionado com a loucura do Queiroz, que tinha feito uma&nbsp;<a href=\"https:\/\/www1.folha.uol.com.br\/poder\/2019\/01\/coaf-aponta-48-depositos-suspeitos-na-conta-de-flavio-bolsonaro.shtml\">movimenta\u00e7\u00e3o banc\u00e1ria de valores absolutamente incompat\u00edveis<\/a>&nbsp;com tudo o que ele poderia imaginar.<\/p>\n\n\n\n<p>J\u00e1 o Fl\u00e1vio estava ali lamentando a quebra de confian\u00e7a do Queiroz em rela\u00e7\u00e3o a ele. Dizia que tudo aquilo tinha sido uma grande trai\u00e7\u00e3o, que se sentia muito decepcionado e preocupado com o que esse epis\u00f3dio poderia causar ao governo do pai.<\/p>\n\n\n\n<p>Ele chegou at\u00e9 a ficar emocionado, a lacrimejar.<\/p>\n\n\n\n<p>E Fl\u00e1vio ent\u00e3o nos conta a seguinte hist\u00f3ria: uma semana depois do primeiro turno, o ex-coronel [Miguel] Braga, atual chefe de gabinete dele no Senado, tinha recebido o telefonema de um delegado da Pol\u00edcia Federal do Rio de Janeiro, dizendo que tinha um<a href=\"https:\/\/www1.folha.uol.com.br\/poder\/2018\/11\/juiz-relata-vazamento-de-operacao-que-prendeu-deputados-no-rj.shtml\">&nbsp;assunto do interesse dele<\/a>, Fl\u00e1vio, e que ele gostaria de falar com o senador.<\/p>\n\n\n\n<p>O Braga disse: \u2018Ele est\u00e1 muito ocupado e n\u00e3o costuma atender quem n\u00e3o conhece\u2019.<\/p>\n\n\n\n<p>Estou te contando a narrativa do Fl\u00e1vio e do advogado Victor para n\u00f3s, Paulo Marinho e Christiano, do outro lado da mesa. O senador contou que disse ao coronel Braga que se encontrasse com essa pessoa [o delegado] para saber do que se tratava. Estava curioso.<\/p>\n\n\n\n<p>E a\u00ed marcaram um encontro com esse delegado na porta da Superintend\u00eancia da Pol\u00edcia Federal, na pra\u00e7a Mau\u00e1, no Rio de Janeiro.<\/p>\n\n\n\n<p><strong>E quem teria ido a esse encontro?<\/strong>&nbsp;O coronel Braga, o advogado Victor e, sempre segundo o que eles me contaram, a Val [Meliga], da confian\u00e7a do Fl\u00e1vio e irm\u00e3 de dois milicianos que foram presos [na Opera\u00e7\u00e3o Quatro Elementos].<\/p>\n\n\n\n<p>Eles foram para a porta da Pol\u00edcia Federal. O delegado tinha dito [ao coronel Braga]: \u2018Voc\u00ea vai ver. Quando chegarem, me liga que eu vou sair de dentro do pr\u00e9dio da Pol\u00edcia Federal\u2019.<\/p>\n\n\n\n<p>O delegado saiu de dentro da superintend\u00eancia. Na cal\u00e7ada \u2014eu estou contando o que eles me relataram\u2014, o delegado falou:&nbsp;<a href=\"https:\/\/www1.folha.uol.com.br\/poder\/2018\/11\/pf-cumpre-dez-mandados-de-prisao-contra-deputados-estaduais-do-rj.shtml\">\u2018Vai ser deflagrada a Opera\u00e7\u00e3o Furna da On\u00e7a, que vai atingir em cheio a Assembleia Legislativa do Rio.<\/a>&nbsp;E essa opera\u00e7\u00e3o vai alcan\u00e7ar algumas pessoas do gabinete do Fl\u00e1vio [o filho do presidente era deputado estadual na \u00e9poca]. Uma delas \u00e9 o Queiroz e a outra \u00e9 a filha do Queiroz [Nathalia], que trabalha no gabinete do Jair Bolsonaro [que ainda era deputado federal] em Bras\u00edlia\u2019.<\/p>\n\n\n\n<p>O delegado ent\u00e3o disse, segundo eles: \u2018Eu&nbsp;<a href=\"https:\/\/www1.folha.uol.com.br\/poder\/2018\/11\/juiz-relata-vazamento-de-operacao-que-prendeu-deputados-no-rj.shtml\">sugiro que voc\u00eas tomem provid\u00eancias<\/a>. Eu sou eleitor, adepto, simpatizante da campanha [de Jair Bolsonaro], e n\u00f3s vamos segurar essa opera\u00e7\u00e3o para n\u00e3o deton\u00e1-la agora, durante o segundo turno, porque isso pode atrapalhar o resultado da elei\u00e7\u00e3o [presidencial]\u2019.<br>Foram embora, agradeceram. Estou contando o que [Fl\u00e1vio Bolsonaro] me falou.<\/p>\n\n\n\n<p><strong>E o que aconteceu depois?<\/strong>&nbsp;Ele [Fl\u00e1vio] comunicou ao pai [Jair Bolsonaro] o epis\u00f3dio e o pai pediu que demitisse o Queiroz naquele mesmo dia e a filha do Queiroz tamb\u00e9m. E assim foi feito.<\/p>\n\n\n\n<p>[Fabr\u00edcio Queiroz foi exonerado no dia 15 de outubro de 2018 do cargo de assessor parlamentar 3 que exercia no gabinete de Fl\u00e1vio na Assembleia Legislativa. A<a href=\"https:\/\/www1.folha.uol.com.br\/poder\/2019\/01\/gabinete-de-bolsonaro-atestou-frequencia-sem-faltas-de-ex-assessora-personal-trainer.shtml\">&nbsp;filha dele, Nathalia Melo de Queiroz,<\/a>&nbsp;foi exonerada no mesmo dia 15 do cargo em comiss\u00e3o de secret\u00e1rio parlamentar no gabinete do ent\u00e3o deputado federal Jair Bolsonaro].<\/p>\n\n\n\n<p>Vida que segue. O capit\u00e3o ganha a elei\u00e7\u00e3o [no dia 28 de outubro]. Maravilhoso. No dia 8 de novembro \u00e9 detonada a Opera\u00e7\u00e3o Furna da On\u00e7a, com toda a pompa e circunst\u00e2ncia. Come\u00e7a o epis\u00f3dio Queiroz.<\/p>\n\n\n\n<p><strong>Fl\u00e1vio contou essa hist\u00f3ria no dia 13 de dezembro de 2018. Como o senhor e o advogado Christiano Fragoso reagiram?&nbsp;<\/strong>Eu falei [para Fl\u00e1vio]: \u2018Est\u00e1 aqui o advogado Christiano Fragoso, recomendado pelo Pitombo, que vai te orientar. At\u00e9 porque voc\u00ea est\u00e1 com a sua consci\u00eancia tranquila e n\u00e3o tem o que temer. O que houve foi quebra de confian\u00e7a do Queiroz em rela\u00e7\u00e3o a voc\u00ea\u2019.<\/p>\n\n\n\n<p>O Christiano virou-se para o Fl\u00e1vio e disse: \u2018Quem precisa de um&nbsp;<a href=\"https:\/\/www1.folha.uol.com.br\/poder\/2019\/05\/queiroz-se-sente-culpado-por-crise-e-nao-e-uma-ameaca-aos-bolsonaros-diz-advogado.shtml\">advogado \u00e9 o Queiroz\u2019.<\/a><\/p>\n\n\n\n<p><strong>E Fl\u00e1vio tinha contato com o Queiroz?<\/strong>&nbsp;O Fl\u00e1vio disse: \u2018Eu n\u00e3o estou mais falando com o Queiroz. N\u00e3o o atendo mais at\u00e9 para que amanh\u00e3 ningu\u00e9m me acuse de que estou orientando o Queiroz nos depoimentos. Quem est\u00e1 falando com o Queiroz \u00e9 o Victor [advogado amigo da fam\u00edlia e que estava na reuni\u00e3o com Paulo Marinho]\u2019. [Na \u00e9poca, a fam\u00edlia Bolsonaro dizia n\u00e3o ter contato com Queiroz.]<\/p>\n\n\n\n<p>O Christiano disse: \u2018Precisamos arrumar um advogado que sirva ao Queiroz. N\u00e3o posso ser esse advogado. At\u00e9 porque sou de uma banca, n\u00f3s somos top, o Queiroz n\u00e3o teria condi\u00e7\u00f5es [de contrat\u00e1-lo], n\u00e9?\u2019. E ele indicou o advogado Ralph Hage Vianna, que at\u00e9 ent\u00e3o eu n\u00e3o conhecia, para representar o Queiroz.<\/p>\n\n\n\n<p>Na mesma quinta-feira, o Queiroz vai ao encontro desse advogado indicado pelo Christiano. E vai acompanhado pelo Victor [o advogado do gabinete de Fl\u00e1vio]. E eu viajei para S\u00e3o Paulo.<\/p>\n\n\n\n<p><strong>O presidente foi informado dessa reuni\u00e3o?<\/strong>Quando ela terminou, eu liguei para o Gustavo Bebianno e relatei tudo o que ouvi. Ele estava em Bras\u00edlia, no escrit\u00f3rio da transi\u00e7\u00e3o de governo. Eu disse que era melhor ele contar tudo o que estava acontecendo para o presidente. E assim foi feito.<\/p>\n\n\n\n<p><strong>E o que aconteceu depois?<\/strong>&nbsp;Eu vou para S\u00e3o Paulo. Como o Ant\u00f4nio Pitombo estava em SP, eu disse: \u2018Pitombo, \u00e9 importante a gente ter uma outra reuni\u00e3o para tratar desse assunto, entender o que est\u00e1 acontecendo e n\u00e3o deixar o neg\u00f3cio desandar\u2019.<\/p>\n\n\n\n<p>Chamei para S\u00e3o Paulo o Victor, advogado do Fl\u00e1vio, que estava tendo contato com o Queiroz, o Ralph Hage Vianna, que se reuniu com o Queiroz, e o Gustavo Bebianno.<\/p>\n\n\n\n<p>Eu estava hospedado no hotel Emiliano e reservei uma sala de reuni\u00e3o. \u00c0s 14h30 do dia 14, uma sexta-feira, estavam l\u00e1 o Victor, o Ralph, o Pitombo, eu e o Gustavo Bebianno.<\/p>\n\n\n\n<p>Os advogados conversaram o tempo todo sobre como foi a conversa do advogado Ralph com o&nbsp;<a href=\"https:\/\/www1.folha.uol.com.br\/poder\/2019\/05\/queiroz-se-sente-culpado-por-crise-e-nao-e-uma-ameaca-aos-bolsonaros-diz-advogado.shtml\">Queiroz, as estrat\u00e9gias, as preocupa\u00e7\u00f5es.<\/a><\/p>\n\n\n\n<p>Na ter\u00e7a-feira seguinte, 18, ocorreu a cerim\u00f4nia da nossa diploma\u00e7\u00e3o \u2014Fl\u00e1vio como senador, e eu suplente dele. Sentamos lado a lado. E ele me disse que precisava conversar.<\/p>\n\n\n\n<p>Eu ia almo\u00e7ar no restaurante Esplanada Grill, em Ipanema. Combinamos de ele passar l\u00e1. \u00c0s 13h30, ele apareceu no restaurante e disse: \u2018Paulo, eu conversei com o meu pai e ele decidiu que n\u00f3s vamos montar um outro esquema jur\u00eddico, que ser\u00e1 comandado por um outro advogado\u201d.<\/p>\n\n\n\n<p>Eu respondi: \u2018Fl\u00e1vio, n\u00e3o tem problema, eu desarticulo tudo o que estava articulado. Desejo boa sorte. Se precisar de mim, estou \u00e0 disposi\u00e7\u00e3o, como sempre estive\u2019. Um abra\u00e7o e vida que segue.<\/p>\n\n\n\n<p>Desde ent\u00e3o, s\u00f3 fui rever o Fl\u00e1vio no dia em que depus na CPMI das Fake News [em dezembro]. Fui ao plen\u00e1rio do Senado e ele estava l\u00e1. Eu o cumprimentei cordialmente, e ele a mim. Nunca mais estive com ele. E isso \u00e9 tudo.<\/p>\n","protected":false},"excerpt":{"rendered":"<p>Empres\u00e1rio afirma que revela\u00e7\u00e3o foi feita a ele em 2018 pelo filho do presidente, que demitiu assessor para tentar prevenir desgaste.<\/p>\n","protected":false},"author":1,"featured_media":0,"comment_status":"closed","ping_status":"open","sticky":false,"template":"","format":"standard","meta":{"_exactmetrics_skip_tracking":false,"_exactmetrics_sitenote_active":false,"_exactmetrics_sitenote_note":"","_exactmetrics_sitenote_category":0,"jetpack_post_was_ever_published":false,"_jetpack_newsletter_access":"","_jetpack_dont_email_post_to_subs":false,"_jetpack_newsletter_tier_id":0,"_jetpack_memberships_contains_paywalled_content":false,"_jetpack_memberships_contains_paid_content":false,"footnotes":"","jetpack_publicize_message":"","jetpack_publicize_feature_enabled":true,"jetpack_social_post_already_shared":true,"jetpack_social_options":{"image_generator_settings":{"template":"highway","enabled":false},"version":2}},"categories":[1],"tags":[381,380,359],"class_list":["post-28191","post","type-post","status-publish","format-standard","hentry","category-notas","tag-bolsinaro","tag-paulo-marinho","tag-pf"],"jetpack_publicize_connections":[],"jetpack_sharing_enabled":true,"jetpack_featured_media_url":"","jetpack_shortlink":"https:\/\/wp.me\/p7wKYW-7kH","jetpack-related-posts":[],"_links":{"self":[{"href":"http:\/\/blogdalucianaoliveira.com.br\/blog\/wp-json\/wp\/v2\/posts\/28191","targetHints":{"allow":["GET"]}}],"collection":[{"href":"http:\/\/blogdalucianaoliveira.com.br\/blog\/wp-json\/wp\/v2\/posts"}],"about":[{"href":"http:\/\/blogdalucianaoliveira.com.br\/blog\/wp-json\/wp\/v2\/types\/post"}],"author":[{"embeddable":true,"href":"http:\/\/blogdalucianaoliveira.com.br\/blog\/wp-json\/wp\/v2\/users\/1"}],"replies":[{"embeddable":true,"href":"http:\/\/blogdalucianaoliveira.com.br\/blog\/wp-json\/wp\/v2\/comments?post=28191"}],"version-history":[{"count":1,"href":"http:\/\/blogdalucianaoliveira.com.br\/blog\/wp-json\/wp\/v2\/posts\/28191\/revisions"}],"predecessor-version":[{"id":28193,"href":"http:\/\/blogdalucianaoliveira.com.br\/blog\/wp-json\/wp\/v2\/posts\/28191\/revisions\/28193"}],"wp:attachment":[{"href":"http:\/\/blogdalucianaoliveira.com.br\/blog\/wp-json\/wp\/v2\/media?parent=28191"}],"wp:term":[{"taxonomy":"category","embeddable":true,"href":"http:\/\/blogdalucianaoliveira.com.br\/blog\/wp-json\/wp\/v2\/categories?post=28191"},{"taxonomy":"post_tag","embeddable":true,"href":"http:\/\/blogdalucianaoliveira.com.br\/blog\/wp-json\/wp\/v2\/tags?post=28191"}],"curies":[{"name":"wp","href":"https:\/\/api.w.org\/{rel}","templated":true}]}}