{"id":28197,"date":"2020-05-17T11:34:53","date_gmt":"2020-05-17T15:34:53","guid":{"rendered":"http:\/\/blogdalucianaoliveira.com.br\/blog\/?p=28197"},"modified":"2020-05-17T11:35:06","modified_gmt":"2020-05-17T15:35:06","slug":"alexandre-kalil-politizou-a-coisa-fica-parecendo-que-quem-nao-quer-morrer-e-comunista","status":"publish","type":"post","link":"http:\/\/blogdalucianaoliveira.com.br\/blog\/2020\/05\/17\/alexandre-kalil-politizou-a-coisa-fica-parecendo-que-quem-nao-quer-morrer-e-comunista\/","title":{"rendered":"Alexandre Kalil: \u201cPolitizou a coisa. Fica parecendo que quem n\u00e3o quer morrer \u00e9 comunista\u201d"},"content":{"rendered":"\n<figure class=\"wp-block-image size-large\"><img data-recalc-dims=\"1\" loading=\"lazy\" decoding=\"async\" width=\"600\" height=\"397\" data-attachment-id=\"28198\" data-permalink=\"http:\/\/blogdalucianaoliveira.com.br\/blog\/2020\/05\/17\/alexandre-kalil-politizou-a-coisa-fica-parecendo-que-quem-nao-quer-morrer-e-comunista\/image-62-6\/\" data-orig-file=\"https:\/\/i0.wp.com\/blogdalucianaoliveira.com.br\/blog\/wp-content\/uploads\/2020\/05\/image-62.jpeg?fit=640%2C423\" data-orig-size=\"640,423\" data-comments-opened=\"0\" data-image-meta=\"{&quot;aperture&quot;:&quot;0&quot;,&quot;credit&quot;:&quot;&quot;,&quot;camera&quot;:&quot;&quot;,&quot;caption&quot;:&quot;&quot;,&quot;created_timestamp&quot;:&quot;0&quot;,&quot;copyright&quot;:&quot;&quot;,&quot;focal_length&quot;:&quot;0&quot;,&quot;iso&quot;:&quot;0&quot;,&quot;shutter_speed&quot;:&quot;0&quot;,&quot;title&quot;:&quot;&quot;,&quot;orientation&quot;:&quot;0&quot;}\" data-image-title=\"image-62\" data-image-description=\"\" data-image-caption=\"\" data-medium-file=\"https:\/\/i0.wp.com\/blogdalucianaoliveira.com.br\/blog\/wp-content\/uploads\/2020\/05\/image-62.jpeg?fit=300%2C198\" data-large-file=\"https:\/\/i0.wp.com\/blogdalucianaoliveira.com.br\/blog\/wp-content\/uploads\/2020\/05\/image-62.jpeg?fit=600%2C397\" src=\"https:\/\/i0.wp.com\/blogdalucianaoliveira.com.br\/blog\/wp-content\/uploads\/2020\/05\/image-62.jpeg?resize=600%2C397\" alt=\"\" class=\"wp-image-28198\" srcset=\"https:\/\/i0.wp.com\/blogdalucianaoliveira.com.br\/blog\/wp-content\/uploads\/2020\/05\/image-62.jpeg?w=640 640w, https:\/\/i0.wp.com\/blogdalucianaoliveira.com.br\/blog\/wp-content\/uploads\/2020\/05\/image-62.jpeg?resize=300%2C198 300w, https:\/\/i0.wp.com\/blogdalucianaoliveira.com.br\/blog\/wp-content\/uploads\/2020\/05\/image-62.jpeg?resize=454%2C300 454w\" sizes=\"auto, (max-width: 600px) 100vw, 600px\" \/><\/figure>\n\n\n\n<h4 class=\"wp-block-heading\">Prefeito de BH, uma das capitais com menor incid\u00eancia de coronav\u00edrus, enaltece respaldo cient\u00edfico no combate \u00e0 pandemia e diz n\u00e3o temer amea\u00e7as de opositores ao isolamento social<\/h4>\n\n\n\n<!--more-->\n\n\n\n<p><a href=\"https:\/\/brasil.elpais.com\/autor\/breiller-silva-pires\/\">BREILLER PIRES<\/a>, El Pa\u00eds<\/p>\n\n\n\n<p>Com a bagagem de\u00a0<a rel=\"noreferrer noopener\" href=\"https:\/\/brasil.elpais.com\/brasil\/2017\/07\/14\/deportes\/1500068233_300420.html\" target=\"_blank\">quem foi dirigente de futebol<\/a>por mais de uma d\u00e9cada, desapegado de cren\u00e7as e supersti\u00e7\u00f5es,\u00a0<a rel=\"noreferrer noopener\" href=\"https:\/\/brasil.elpais.com\/tag\/alexandre_kalil\" target=\"_blank\"><strong>Alexandre Kalil (PSD)<\/strong><\/a>\u00a0diz ter perdido a f\u00e9 na humanidade. \u201cO mundo piorou. T\u00e1 uma merda\u201d, afirma, com o desprendimento habitual, em entrevista ao EL PA\u00cdS, evitando romantizar o\u00a0<a rel=\"noreferrer noopener\" href=\"https:\/\/brasil.elpais.com\/esportes\/2020-05-16\/paixao-por-time-de-futebol-esbarra-no-bolso-e-clubes-perdem-socios-durante-a-pandemia.html\" target=\"_blank\">impacto da crise atual<\/a>\u00a0nas rela\u00e7\u00f5es humanas. \u201cN\u00e3o vamos sair melhores dessa situa\u00e7\u00e3o. Ningu\u00e9m se comove em ver corpo jogado em vala. Quase 1.000 fam\u00edlias perdendo gente por dia e ainda tem sujeito preocupado em abrir com\u00e9rcio.\u201d Em que pese a vis\u00e3o pessimista,\u00a0<a rel=\"noreferrer noopener\" href=\"https:\/\/brasil.elpais.com\/brasil\/2017\/07\/12\/politica\/1499871718_113339.html\" target=\"_blank\">o prefeito de Belo Horizonte alimenta<\/a>\u00a0esperan\u00e7a de atravessar a pandemia de covid-19 sem que sua cidade repita as cenas dram\u00e1ticas de pa\u00edses europeus. \u201cO povo belo-horizontino entendeu o recado\u201d, explica ao comemorar a m\u00e9dia em torno de 60% de\u00a0<a rel=\"noreferrer noopener\" href=\"https:\/\/brasil.elpais.com\/brasil\/2020-04-12\/margareth-dalcolmo-o-isolamento-social-severo-e-o-sus-sao-as-grandes-armas-do-brasil-contra-a-pandemia.html\" target=\"_blank\">isolamento social nos principais bairros<\/a>\u00a0desde o in\u00edcio da quarentena.<\/p>\n\n\n\n<p>Uma das primeiras a adotar medidas restritivas no pa\u00eds, a sede do Governo mineiro tem a terceira menor taxa de incid\u00eancia de coronav\u00edrus (43 casos por 100.000 habitantes) entre as capitais, atr\u00e1s somente de Curitiba e Porto Alegre. Embora experimente aumento no percentual de registros nos \u00faltimos dias, Belo Horizonte obteve mais \u00eaxito no esfor\u00e7o de\u00a0<a rel=\"noreferrer noopener\" href=\"https:\/\/brasil.elpais.com\/brasil\/2020-04-12\/curva-de-infectados-segue-em-ascensao-no-brasil-e-bolsonaro-mantem-corpo-a-corpo-com-apoiadores.html\" target=\"_blank\">achatar a curva de novas infec\u00e7\u00f5es<\/a>\u00a0que cidades como Rio de Janeiro e S\u00e3o Paulo, que acumulam \u00edndices de cont\u00e1gio 3,7 e 4,9 vezes maiores, respectivamente. De acordo com Kalil, a resposta r\u00e1pida \u00e0 pandemia foi fundamental para frear a curva em mar\u00e7o e abril, na esteira do fechamento do com\u00e9rcio.<\/p>\n\n\n\n<p>Para fazer valer o decreto, a guarda municipal deixou a fun\u00e7\u00e3o de policiamento e agora cumpre expediente de fiscaliza\u00e7\u00e3o, em que expediu mais de 10.000 infra\u00e7\u00f5es contra estabelecimentos que relutavam em fechar as portas. Al\u00e9m da prepara\u00e7\u00e3o dos\u00a0<a rel=\"noreferrer noopener\" href=\"https:\/\/brasil.elpais.com\/brasil\/2020-05-07\/ouviremos-muito-governante-dizer-que-abrira-leitos-de-uti-mas-nao-adianta-sem-profissionais-qualificados.html\" target=\"_blank\">hospitais e leitos de UTI<\/a>, a prefeitura recorreu a infectologistas da UFMG ao constituir um comit\u00ea de enfrentamento, e tamb\u00e9m ao departamento de estat\u00edstica da universidade, que elaborou um modelo matem\u00e1tico para projetar os picos de casos na cidade. \u201cQuando Belo Horizonte foi\u00a0<a rel=\"noreferrer noopener\" href=\"https:\/\/brasil.elpais.com\/brasil\/2020-01-29\/na-tragedia-de-minas-o-descaso-da-administracao-encontra-os-efeitos-da-mudanca-climatica.html\" target=\"_blank\">devastada pelas chuvas<\/a>\u00a0no come\u00e7o do ano, eu tomei a frente do neg\u00f3cio porque sou empreiteiro e entendo de obra urbana\u201d, conta o prefeito. \u201cMas, na pandemia, a palavra final \u00e9 dos cientistas. O que eles mandam fazer, eu fa\u00e7o. Como n\u00e3o sou m\u00e9dico nem infectologista, sigo a cartilha e apenas entrego o dinheiro para executarem a parte social e de sa\u00fade.\u201d<\/p>\n\n\n\n<p>Entre 1918 e 1919, BH j\u00e1 havia sido bem sucedida no&nbsp;<a href=\"https:\/\/ufmg.br\/comunicacao\/noticias\/o-ano-em-que-belo-horizonte-enfrentou-a-peste\" target=\"_blank\" rel=\"noreferrer noopener\">enfrentamento ao surto de gripe espanhola<\/a>, registrando uma das menores taxas de mortalidade do Brasil devido \u00e0 aplica\u00e7\u00e3o de medidas restritivas. Kalil diz que, embora tenha se informado sobre o hist\u00f3rico da cidade, n\u00e3o buscou refer\u00eancia no passado ao tra\u00e7ar sua estrat\u00e9gia de combate \u00e0 covid-19. \u201cFiquei surpreso ao saber como Belo Horizonte superou a gripe espanhola, mas n\u00e3o me inspiro em ningu\u00e9m. S\u00f3 na ci\u00eancia.\u201d Segundo o prefeito, o fato de ter montado um gabinete por crit\u00e9rios t\u00e9cnicos, e n\u00e3o pol\u00edticos, agora se mostra um diferencial na gest\u00e3o da crise, citando o secret\u00e1rio da Sa\u00fade, Jackson Machado Pinto, que chefiou por 25 anos a cl\u00ednica de dermatologia da Santa Casa BH. \u201cEu assino os pap\u00e9is, mas quem orienta e lidera os trabalhos \u00e9 um m\u00e9dico.\u201d<\/p>\n\n\n\n<h3 class=\"wp-block-heading\"><strong>Amea\u00e7as por segurar reabertura do com\u00e9rcio<\/strong><\/h3>\n\n\n\n<p>Para refor\u00e7ar o isolamento social, a prefeitura de BH comprou dois milh\u00f5es de m\u00e1scaras, distribu\u00eddas \u00e0 popula\u00e7\u00e3o por agentes de tr\u00e2nsito e da guarda civil. Quem sai de casa sem o equipamento de prote\u00e7\u00e3o pode ser multado em 80 reais. Desde abril, o uso de m\u00e1scara \u00e9 obrigat\u00f3rio. O executivo tamb\u00e9m distribui 243.000 cestas b\u00e1sicas por m\u00eas a pessoas\u00a0<a rel=\"noreferrer noopener\" href=\"https:\/\/brasil.elpais.com\/brasil\/2018\/12\/10\/opinion\/1544400114_405615.html\" target=\"_blank\">em situa\u00e7\u00e3o de vulnerabilidade social<\/a>, a maioria delas destinadas a trabalhadores informais e fam\u00edlias de estudantes matriculados nas escolas municipais. A fim de agilizar a entrega, a prefeitura firmou parceria com supermercados, onde os respons\u00e1veis de alunos s\u00f3 precisam apresentar a carteira de identidade para retirar a cesta.<\/p>\n\n\n\n<p>A preocupa\u00e7\u00e3o de Kalil no momento \u00e9 a press\u00e3o que casos de coronav\u00edrus registrados na regi\u00e3o metropolitana podem&nbsp;<a href=\"https:\/\/brasil.elpais.com\/brasil\/2020-05-08\/a-beira-do-colapso-manaus-duplica-numero-de-mortes-com-escalada-de-coronavirus.html\" target=\"_blank\" rel=\"noreferrer noopener\">exercer no sistema de sa\u00fade<\/a>&nbsp;da capital. Nova Lima, vizinha de BH, por exemplo, tem a quarta maior taxa de incid\u00eancia do Estado (106 casos por 100.000 habitantes). O prefeito chegou a proibir a entrada de \u00f4nibus provenientes de cidades que&nbsp;<a href=\"https:\/\/brasil.elpais.com\/economia\/2020-05-08\/pandemia-expoe-necropolitica-a-brasileira-e-uma-certa-elite-que-nao-ve-alem-do-umbigo.html\" target=\"_blank\" rel=\"noreferrer noopener\">afrouxaram medidas de isolamento<\/a>, mas o decreto acabou derrubado pela Justi\u00e7a. \u201cN\u00e3o adianta a prefeitura tomar precau\u00e7\u00f5es, fechar lojas e o escambau, e juiz depois mandar abrir. Precisam entender que n\u00e3o se trata da minha opini\u00e3o. \u00c9 ci\u00eancia, porra\u201d, esbraveja.<\/p>\n\n\n\n<p>No fim de abril, integrantes de uma&nbsp;<a href=\"https:\/\/brasil.elpais.com\/politica\/2020-04-19\/bolsonaro-endossa-ato-pro-intervencao-militar-e-provoca-reacao-de-maia-stf-e-governadores.html\" target=\"_blank\" rel=\"noreferrer noopener\">carreata a favor do presidente Jair Bolsonaro<\/a>&nbsp;protestaram em frente \u00e0 casa do prefeito, contr\u00e1rios \u00e0s medidas restritivas na cidade. Alguns vizinhos reagiram atirando ovos em dire\u00e7\u00e3o aos manifestantes. \u201cEu fui&nbsp;<a href=\"https:\/\/brasil.elpais.com\/brasil\/2017\/07\/14\/deportes\/1500068233_300420.html\" target=\"_blank\" rel=\"noreferrer noopener\">presidente do Atl\u00e9tico<\/a>, tomei 6 a 1 do maior rival\u2026 Quem viveu a press\u00e3o do futebol, n\u00e3o tem medo de meia d\u00fazia de buzinas\u201d, brinca Kalil, que conta ter recebido amea\u00e7as de morte pela postura adotada durante a crise do coronav\u00edrus. Ele diz que, al\u00e9m de n\u00e3o se intimidar, evita tomar decis\u00f5es visando as elei\u00e7\u00f5es municipais previstas para este ano. \u201cSe uma fam\u00edlia perder uma pessoa querida em BH porque eu pensei em mim ou em reelei\u00e7\u00e3o, n\u00e3o vou conseguir dormir nunca mais. Prefiro morrer com um tiro que de remorso por ter sido covarde.\u201d<\/p>\n\n\n\n<p>Em atrito com o Governo estadual, o prefeito afirma n\u00e3o ter recebido amparo financeiro nem suporte do&nbsp;<a href=\"https:\/\/brasil.elpais.com\/brasil\/2019\/02\/28\/politica\/1551391863_545787.html\" target=\"_blank\" rel=\"noreferrer noopener\">governador Romeu Zema (Novo)<\/a>, que \u00e9 aliado de Bolsonaro. \u201cZero apoio. O Estado est\u00e1 quebrado.\u201d Em rela\u00e7\u00e3o ao Governo federal, Kalil entende que as&nbsp;<a href=\"https:\/\/brasil.elpais.com\/brasil\/2020-03-15\/bolsonaro-rompe-isolamento-e-endossa-atos-contra-congresso-em-meio-a-crise-do-coronavirus.html\" target=\"_blank\" rel=\"noreferrer noopener\">declara\u00e7\u00f5es do presidente, incentivando a quebra da quarentena<\/a>, e as turbul\u00eancias em Bras\u00edlia, como as demiss\u00f5es dos ministros Luiz Henrique Mandetta e Sergio Moro, dificultam o trabalho de prefeitos e governadores. \u201cA fala de um presidente \u00e9 muito importante. Se tiv\u00e9ssemos uma lideran\u00e7a federal forte, o combate \u00e0 pandemia seria bem melhor. Imagine se [Jo\u00e3o] Doria e Wilson [Witzel] n\u00e3o tivessem parado S\u00e3o Paulo e Rio? O Brasil j\u00e1 teria uns 50.000 mortos.\u201d<\/p>\n\n\n\n<p>Recentemente, Bolsonaro declarou que a culpa por mortes do coronav\u00edrus n\u00e3o \u00e9 sua, mas sim de governadores e prefeitos. Kalil concorda. \u201cSe morre gente em Belo Horizonte, a responsabilidade \u00e9 minha. Ele [presidente] tem que mandar dinheiro para as prefeituras. Agora, muito ajuda quem pouco atrapalha. N\u00e3o tem sido o caso dele.\u201d O prefeito lamenta que os discursos do presidente contribuam para\u00a0<a rel=\"noreferrer noopener\" href=\"https:\/\/brasil.elpais.com\/brasil\/2020\/04\/28\/eps\/1588068970_880092.html\" target=\"_blank\">inflamar parte da popula\u00e7\u00e3o<\/a>\u00a0contra os gestores locais. \u201cPolitizou a coisa. Fica parecendo que quem n\u00e3o quer morrer \u00e9 comunista. E quem quer morrer, mas protesta em caminhonete cabine dupla, \u00e9 de direita. Enquanto isso, a gente v\u00ea cidade que n\u00e3o tem um respirador sequer abrindo o com\u00e9rcio\u201d, diz Kalil, que\u00a0<a rel=\"noreferrer noopener\" href=\"https:\/\/brasil.elpais.com\/brasil\/2017\/07\/01\/deportes\/1498862110_086687.html\" target=\"_blank\">foi chamado de \u201ccomunista\u201d<\/a>\u00a0por bolsonaristas.<\/p>\n\n\n\n<p>A prefeitura de BH montou um grupo t\u00e9cnico, que inclui os infectologistas, para estipular um plano de reabertura gradual da cidade. De acordo com o prefeito, caso os n\u00edveis de isolamento social e ocupa\u00e7\u00e3o de UTIs sejam mantidos, a flexibiliza\u00e7\u00e3o pode come\u00e7ar a partir de 25 de maio. Entretanto, comerciantes, que queriam&nbsp;<a href=\"https:\/\/brasil.elpais.com\/brasil\/2019\/06\/13\/deportes\/1560383306_048881.html\" target=\"_blank\" rel=\"noreferrer noopener\">abrir lojas para o Dia das M\u00e3es<\/a>, seguem insatisfeitos. Por meio de nota, a C\u00e2mara dos Dirigentes Lojistas (CDL) defende que o afrouxamento das medidas restritivas deveria ser antecipado. \u201cEu tenho pedido paci\u00eancia a eles [empres\u00e1rios]\u201d, afirma Kalil. \u201cQuando come\u00e7ar a reabrir, vou cham\u00e1-los pra mesa. Precisamos recuperar o com\u00e9rcio. Prefeitura n\u00e3o \u00e9 banco, mas pretendemos recompensar o sacrif\u00edcio que est\u00e3o fazendo de alguma forma.\u201d<\/p>\n\n\n\n<p>Por orienta\u00e7\u00e3o do filho, que \u00e9 m\u00e9dico, o prefeito de 61 anos usa um ox\u00edmetro para monitorar constantemente a satura\u00e7\u00e3o do oxig\u00eanio nas c\u00e9lulas. Inserido no grupo de risco e ex-fumante, Kalil s\u00f3 vai \u00e0 prefeitura para reuni\u00f5es essenciais e n\u00e3o v\u00ea os netos h\u00e1 dois meses. \u201cEu estou em p\u00e2nico, apavorado com esse v\u00edrus. Por isso, pe\u00e7o para as pessoas ficarem em casa. Cidad\u00e3o que sai na rua \u00e0 toa precisa saber que vai matar ou vai morrer.\u201d Embora tenha sido cartola, ele descarta a&nbsp;<a href=\"https:\/\/brasil.elpais.com\/esportes\/2020-05-05\/clubes-de-futebol-sem-divisao-nacional-temem-falencia-por-crise-da-covid-19.html\" target=\"_blank\" rel=\"noreferrer noopener\">volta dos jogos nos est\u00e1dios da cidade<\/a>enquanto o coronav\u00edrus ainda representar uma amea\u00e7a \u00e0 sa\u00fade p\u00fablica. \u201cN\u00e3o tem cabimento botar aglomera\u00e7\u00e3o dentro de um campo de 105 metros. Quem&nbsp;<a href=\"https:\/\/brasil.elpais.com\/esportes\/2020-04-29\/bolsonaro-usa-o-futebol-para-forcar-relaxamento-da-quarentena.html\" target=\"_blank\" rel=\"noreferrer noopener\">fala em futebol agora<\/a>&nbsp;s\u00f3 pode estar doido.\u201d<\/p>\n","protected":false},"excerpt":{"rendered":"<p>Prefeito de BH, uma das capitais com menor incid\u00eancia de coronav\u00edrus, enaltece respaldo cient\u00edfico no combate \u00e0 pandemia e diz n\u00e3o temer amea\u00e7as de opositores ao isolamento social<\/p>\n","protected":false},"author":1,"featured_media":0,"comment_status":"closed","ping_status":"open","sticky":false,"template":"","format":"standard","meta":{"_exactmetrics_skip_tracking":false,"_exactmetrics_sitenote_active":false,"_exactmetrics_sitenote_note":"","_exactmetrics_sitenote_category":0,"jetpack_post_was_ever_published":false,"_jetpack_newsletter_access":"","_jetpack_dont_email_post_to_subs":false,"_jetpack_newsletter_tier_id":0,"_jetpack_memberships_contains_paywalled_content":false,"_jetpack_memberships_contains_paid_content":false,"footnotes":"","jetpack_publicize_message":"","jetpack_publicize_feature_enabled":true,"jetpack_social_post_already_shared":true,"jetpack_social_options":{"image_generator_settings":{"template":"highway","enabled":false},"version":2}},"categories":[1],"tags":[],"class_list":["post-28197","post","type-post","status-publish","format-standard","hentry","category-notas"],"jetpack_publicize_connections":[],"jetpack_sharing_enabled":true,"jetpack_featured_media_url":"","jetpack_shortlink":"https:\/\/wp.me\/p7wKYW-7kN","jetpack-related-posts":[],"_links":{"self":[{"href":"http:\/\/blogdalucianaoliveira.com.br\/blog\/wp-json\/wp\/v2\/posts\/28197","targetHints":{"allow":["GET"]}}],"collection":[{"href":"http:\/\/blogdalucianaoliveira.com.br\/blog\/wp-json\/wp\/v2\/posts"}],"about":[{"href":"http:\/\/blogdalucianaoliveira.com.br\/blog\/wp-json\/wp\/v2\/types\/post"}],"author":[{"embeddable":true,"href":"http:\/\/blogdalucianaoliveira.com.br\/blog\/wp-json\/wp\/v2\/users\/1"}],"replies":[{"embeddable":true,"href":"http:\/\/blogdalucianaoliveira.com.br\/blog\/wp-json\/wp\/v2\/comments?post=28197"}],"version-history":[{"count":1,"href":"http:\/\/blogdalucianaoliveira.com.br\/blog\/wp-json\/wp\/v2\/posts\/28197\/revisions"}],"predecessor-version":[{"id":28199,"href":"http:\/\/blogdalucianaoliveira.com.br\/blog\/wp-json\/wp\/v2\/posts\/28197\/revisions\/28199"}],"wp:attachment":[{"href":"http:\/\/blogdalucianaoliveira.com.br\/blog\/wp-json\/wp\/v2\/media?parent=28197"}],"wp:term":[{"taxonomy":"category","embeddable":true,"href":"http:\/\/blogdalucianaoliveira.com.br\/blog\/wp-json\/wp\/v2\/categories?post=28197"},{"taxonomy":"post_tag","embeddable":true,"href":"http:\/\/blogdalucianaoliveira.com.br\/blog\/wp-json\/wp\/v2\/tags?post=28197"}],"curies":[{"name":"wp","href":"https:\/\/api.w.org\/{rel}","templated":true}]}}