{"id":28200,"date":"2020-05-17T11:40:00","date_gmt":"2020-05-17T15:40:00","guid":{"rendered":"http:\/\/blogdalucianaoliveira.com.br\/blog\/?p=28200"},"modified":"2020-05-17T11:40:09","modified_gmt":"2020-05-17T15:40:09","slug":"o-isolamento-social-diminui-o-numero-de-infectados-no-estado-de-rondonia-parte-1","status":"publish","type":"post","link":"http:\/\/blogdalucianaoliveira.com.br\/blog\/2020\/05\/17\/o-isolamento-social-diminui-o-numero-de-infectados-no-estado-de-rondonia-parte-1\/","title":{"rendered":"O isolamento social diminui o n\u00famero de infectados no Estado de Rond\u00f4nia- Parte 1"},"content":{"rendered":"\n<figure class=\"wp-block-image size-large\"><img data-recalc-dims=\"1\" loading=\"lazy\" decoding=\"async\" width=\"600\" height=\"450\" data-attachment-id=\"27848\" data-permalink=\"http:\/\/blogdalucianaoliveira.com.br\/blog\/2020\/04\/30\/o-auxilio-emergencial-e-para-salvar-ou-matar-o-povo\/2cd54c17-dcdb-479c-9ae6-548c39050caa\/\" data-orig-file=\"https:\/\/i0.wp.com\/blogdalucianaoliveira.com.br\/blog\/wp-content\/uploads\/2020\/04\/2CD54C17-DCDB-479C-9AE6-548C39050CAA.jpeg?fit=640%2C480\" data-orig-size=\"640,480\" data-comments-opened=\"0\" data-image-meta=\"{&quot;aperture&quot;:&quot;0&quot;,&quot;credit&quot;:&quot;&quot;,&quot;camera&quot;:&quot;&quot;,&quot;caption&quot;:&quot;&quot;,&quot;created_timestamp&quot;:&quot;0&quot;,&quot;copyright&quot;:&quot;&quot;,&quot;focal_length&quot;:&quot;0&quot;,&quot;iso&quot;:&quot;0&quot;,&quot;shutter_speed&quot;:&quot;0&quot;,&quot;title&quot;:&quot;&quot;,&quot;orientation&quot;:&quot;1&quot;}\" data-image-title=\"2CD54C17-DCDB-479C-9AE6-548C39050CAA\" data-image-description=\"\" data-image-caption=\"\" data-medium-file=\"https:\/\/i0.wp.com\/blogdalucianaoliveira.com.br\/blog\/wp-content\/uploads\/2020\/04\/2CD54C17-DCDB-479C-9AE6-548C39050CAA.jpeg?fit=300%2C225\" data-large-file=\"https:\/\/i0.wp.com\/blogdalucianaoliveira.com.br\/blog\/wp-content\/uploads\/2020\/04\/2CD54C17-DCDB-479C-9AE6-548C39050CAA.jpeg?fit=600%2C450\" src=\"https:\/\/i0.wp.com\/blogdalucianaoliveira.com.br\/blog\/wp-content\/uploads\/2020\/04\/2CD54C17-DCDB-479C-9AE6-548C39050CAA.jpeg?resize=600%2C450\" alt=\"\" class=\"wp-image-27848\" srcset=\"https:\/\/i0.wp.com\/blogdalucianaoliveira.com.br\/blog\/wp-content\/uploads\/2020\/04\/2CD54C17-DCDB-479C-9AE6-548C39050CAA.jpeg?w=640 640w, https:\/\/i0.wp.com\/blogdalucianaoliveira.com.br\/blog\/wp-content\/uploads\/2020\/04\/2CD54C17-DCDB-479C-9AE6-548C39050CAA.jpeg?resize=300%2C225 300w, https:\/\/i0.wp.com\/blogdalucianaoliveira.com.br\/blog\/wp-content\/uploads\/2020\/04\/2CD54C17-DCDB-479C-9AE6-548C39050CAA.jpeg?resize=400%2C300 400w\" sizes=\"auto, (max-width: 600px) 100vw, 600px\" \/><\/figure>\n\n\n\n<p><br>A quantidade de infectados e \u00f3bitos no Estado de Rond\u00f4nia est\u00e1 em trajet\u00f3ria crescente e os dados demonstram que este comportamento ocorre porque o isolamento social em RO est\u00e1 baixo e em trajet\u00f3ria decrescente.<\/p>\n\n\n\n<!--more-->\n\n\n\n<p>Por Grupo de Pesquisa Energia Renov\u00e1vel Sustent\u00e1vel &#8211; GPERS<\/p>\n\n\n\n<p>O texto analisa dados de isolamento social, quantidade de infectados disponibilizados de RO e a partir dessas informa\u00e7\u00f5es produz um modelo que&nbsp;demonstrar que a quantidade de infectados e mortes tem influ\u00eancia do isolamento social. Algumas informa\u00e7\u00f5es podemos ser destacadas:<\/p>\n\n\n\n<p>&#8211; a quantidade de contaminados calculados para o dia 06\/05\/20 \u00e9 17 maior do que o valor apresentados pelo estado como infectados, demonstrando que a sub-notifica\u00e7\u00e3o \u00e9 grande no Estado de Rond\u00f4nia;<\/p>\n\n\n\n<p>&#8211; os dados apresentados demonstrarm que se o isolamento social aumentar a quantidade de infectados e mortes diminuem de maneira significativa, como exemplo, se o isolamento social aumentar a 70% do valor atual o n\u00famero de infectados cai 29% e de \u00f3bitos cai 34%;<\/p>\n\n\n\n<p>&#8211; se o isolamento social n\u00e3o alterar rapidamente no Estado de Rond\u00f4nia a quantidade de infectados e mortes v\u00e3o continuar crescendo e, por isso, fica mais distante o momento de retomada de todas as atividades sociais e, sobretudo, as atividades econ\u00f4micas que est\u00e3o seriamente afetadas;<\/p>\n\n\n\n<p>&#8211; o isolamento social deve ser encarado seriamente, porque no momento no Estado de Rond\u00f4nia n\u00e3o est\u00e1 sendo realizado e os danos causados a economia s\u00e3o maiores do que se for feito um isolamento real e radical;<\/p>\n\n\n\n<p>&#8211; o n\u00famero de infectados e mortos no Estado de Rond\u00f4nia est\u00e1 crescendo e somente poder\u00e1 ser minimizado se for efetivado o isolamente social.<\/p>\n\n\n\n<p>Veja o texto completo no link a seguir:&nbsp;<a href=\"http:\/\/www.energsust.unir.br\/uploads\/88943397\/arquivos\/isolamentosocialinfectadosmortesrondonia.pdf\">isolamentosocialinfectadosmortesrondonia<\/a><\/p>\n\n\n\n<p><strong>Fonte:<\/strong>&nbsp;GPERS<\/p>\n","protected":false},"excerpt":{"rendered":"<p>A quantidade de infectados e \u00f3bitos no Estado de Rond\u00f4nia est\u00e1 em trajet\u00f3ria crescente e os dados demonstram que este comportamento ocorre porque o isolamento social em RO est\u00e1 baixo e em trajet\u00f3ria decrescente.<\/p>\n","protected":false},"author":1,"featured_media":0,"comment_status":"closed","ping_status":"open","sticky":false,"template":"","format":"standard","meta":{"_exactmetrics_skip_tracking":false,"_exactmetrics_sitenote_active":false,"_exactmetrics_sitenote_note":"","_exactmetrics_sitenote_category":0,"jetpack_post_was_ever_published":false,"_jetpack_newsletter_access":"","_jetpack_dont_email_post_to_subs":false,"_jetpack_newsletter_tier_id":0,"_jetpack_memberships_contains_paywalled_content":false,"_jetpack_memberships_contains_paid_content":false,"footnotes":"","jetpack_publicize_message":"","jetpack_publicize_feature_enabled":true,"jetpack_social_post_already_shared":true,"jetpack_social_options":{"image_generator_settings":{"template":"highway","enabled":false},"version":2}},"categories":[1],"tags":[],"class_list":["post-28200","post","type-post","status-publish","format-standard","hentry","category-notas"],"jetpack_publicize_connections":[],"jetpack_sharing_enabled":true,"jetpack_featured_media_url":"","jetpack_shortlink":"https:\/\/wp.me\/p7wKYW-7kQ","jetpack-related-posts":[],"_links":{"self":[{"href":"http:\/\/blogdalucianaoliveira.com.br\/blog\/wp-json\/wp\/v2\/posts\/28200","targetHints":{"allow":["GET"]}}],"collection":[{"href":"http:\/\/blogdalucianaoliveira.com.br\/blog\/wp-json\/wp\/v2\/posts"}],"about":[{"href":"http:\/\/blogdalucianaoliveira.com.br\/blog\/wp-json\/wp\/v2\/types\/post"}],"author":[{"embeddable":true,"href":"http:\/\/blogdalucianaoliveira.com.br\/blog\/wp-json\/wp\/v2\/users\/1"}],"replies":[{"embeddable":true,"href":"http:\/\/blogdalucianaoliveira.com.br\/blog\/wp-json\/wp\/v2\/comments?post=28200"}],"version-history":[{"count":1,"href":"http:\/\/blogdalucianaoliveira.com.br\/blog\/wp-json\/wp\/v2\/posts\/28200\/revisions"}],"predecessor-version":[{"id":28201,"href":"http:\/\/blogdalucianaoliveira.com.br\/blog\/wp-json\/wp\/v2\/posts\/28200\/revisions\/28201"}],"wp:attachment":[{"href":"http:\/\/blogdalucianaoliveira.com.br\/blog\/wp-json\/wp\/v2\/media?parent=28200"}],"wp:term":[{"taxonomy":"category","embeddable":true,"href":"http:\/\/blogdalucianaoliveira.com.br\/blog\/wp-json\/wp\/v2\/categories?post=28200"},{"taxonomy":"post_tag","embeddable":true,"href":"http:\/\/blogdalucianaoliveira.com.br\/blog\/wp-json\/wp\/v2\/tags?post=28200"}],"curies":[{"name":"wp","href":"https:\/\/api.w.org\/{rel}","templated":true}]}}