{"id":2821,"date":"2016-08-02T15:49:09","date_gmt":"2016-08-02T19:49:09","guid":{"rendered":"http:\/\/blogdalucianaoliveira.com.br\/blog\/?p=2821"},"modified":"2016-08-02T15:49:09","modified_gmt":"2016-08-02T19:49:09","slug":"evento-internacional-movimenta-distrito-de-nazare-que-tera-o-primeiro-museu-ribeirinho-do-estado","status":"publish","type":"post","link":"http:\/\/blogdalucianaoliveira.com.br\/blog\/2016\/08\/02\/evento-internacional-movimenta-distrito-de-nazare-que-tera-o-primeiro-museu-ribeirinho-do-estado\/","title":{"rendered":"Evento internacional movimenta distrito de Nazar\u00e9, que ter\u00e1 o primeiro museu ribeirinho do Estado"},"content":{"rendered":"<p><img data-recalc-dims=\"1\" loading=\"lazy\" decoding=\"async\" data-attachment-id=\"2828\" data-permalink=\"http:\/\/blogdalucianaoliveira.com.br\/blog\/2016\/08\/02\/evento-internacional-movimenta-distrito-de-nazare-que-tera-o-primeiro-museu-ribeirinho-do-estado\/image-648\/\" data-orig-file=\"https:\/\/i0.wp.com\/blogdalucianaoliveira.com.br\/blog\/wp-content\/uploads\/2016\/08\/image-19.jpeg?fit=617%2C248\" data-orig-size=\"617,248\" data-comments-opened=\"0\" data-image-meta=\"{&quot;aperture&quot;:&quot;0&quot;,&quot;credit&quot;:&quot;&quot;,&quot;camera&quot;:&quot;&quot;,&quot;caption&quot;:&quot;&quot;,&quot;created_timestamp&quot;:&quot;0&quot;,&quot;copyright&quot;:&quot;&quot;,&quot;focal_length&quot;:&quot;0&quot;,&quot;iso&quot;:&quot;0&quot;,&quot;shutter_speed&quot;:&quot;0&quot;,&quot;title&quot;:&quot;&quot;,&quot;orientation&quot;:&quot;0&quot;}\" data-image-title=\"image\" data-image-description=\"\" data-image-caption=\"\" data-medium-file=\"https:\/\/i0.wp.com\/blogdalucianaoliveira.com.br\/blog\/wp-content\/uploads\/2016\/08\/image-19.jpeg?fit=300%2C121\" data-large-file=\"https:\/\/i0.wp.com\/blogdalucianaoliveira.com.br\/blog\/wp-content\/uploads\/2016\/08\/image-19.jpeg?fit=600%2C241\" src=\"https:\/\/i0.wp.com\/blogdalucianaoliveira.com.br\/blog\/wp-content\/uploads\/2016\/08\/image-19.jpeg?resize=600%2C241\" alt=\"image\" width=\"600\" height=\"241\" class=\"alignnone size-full wp-image-2828\" srcset=\"https:\/\/i0.wp.com\/blogdalucianaoliveira.com.br\/blog\/wp-content\/uploads\/2016\/08\/image-19.jpeg?w=617 617w, https:\/\/i0.wp.com\/blogdalucianaoliveira.com.br\/blog\/wp-content\/uploads\/2016\/08\/image-19.jpeg?resize=300%2C121 300w\" sizes=\"auto, (max-width: 600px) 100vw, 600px\" \/><\/p>\n<p>Os representantes de v\u00e1rias institui\u00e7\u00f5es do Brasil e de outros pa\u00edses, partem nesta quarta-feira para o distrito de Nazar\u00e9, onde acontece no per\u00edodo de 3 a 7 de agosto, a XVII Confer\u00eancia do Comit\u00ea Internacional para uma Nova Museologia\/MINOM.<!--more--><\/p>\n<p>A escolha foi feita durante a \u00faltima confer\u00eancia do MINOM em Cuba na cidade de La Havana em outubro de 2014.<\/p>\n<p>Instituicoes participantes: <\/p>\n<p>Faculdade de Ci\u00eancia da Informa\u00e7\u00e3o da Universidade de Bras\u00edlia (FCI\/UNB)<\/p>\n<p>Faculdade de Ci\u00eancia da Informa\u00e7\u00e3o da Universidade de Bras\u00edlia (FCI\/UNB)<\/p>\n<p>Museu Pal\u00e1cio da Mem\u00f3ria Rondoniense \u00ad SEJUCEL<\/p>\n<p>Museo C.A.V La Neomudejar<\/p>\n<p>Universidade Federal do Sul da Bahia<\/p>\n<p>Universidade de S\u00e3o Paulo<\/p>\n<p>Ecomuseu Dr. Agobar Fagundes \u00ad EDAF e Grupo de Pesquisa Ethos, Alteridade e<\/p>\n<p>Desenvolvimento \u00ad GPEAD \/ Universidade Regional de Blumenau \u00ad FURB \u00ad Blumenau\/SC<\/p>\n<p>N\u00facleo de Estudos em Hist\u00f3ria Oral\/USP e Instituto Madeira Vivo.<\/p>\n<p>UNEMAT \u00ad GP FRONTEIRA OESTE: PODER, ECONOMIA E SOCIEDADE<\/p>\n<p>Minom<\/p>\n<p>UFRGS<\/p>\n<p>Universidade Federal da Bahia<\/p>\n<p>Museu Sociocultural de Goi\u00e1s (MUSGO)<\/p>\n<p>Museu Sociocultural de Goi\u00e1s (MUSGO) e Universidade Federal de Goi\u00e1s (UFG)<\/p>\n<p>Funda\u00e7\u00e3o Universidade Federal de Rond\u00f4nia<\/p>\n<p>Rede de Museologia Social do Rio de Janeiro<\/p>\n<p>Museu de Arqueologia de Itaipu\/ IBRAM<\/p>\n<p>Ponto de Mem\u00f3ria da Estrutural e Universidade de Bras\u00edlia (UNB)<\/p>\n<p>Asociaci\u00f3n Cultural Kukama Yrapakatun<\/p>\n<p>Universidade do Estado do Amazonas\/ Secretaria de Estado de cultura<\/p>\n<p>Museu da Imagem e do Som \u00ad Campinas SP<\/p>\n<p>Universidade de Bras\u00edlia<\/p>\n<p>Universidade de Bras\u00edlia e Ponto de Mem\u00f3ria da Estrutural<\/p>\n<p>Programa\u00e7\u00e3o: <\/p>\n<p><img data-recalc-dims=\"1\" loading=\"lazy\" decoding=\"async\" data-attachment-id=\"2829\" data-permalink=\"http:\/\/blogdalucianaoliveira.com.br\/blog\/2016\/08\/02\/evento-internacional-movimenta-distrito-de-nazare-que-tera-o-primeiro-museu-ribeirinho-do-estado\/image-649\/\" data-orig-file=\"https:\/\/i0.wp.com\/blogdalucianaoliveira.com.br\/blog\/wp-content\/uploads\/2016\/08\/image-20.jpeg?fit=748%2C403\" data-orig-size=\"748,403\" data-comments-opened=\"0\" data-image-meta=\"{&quot;aperture&quot;:&quot;0&quot;,&quot;credit&quot;:&quot;&quot;,&quot;camera&quot;:&quot;&quot;,&quot;caption&quot;:&quot;&quot;,&quot;created_timestamp&quot;:&quot;0&quot;,&quot;copyright&quot;:&quot;&quot;,&quot;focal_length&quot;:&quot;0&quot;,&quot;iso&quot;:&quot;0&quot;,&quot;shutter_speed&quot;:&quot;0&quot;,&quot;title&quot;:&quot;&quot;,&quot;orientation&quot;:&quot;0&quot;}\" data-image-title=\"image\" data-image-description=\"\" data-image-caption=\"\" data-medium-file=\"https:\/\/i0.wp.com\/blogdalucianaoliveira.com.br\/blog\/wp-content\/uploads\/2016\/08\/image-20.jpeg?fit=300%2C162\" data-large-file=\"https:\/\/i0.wp.com\/blogdalucianaoliveira.com.br\/blog\/wp-content\/uploads\/2016\/08\/image-20.jpeg?fit=600%2C323\" src=\"https:\/\/i0.wp.com\/blogdalucianaoliveira.com.br\/blog\/wp-content\/uploads\/2016\/08\/image-20.jpeg?resize=600%2C323\" alt=\"image\" width=\"600\" height=\"323\" class=\"alignnone size-full wp-image-2829\" srcset=\"https:\/\/i0.wp.com\/blogdalucianaoliveira.com.br\/blog\/wp-content\/uploads\/2016\/08\/image-20.jpeg?w=748 748w, https:\/\/i0.wp.com\/blogdalucianaoliveira.com.br\/blog\/wp-content\/uploads\/2016\/08\/image-20.jpeg?resize=300%2C162 300w, https:\/\/i0.wp.com\/blogdalucianaoliveira.com.br\/blog\/wp-content\/uploads\/2016\/08\/image-20.jpeg?resize=557%2C300 557w\" sizes=\"auto, (max-width: 600px) 100vw, 600px\" \/><\/p>\n<p>Faz parte da programa\u00e7\u00e3o da XVII Confer\u00eancia Internacional do Movimento Internacional por uma Nova Museologia &#8211; MINOM, a realiza\u00e7\u00e3o de oficinas com os moradores e alunos da Escola Estadual Francisco Demorest. Confira abaixo.<\/p>\n<p>Al\u00e9m das oficinas listadas temos a parceria de  Rubens Vaz Cavalcante com a oficina &#8220;Viol\u00e3o de Rua&#8221; e M\u00e1rcia Mura, com a oficina &#8220;Viv\u00eancias Ind\u00edgenas&#8221;<\/p>\n<p><img data-recalc-dims=\"1\" loading=\"lazy\" decoding=\"async\" data-attachment-id=\"2830\" data-permalink=\"http:\/\/blogdalucianaoliveira.com.br\/blog\/2016\/08\/02\/evento-internacional-movimenta-distrito-de-nazare-que-tera-o-primeiro-museu-ribeirinho-do-estado\/image-650\/\" data-orig-file=\"https:\/\/i0.wp.com\/blogdalucianaoliveira.com.br\/blog\/wp-content\/uploads\/2016\/08\/image-21.jpeg?fit=750%2C397\" data-orig-size=\"750,397\" data-comments-opened=\"0\" data-image-meta=\"{&quot;aperture&quot;:&quot;0&quot;,&quot;credit&quot;:&quot;&quot;,&quot;camera&quot;:&quot;&quot;,&quot;caption&quot;:&quot;&quot;,&quot;created_timestamp&quot;:&quot;0&quot;,&quot;copyright&quot;:&quot;&quot;,&quot;focal_length&quot;:&quot;0&quot;,&quot;iso&quot;:&quot;0&quot;,&quot;shutter_speed&quot;:&quot;0&quot;,&quot;title&quot;:&quot;&quot;,&quot;orientation&quot;:&quot;0&quot;}\" data-image-title=\"image\" data-image-description=\"\" data-image-caption=\"\" data-medium-file=\"https:\/\/i0.wp.com\/blogdalucianaoliveira.com.br\/blog\/wp-content\/uploads\/2016\/08\/image-21.jpeg?fit=300%2C159\" data-large-file=\"https:\/\/i0.wp.com\/blogdalucianaoliveira.com.br\/blog\/wp-content\/uploads\/2016\/08\/image-21.jpeg?fit=600%2C318\" src=\"https:\/\/i0.wp.com\/blogdalucianaoliveira.com.br\/blog\/wp-content\/uploads\/2016\/08\/image-21.jpeg?resize=600%2C318\" alt=\"image\" width=\"600\" height=\"318\" class=\"alignnone size-full wp-image-2830\" srcset=\"https:\/\/i0.wp.com\/blogdalucianaoliveira.com.br\/blog\/wp-content\/uploads\/2016\/08\/image-21.jpeg?w=750 750w, https:\/\/i0.wp.com\/blogdalucianaoliveira.com.br\/blog\/wp-content\/uploads\/2016\/08\/image-21.jpeg?resize=300%2C159 300w, https:\/\/i0.wp.com\/blogdalucianaoliveira.com.br\/blog\/wp-content\/uploads\/2016\/08\/image-21.jpeg?resize=567%2C300 567w\" sizes=\"auto, (max-width: 600px) 100vw, 600px\" \/><\/p>\n","protected":false},"excerpt":{"rendered":"<p>Os representantes de v\u00e1rias institui\u00e7\u00f5es do Brasil e de outros pa\u00edses, partem nesta quarta-feira para o distrito de Nazar\u00e9, onde acontece no per\u00edodo de 3 a 7 de agosto, a XVII Confer\u00eancia do Comit\u00ea Internacional para uma Nova Museologia\/MINOM.<\/p>\n","protected":false},"author":1,"featured_media":0,"comment_status":"closed","ping_status":"open","sticky":false,"template":"","format":"standard","meta":{"_exactmetrics_skip_tracking":false,"_exactmetrics_sitenote_active":false,"_exactmetrics_sitenote_note":"","_exactmetrics_sitenote_category":0,"jetpack_post_was_ever_published":false,"_jetpack_newsletter_access":"","_jetpack_dont_email_post_to_subs":false,"_jetpack_newsletter_tier_id":0,"_jetpack_memberships_contains_paywalled_content":false,"_jetpack_memberships_contains_paid_content":false,"footnotes":"","jetpack_publicize_message":"","jetpack_publicize_feature_enabled":true,"jetpack_social_post_already_shared":true,"jetpack_social_options":{"image_generator_settings":{"template":"highway","enabled":false},"version":2}},"categories":[1],"tags":[],"class_list":["post-2821","post","type-post","status-publish","format-standard","hentry","category-notas"],"jetpack_publicize_connections":[],"jetpack_sharing_enabled":true,"jetpack_featured_media_url":"","jetpack_shortlink":"https:\/\/wp.me\/p7wKYW-Jv","jetpack-related-posts":[],"_links":{"self":[{"href":"http:\/\/blogdalucianaoliveira.com.br\/blog\/wp-json\/wp\/v2\/posts\/2821","targetHints":{"allow":["GET"]}}],"collection":[{"href":"http:\/\/blogdalucianaoliveira.com.br\/blog\/wp-json\/wp\/v2\/posts"}],"about":[{"href":"http:\/\/blogdalucianaoliveira.com.br\/blog\/wp-json\/wp\/v2\/types\/post"}],"author":[{"embeddable":true,"href":"http:\/\/blogdalucianaoliveira.com.br\/blog\/wp-json\/wp\/v2\/users\/1"}],"replies":[{"embeddable":true,"href":"http:\/\/blogdalucianaoliveira.com.br\/blog\/wp-json\/wp\/v2\/comments?post=2821"}],"version-history":[{"count":3,"href":"http:\/\/blogdalucianaoliveira.com.br\/blog\/wp-json\/wp\/v2\/posts\/2821\/revisions"}],"predecessor-version":[{"id":2833,"href":"http:\/\/blogdalucianaoliveira.com.br\/blog\/wp-json\/wp\/v2\/posts\/2821\/revisions\/2833"}],"wp:attachment":[{"href":"http:\/\/blogdalucianaoliveira.com.br\/blog\/wp-json\/wp\/v2\/media?parent=2821"}],"wp:term":[{"taxonomy":"category","embeddable":true,"href":"http:\/\/blogdalucianaoliveira.com.br\/blog\/wp-json\/wp\/v2\/categories?post=2821"},{"taxonomy":"post_tag","embeddable":true,"href":"http:\/\/blogdalucianaoliveira.com.br\/blog\/wp-json\/wp\/v2\/tags?post=2821"}],"curies":[{"name":"wp","href":"https:\/\/api.w.org\/{rel}","templated":true}]}}