{"id":28231,"date":"2020-05-19T11:23:19","date_gmt":"2020-05-19T15:23:19","guid":{"rendered":"http:\/\/blogdalucianaoliveira.com.br\/blog\/?p=28231"},"modified":"2020-05-19T11:23:27","modified_gmt":"2020-05-19T15:23:27","slug":"povos-indigenas-de-rondonia-noticias-sobre-covid-19-nas-aldeias","status":"publish","type":"post","link":"http:\/\/blogdalucianaoliveira.com.br\/blog\/2020\/05\/19\/povos-indigenas-de-rondonia-noticias-sobre-covid-19-nas-aldeias\/","title":{"rendered":"POVOS IND\u00cdGENAS DE ROND\u00d4NIA: Not\u00edcias Sobre COVID-19 nas Aldeias"},"content":{"rendered":"\n<figure class=\"wp-block-image size-large\"><img loading=\"lazy\" decoding=\"async\" width=\"2048\" height=\"1536\" data-attachment-id=\"28232\" data-permalink=\"http:\/\/blogdalucianaoliveira.com.br\/blog\/2020\/05\/19\/povos-indigenas-de-rondonia-noticias-sobre-covid-19-nas-aldeias\/d7eacd55-bba8-4d4d-8c16-9f9cf88c26f2\/\" data-orig-file=\"https:\/\/i0.wp.com\/blogdalucianaoliveira.com.br\/blog\/wp-content\/uploads\/2020\/05\/D7EACD55-BBA8-4D4D-8C16-9F9CF88C26F2.jpeg?fit=2048%2C1536\" data-orig-size=\"2048,1536\" data-comments-opened=\"0\" data-image-meta=\"{&quot;aperture&quot;:&quot;0&quot;,&quot;credit&quot;:&quot;&quot;,&quot;camera&quot;:&quot;&quot;,&quot;caption&quot;:&quot;&quot;,&quot;created_timestamp&quot;:&quot;0&quot;,&quot;copyright&quot;:&quot;&quot;,&quot;focal_length&quot;:&quot;0&quot;,&quot;iso&quot;:&quot;0&quot;,&quot;shutter_speed&quot;:&quot;0&quot;,&quot;title&quot;:&quot;&quot;,&quot;orientation&quot;:&quot;1&quot;}\" data-image-title=\"D7EACD55-BBA8-4D4D-8C16-9F9CF88C26F2\" data-image-description=\"\" data-image-caption=\"\" data-medium-file=\"https:\/\/i0.wp.com\/blogdalucianaoliveira.com.br\/blog\/wp-content\/uploads\/2020\/05\/D7EACD55-BBA8-4D4D-8C16-9F9CF88C26F2.jpeg?fit=300%2C225\" data-large-file=\"https:\/\/i0.wp.com\/blogdalucianaoliveira.com.br\/blog\/wp-content\/uploads\/2020\/05\/D7EACD55-BBA8-4D4D-8C16-9F9CF88C26F2.jpeg?fit=600%2C450\" src=\"https:\/\/i0.wp.com\/blogdalucianaoliveira.com.br\/blog\/wp-content\/uploads\/2020\/05\/D7EACD55-BBA8-4D4D-8C16-9F9CF88C26F2.jpeg?fit=600%2C450\" alt=\"\" class=\"wp-image-28232\" srcset=\"https:\/\/i0.wp.com\/blogdalucianaoliveira.com.br\/blog\/wp-content\/uploads\/2020\/05\/D7EACD55-BBA8-4D4D-8C16-9F9CF88C26F2.jpeg?w=2048 2048w, https:\/\/i0.wp.com\/blogdalucianaoliveira.com.br\/blog\/wp-content\/uploads\/2020\/05\/D7EACD55-BBA8-4D4D-8C16-9F9CF88C26F2.jpeg?resize=300%2C225 300w, https:\/\/i0.wp.com\/blogdalucianaoliveira.com.br\/blog\/wp-content\/uploads\/2020\/05\/D7EACD55-BBA8-4D4D-8C16-9F9CF88C26F2.jpeg?resize=1024%2C768 1024w, https:\/\/i0.wp.com\/blogdalucianaoliveira.com.br\/blog\/wp-content\/uploads\/2020\/05\/D7EACD55-BBA8-4D4D-8C16-9F9CF88C26F2.jpeg?resize=768%2C576 768w, https:\/\/i0.wp.com\/blogdalucianaoliveira.com.br\/blog\/wp-content\/uploads\/2020\/05\/D7EACD55-BBA8-4D4D-8C16-9F9CF88C26F2.jpeg?resize=1536%2C1152 1536w, https:\/\/i0.wp.com\/blogdalucianaoliveira.com.br\/blog\/wp-content\/uploads\/2020\/05\/D7EACD55-BBA8-4D4D-8C16-9F9CF88C26F2.jpeg?resize=400%2C300 400w, https:\/\/i0.wp.com\/blogdalucianaoliveira.com.br\/blog\/wp-content\/uploads\/2020\/05\/D7EACD55-BBA8-4D4D-8C16-9F9CF88C26F2.jpeg?w=1200 1200w, https:\/\/i0.wp.com\/blogdalucianaoliveira.com.br\/blog\/wp-content\/uploads\/2020\/05\/D7EACD55-BBA8-4D4D-8C16-9F9CF88C26F2.jpeg?w=1800 1800w\" sizes=\"auto, (max-width: 600px) 100vw, 600px\" \/><\/figure>\n\n\n\n<blockquote class=\"wp-block-quote is-layout-flow wp-block-quote-is-layout-flow\"><p>T\u00e1 dando febre alta e dores no corpo\u2019<\/p><\/blockquote>\n\n\n\n<!--more-->\n\n\n\n<p><br>Por Felipe Vander Velden &amp; \u00cdris Morais Ara\u00fajo\u200b\u200b\u200b\u200b\u200b\u200b\u200b<\/p>\n\n\n\n<p>J\u00e1 \u00e9 dram\u00e1tica a situa\u00e7\u00e3o dos Karitiana diante da pandemia de COVID-19.<br>Mais uma vez, os povos ind\u00edgenas no Brasil s\u00e3o v\u00edtimas das doen\u00e7as trazidas de fora, das doen\u00e7as dos n\u00e3o \u00edndios. Depois da var\u00edola, do sarampo, da gripe e da tuberculose, entre muitas outras enfermidades, matarem milh\u00f5es ao longo da triste hist\u00f3ria desse pa\u00eds, a COVID-19 agora cobra sua parte. J\u00e1 \u00e9 dram\u00e1tica a situa\u00e7\u00e3o do povo Karitiana, que se localiza em seis aldeias nos munic\u00edpios de Porto Velho e Candeias do Jamari, norte de Rond\u00f4nia. <br><\/p>\n\n\n\n<p>As not\u00edcias que chegam \u00e9 que, a despeito da mobiliza\u00e7\u00e3o dos pr\u00f3prios Karitiana na divulga\u00e7\u00e3o de informa\u00e7\u00f5es e na realiza\u00e7\u00e3o de a\u00e7\u00f5es de autocuidado para evitar a dissemina\u00e7\u00e3o ampliada da doen\u00e7a, o v\u00edrus j\u00e1 se espalhou por cinco das aldeias, onde h\u00e1 muita gente com sintomas. Os relatos que nos chegam d\u00e3o conta de que, em algumas das aldeias, todos os habitantes est\u00e3o doentes, e fam\u00edlias inteiras est\u00e3o em estado cr\u00edtico, com febre alta e dores no corpo. <\/p>\n\n\n\n<p>A condi\u00e7\u00e3o dos que vivem nas \u00e1reas urbanas n\u00e3o \u00e9 melhor.\u00a0Uma importante lideran\u00e7a, com problemas respirat\u00f3rios, est\u00e1 internada em uma unidade de pronto atendimento em Porto Velho.O cen\u00e1rio, desesperador, leva os Karitiana a usarem de seus rem\u00e9dios tradicionais (folhas e cascas de \u00e1rvores) para tentar combater a epidemia, mas sabemos que o suporte p\u00fablico \u00e0 sa\u00fade e \u00e0s condi\u00e7\u00f5es materiais de exist\u00eancia s\u00e3o fundamentais para complementar os tratamentos locais e garantir a sa\u00fade e as vidas de mulheres, homens e crian\u00e7as. <\/p>\n\n\n\n<p>Existe o risco iminente de muitas mortes, especialmente dos mais velhos, que s\u00e3o cruciais na vitalidade e na continuidade da cultura e do modo de vida Karitiana. Se as pessoas, nas cidades, lamentam os impactos da perda de seus idosos e idosas, imaginem o que isso significa para um povo que\u00a0viveu uma hist\u00f3ria recente de agudo decl\u00ednio populacional e\u00a0cuja popula\u00e7\u00e3o inteira \u00e9 de apenas mais ou menos 400 indiv\u00edduos. O impacto ser\u00e1 brutal. N\u00e3o podemos esperar para ver uma hist\u00f3ria tr\u00e1gica se repetir em pleno s\u00e9culo XXI.Neste panorama desolador,\u00a0a pr\u00f3pria comunidade busca se fortalecer. <\/p>\n\n\n\n<p>Os Karitiana\u00a0se organizam, da melhor forma que podem, para garantir cestas b\u00e1sicas e\u00a0a produ\u00e7\u00e3o de\u00a0m\u00e1scaras,\u00a0de modo a\u00a0tentar minimizar os danos sanit\u00e1rios e socioecon\u00f4micos que seguramente ser\u00e3o causados pela pandemia.\u00a0Por favor, considere ajudar o grupo, fazendo doa\u00e7\u00f5es para a confec\u00e7\u00e3o de m\u00e1scaras e compra de cestas b\u00e1sicas e outros itens necess\u00e1rios para as fam\u00edlias que, nas aldeias, encontram-se mais distantes dos canais de aux\u00edlio e das redes urbanas de atendimento \u00e0 sa\u00fade.<\/p>\n","protected":false},"excerpt":{"rendered":"<p>T\u00e1 dando febre alta e dores no corpo\u2019<\/p>\n","protected":false},"author":1,"featured_media":0,"comment_status":"closed","ping_status":"open","sticky":false,"template":"","format":"standard","meta":{"_exactmetrics_skip_tracking":false,"_exactmetrics_sitenote_active":false,"_exactmetrics_sitenote_note":"","_exactmetrics_sitenote_category":0,"jetpack_post_was_ever_published":false,"_jetpack_newsletter_access":"","_jetpack_dont_email_post_to_subs":false,"_jetpack_newsletter_tier_id":0,"_jetpack_memberships_contains_paywalled_content":false,"_jetpack_memberships_contains_paid_content":false,"footnotes":"","jetpack_publicize_message":"","jetpack_publicize_feature_enabled":true,"jetpack_social_post_already_shared":true,"jetpack_social_options":{"image_generator_settings":{"template":"highway","enabled":false},"version":2}},"categories":[1],"tags":[],"class_list":["post-28231","post","type-post","status-publish","format-standard","hentry","category-notas"],"jetpack_publicize_connections":[],"jetpack_sharing_enabled":true,"jetpack_featured_media_url":"","jetpack_shortlink":"https:\/\/wp.me\/p7wKYW-7ll","jetpack-related-posts":[],"_links":{"self":[{"href":"http:\/\/blogdalucianaoliveira.com.br\/blog\/wp-json\/wp\/v2\/posts\/28231","targetHints":{"allow":["GET"]}}],"collection":[{"href":"http:\/\/blogdalucianaoliveira.com.br\/blog\/wp-json\/wp\/v2\/posts"}],"about":[{"href":"http:\/\/blogdalucianaoliveira.com.br\/blog\/wp-json\/wp\/v2\/types\/post"}],"author":[{"embeddable":true,"href":"http:\/\/blogdalucianaoliveira.com.br\/blog\/wp-json\/wp\/v2\/users\/1"}],"replies":[{"embeddable":true,"href":"http:\/\/blogdalucianaoliveira.com.br\/blog\/wp-json\/wp\/v2\/comments?post=28231"}],"version-history":[{"count":1,"href":"http:\/\/blogdalucianaoliveira.com.br\/blog\/wp-json\/wp\/v2\/posts\/28231\/revisions"}],"predecessor-version":[{"id":28233,"href":"http:\/\/blogdalucianaoliveira.com.br\/blog\/wp-json\/wp\/v2\/posts\/28231\/revisions\/28233"}],"wp:attachment":[{"href":"http:\/\/blogdalucianaoliveira.com.br\/blog\/wp-json\/wp\/v2\/media?parent=28231"}],"wp:term":[{"taxonomy":"category","embeddable":true,"href":"http:\/\/blogdalucianaoliveira.com.br\/blog\/wp-json\/wp\/v2\/categories?post=28231"},{"taxonomy":"post_tag","embeddable":true,"href":"http:\/\/blogdalucianaoliveira.com.br\/blog\/wp-json\/wp\/v2\/tags?post=28231"}],"curies":[{"name":"wp","href":"https:\/\/api.w.org\/{rel}","templated":true}]}}