{"id":28238,"date":"2020-05-19T20:24:08","date_gmt":"2020-05-20T00:24:08","guid":{"rendered":"http:\/\/blogdalucianaoliveira.com.br\/blog\/?p=28238"},"modified":"2020-05-19T20:24:12","modified_gmt":"2020-05-20T00:24:12","slug":"covid-19-na-terra-indigena-yanomami","status":"publish","type":"post","link":"http:\/\/blogdalucianaoliveira.com.br\/blog\/2020\/05\/19\/covid-19-na-terra-indigena-yanomami\/","title":{"rendered":"COVID-19 NA TERRA IND\u00cdGENA YANOMAMI"},"content":{"rendered":"\n<figure class=\"wp-block-image\"><img decoding=\"async\" src=\"https:\/\/scontent-gru1-1.xx.fbcdn.net\/v\/t1.0-9\/94380115_10163310105710304_5681205090711502848_n.jpg?_nc_cat=104&amp;_nc_sid=8024bb&amp;_nc_eui2=AeFEgmkq6_Z2-tYyWkA6n3RWXgQYS8lFXWpeBBhLyUVdauiNoVmwbLn9ao3fa3jk1aCvoGRyi17bah-gKxGQEL2V&amp;_nc_ohc=98UpDqZ3g5YAX8rAgN7&amp;_nc_ht=scontent-gru1-1.xx&amp;oh=b63fb91d697c9fa1aa822323e2cec133&amp;oe=5EE92014\" alt=\"A imagem pode conter: planta, \u00e1rvore, c\u00e9u, grama, atividades ao ar livre e natureza\"\/><\/figure>\n\n\n\n<p><strong>Por  Rede de Pesquisadores e Apoiadores dos Povos Yanomami e Ye&#8217;kwana &#8211; <\/strong>Diante do avan\u00e7o da COVID-19 na Terra Ind\u00edgena Yanomami (TIY) e do risco de genoc\u00eddio decorrente da pandemia, criamos a Rede de Pesquisadores e Apoiadores dos Povos Yanomami e Ye&#8217;kwana. A Rede \u00e9 formada por pessoas de diversas \u00e1reas do conhecimento &#8211; antrop\u00f3logos, linguistas, advogados e profissionais da sa\u00fade &#8211; que mant\u00e9m comunica\u00e7\u00e3o direta com as associa\u00e7\u00f5es yanomami e ye&#8217;kwana. <\/p>\n\n\n\n<!--more-->\n\n\n\n<p>Na semana passada, escrevemos a &#8220;Nota T\u00e9cnica para Contribuir ao Combate da COVID-19 na Terra Ind\u00edgena Yanomami&#8221; com o objetivo de fornecer um panorama atual da dissemina\u00e7\u00e3o do v\u00edrus nesta Terra Ind\u00edgena (TI) e propor recomenda\u00e7\u00f5es para a prote\u00e7\u00e3o dos povos Yanomami e Ye&#8217;kwana. <\/p>\n\n\n\n<p>A TIY \u00e9 habitada por estes povos e abrange uma \u00e1rea de cerca de 9,6 milh\u00f5es de hectares na fronteira entre o Brasil e a Venezuela nos estados do Amazonas e de Roraima. A popula\u00e7\u00e3o, que soma mais de 26 mil pessoas distribu\u00eddas em mais de 300 aldeias, \u00e9 extremamente vulner\u00e1vel \u00e0s epidemias relacionadas ao contato com os n\u00e3o-ind\u00edgenas e, particularmente, \u00e0 pandemia do novo coronav\u00edrus. <\/p>\n\n\n\n<p>A TIY abriga ainda grupos yanomami em isolamento volunt\u00e1rio, ainda mais sens\u00edveis do ponto de vista epidemiol\u00f3gico. De acordo com a nota elaborada por pesquisadores do ISA\/CSR-UFMG, a TIY \u00e9 a segunda TI mais vulner\u00e1vel do pa\u00eds. Al\u00e9m disso, segundo estudo recente, o Distrito Sanit\u00e1rio Especial Ind\u00edgena Yanomami (DSEI-Y) \u00e9 o segundo mais vulner\u00e1vel demogr\u00e1fica e estruturalmente entre os 34 DSEIs existentes no pa\u00eds. Portanto, a maior TI do Brasil est\u00e1 na imin\u00eancia de uma crise epidemiol\u00f3gica com a chegada da COVID-19 nos estados do Amazonas e de Roraima e com os primeiros casos confirmados entre os ind\u00edgenas e funcion\u00e1rios n\u00e3o-ind\u00edgenas do DSEI-Y. <\/p>\n\n\n\n<p>Atualmente, a TIY est\u00e1 invadida por mais de 20 mil garimpeiros ilegais, que s\u00e3o um dos principais vetores do v\u00edrus nesta terra. Os pr\u00f3prios funcion\u00e1rios do DSEI-Y que atuam nas aldeias podem  tamb\u00e9m representar focos de dissemina\u00e7\u00e3o da COVID-19, uma vez que s\u00e3o bastante vulner\u00e1veis ao cont\u00e1gio. A primeira morte por COVID-19 registrada entre os Yanomami aconteceu no dia 9 de abril em Boa Vista (RR). O jovem de 15 anos da comunidade Helepe passou 21 dias com sintomas do novo coronav\u00edrus e, sem receber o teste adequado para COVID-19, n\u00e3o resistiu. Foi enterrado como indigente no cemit\u00e9rio de Boa Vista sem o consentimento de sua fam\u00edlia, desrespeitando os rituais funer\u00e1rios tradicionais yanomami.<\/p>\n\n\n\n<p> Fora isso, h\u00e1 diferen\u00e7as entre os dados de ind\u00edgenas com COVID-19 ou com suspeita da doen\u00e7a apresentados pela Secretaria Especial de Sa\u00fade Ind\u00edgena (SESAI) se comparados com as informa\u00e7\u00f5es compiladas pela Articula\u00e7\u00e3o dos Povos Ind\u00edgenas do Brasil (APIB) e Coordena\u00e7\u00e3o das Organiza\u00e7\u00f5es Ind\u00edgenas da Amaz\u00f4nia Brasileira (COIAB). No dia 15 de maio, a SESAI apresentou 340 casos confirmados e 21 \u00f3bitos, enquanto a APIB, 446 ind\u00edgenas contaminados com coronav\u00edrus e 92 ind\u00edgenas falecidos , o que sugere subnotifica\u00e7\u00e3o de casos por parte da SESAI. <\/p>\n\n\n\n<p>Prevendo o descontrole da situa\u00e7\u00e3o sanit\u00e1ria na TIY, alguns grupos se afastaram dos postos de sa\u00fade e mesmo de suas aldeias para se protegerem. Os Yanomami possuem estrat\u00e9gias pr\u00f3prias para lidar com situa\u00e7\u00f5es de calamidade, como \u00e9 o caso do wayum\u0268, quando o grupo abandona sua aldeia e suas ro\u00e7as para morar em acampamentos tempor\u00e1rios na floresta, vivendo de ca\u00e7a e coleta. <\/p>\n\n\n\n<p>Dessa forma, evitam o contato com os Yanomami de outras comunidades &#8211; interrompendo o fluxo de visitas pr\u00f3prio do reahu &#8211; e com os servidores do sistema de sa\u00fade ind\u00edgena. Entretanto, nessa tentativa de se protegerem da pandemia do novo coronav\u00edrus, os Yanomami podem ficar mais vulner\u00e1veis a outras doen\u00e7as, como a mal\u00e1ria, e morrer por falta de assist\u00eancia \u00e0 sa\u00fade. Por exemplo, um grupo de aproximadamente 150 pessoas da comunidade Pukima Beira, situada em uma regi\u00e3o end\u00eamica de mal\u00e1ria no alto rio Maraui\u00e1, saiu de wayum\u0268 em abril com apenas 25 testes r\u00e1pidos da doen\u00e7a com previs\u00e3o de retorno para a aldeia em agosto, sendo que algumas destas pessoas apresentam suspeita de hansen\u00edase, oncocercose e tuberculose. <\/p>\n\n\n\n<p>Ainda que o DSEI-Y deva atender \u00e0s especificidades dos povos Yanomami e Ye&#8217;kwana, n\u00e3o \u00e9 de hoje que o acesso \u00e0 sa\u00fade \u00e9 prec\u00e1rio e j\u00e1 foi denunciado pela lideran\u00e7a ind\u00edgena Davi Kopenawa Yanomami, presidente da Associa\u00e7\u00e3o Hutukara  Yanomami (HAY), no Conselho de Direitos Humanos das Na\u00e7\u00f5es Unidas (ONU). Al\u00e9m disso, os \u00edndices de mortalidade infantil, elevados entre os Yanomami e Ye&#8217;kwana, aumentaram com o fim do Programa Mais M\u00e9dicos pelo governo Bolsonaro no in\u00edcio de 2019. <\/p>\n\n\n\n<p>A precariedade do acesso \u00e0 sa\u00fade por parte dos Yanomami e Ye&#8217;kwana \u00e9 agravada pela constante invas\u00e3o de garimpeiros ilegais h\u00e1 mais de tr\u00eas d\u00e9cadas na TIY. O garimpo est\u00e1 relacionado a crimes ambientais, contra a vida e contra os direitos ind\u00edgenas, ignorando direitos fundamentais previstos na Constitui\u00e7\u00e3o da Rep\u00fablica Federativa do Brasil tais como o direito \u00e0 prote\u00e7\u00e3o das terras ind\u00edgenas demarcadas para os povos ind\u00edgenas e o direito de um meio ambiente equilibrado. No mais, a omiss\u00e3o do governo no combate ao garimpo ilegal na TIY pode se configurar um processo de genoc\u00eddio dos Yanomami e Ye&#8217;kwana por neglig\u00eancia. <\/p>\n\n\n\n<p>A Portaria Conjunta do Minist\u00e9rio da Sa\u00fade e da Funai no 4.094, de 20 de dezembro de 2018, que &#8220;Define princ\u00edpios, diretrizes e estrat\u00e9gias para a aten\u00e7\u00e3o a sa\u00fade dos Povos Ind\u00edgenas Isolados e de Recente Contato&#8221; defende a elabora\u00e7\u00e3o do Plano de Conting\u00eancia para Surtos e Epidemias. Contudo, o Plano de Conting\u00eancia de Preven\u00e7\u00e3o e Controle para o Novo Coronav\u00edrus (COVID-19) do DSEI-Y \u00e9 deficiente \u00e0 medida que desconsidera as realidades socioculturais dos Yanomami e Ye&#8217;kwana e a parcela da popula\u00e7\u00e3o que vive em isolamento volunt\u00e1rio na TIY. Segundo o pr\u00f3prio MPF, o Plano de Conting\u00eancia do DSEI-Y n\u00e3o apresenta nenhuma medida que garanta o isolamento dos casos suspeitos e ignora os milhares de garimpeiros ilegais, que s\u00e3o um dos principais vetores de propaga\u00e7\u00e3o de doen\u00e7as na TI, desqualificando qualquer medida sanit\u00e1ria adotada. <\/p>\n\n\n\n<p>Al\u00e9m do Plano de Conting\u00eancia deficiente, h\u00e1 relatos de descumprimento do per\u00edodo m\u00ednimo de quarentena e ingresso de profissionais assintom\u00e1ticos na TIY, ignorando o risco de falsos negativos nos testes r\u00e1pidos da COVID-19. <\/p>\n\n\n\n<p>Diante desses fatos, exigimos: respeito ao Plano de Gest\u00e3o Territorial e Ambiental (PGTA) da TIY, tendo em vista as diretrizes para a sa\u00fade ind\u00edgena; retirada imediata de todos os invasores da TIY; adequa\u00e7\u00e3o do Plano de Conting\u00eancia a realidade dos Yanomami e Ye&#8217;kwana; garantia de que todos os profissionais das Equipes Multidisciplinares de Sa\u00fade Ind\u00edgena (EMSI) realizem o teste PCR para COVID-19 antes de ingressar na TIY; escala das EMSI com a menor rotatividade poss\u00edvel; estabelecimento de quarentena de todos os  profissionais das EMSI; garantia de Equipamentos de Prote\u00e7\u00e3o Individual (EPI) em quantidade suficiente para os funcion\u00e1rios das EMSI e da Casa de Sa\u00fade Ind\u00edgena (CASAI); contrata\u00e7\u00e3o emergencial de profissionais de maneira suficiente; garantia de isolamento de casos suspeitos de funcion\u00e1rios e ind\u00edgenas que apresentem sintomas nas comunidades em conjunto com realiza\u00e7\u00e3o de testes PCR; desenho de um protocolo de detec\u00e7\u00e3o precoce nos focos reportados e suspeitos, com testes validados que possam ser realizados nas comunidades ind\u00edgenas, com garantia de coleta e realiza\u00e7\u00e3o dos exames dentro das normas de biosseguran\u00e7a; realiza\u00e7\u00e3o de um per\u00edodo de no m\u00ednimo 7 dias de quarentena para os ind\u00edgenas assintom\u00e1ticos que retornam da cidade para a comunidade; realiza\u00e7\u00e3o de testes r\u00e1pidos nos p\u00f3losbases que se apresentam como poss\u00edveis focos de dissemina\u00e7\u00e3o para identifica\u00e7\u00e3o de novos casos, especialmente, em pacientes que possuem comorbidades; abastecimento de medicamentos e equipamentos b\u00e1sicos nos postos bases e na sede do DSEI-Y; aten\u00e7\u00e3o redobrada com medidas de biosseguran\u00e7a para preven\u00e7\u00e3o e controle de infec\u00e7\u00e3o, em especial, com a esteriliza\u00e7\u00e3o de todo o material utilizado e com o descarte do lixo hospitalar; respeito \u00e0s decis\u00f5es dos profissionais ind\u00edgenas, os quais s\u00e3o funcion\u00e1rios da SESAI, Secretaria de Educa\u00e7\u00e3o ou do Ex\u00e9rcito, caso decidam se isolar junto com suas comunidades, sem penalidades; publicidade dos protocolos dos Pelot\u00f5es Especiais de Fronteira (PEFs) do Ex\u00e9rcito sobre as a\u00e7\u00f5es de combate ao cont\u00e1gio da COVID-19 e relacionamento com os ind\u00edgenas que vivem nas regi\u00f5es dos PEFs de Surucucu, Auaris e Maturac\u00e1; cria\u00e7\u00e3o de estrat\u00e9gias efetivas para garantir controle das principais doen\u00e7as infecto parasit\u00e1rias (mal\u00e1ria\/controle de vetores, tuberculose, infec\u00e7\u00f5es respirat\u00f3rias, oncocercose, hansen\u00edase, verminoses etc), de sa\u00fade bucal, das imuniza\u00e7\u00f5es, levantamento de informa\u00e7\u00f5es demogr\u00e1ficas, de morbidade, entre os grupos que decidiram fazer wayum\u0268; garantia de saneamento e protocolos de seguran\u00e7a de todas as aeronaves que circulam na TIY; articula\u00e7\u00e3o entre funcion\u00e1rios do Subsistema de Aten\u00e7\u00e3o \u00e0 Sa\u00fade Ind\u00edgena (SASI) e o Sistema \u00danico de Sa\u00fade (SUS) de maneira eficiente para que o fluxo dos Yanomami e Ye&#8217;kwana infectados com COVID-19 permita o seu atendimento na m\u00e9dia e alta complexidade nos centros urbanos; estabelecimento de hospitais de campanha e\/ou unidades de refer\u00eancia intermedi\u00e1rias equipadas com medicamentos e suprimento de oxig\u00eanio em locais estrat\u00e9gicos dentro e fora da TIY; estabelecimento de local adequado para o isolamento de pacientes Yanomami e Ye\u2019kwana com a COVID-19, evitando  assim a dissemina\u00e7\u00e3o do v\u00edrus entre ind\u00edgenas acometidos por outras doen\u00e7as nas CASAIs e hospitais; garantia do acionamento da Sala de Situa\u00e7\u00e3o Local, de acordo com a Portaria no 4.094 MS\/FUNAI com o objetivo de tomar decis\u00f5es r\u00e1pidas com a participa\u00e7\u00e3o de especialistas15; garantia da contrata\u00e7\u00e3o de antrop\u00f3logos no DSEI-Y; qualifica\u00e7\u00e3o de informa\u00e7\u00f5es sobre a COVID-19 via radiofonia ou outros meios, em articula\u00e7\u00e3o com as associa\u00e7\u00f5es e comunidades ind\u00edgenas. <\/p>\n\n\n\n<p>Rede de Pesquisadores e Apoiadores dos Povos Yanomami e Ye&#8217;kwana Alcida Rita Ramos, Alejandro Reig, Ana L\u00facia de Moura Pontes, Ana Maria Machado, Andrey Moreira Cardoso, Anne Ballester Soares, Brisa Cat\u00e3o Totti, Bruce Albert, Carlo Zacquini, Claudia Andujar, Daniel Jabra, Elaine Moreira, Eliana Diehl, Estev\u00e3o Senra, Esther Jean Langdon, Felipe Guimar\u00e3es Tavares, Fl\u00e1via Bessa Maia, Fl\u00e1vio Bocarde, Gerson Luiz Marinho, Gustavo Menezes, Helder Perri Ferreira, Isabella Coutinho, Ivonne Menegolla, Johanna Gon\u00e7alves Mart\u00edn, Jos\u00e9 Antonio Kelly Luciani, Karenina Andrade, Karis Maria de Pinho Rodrigues, Leon Terci Goulart, Luciana Uehara, Luiz Davi Vieira, Majo\u00ed Favero Gongora, Marcelo Moura, M\u00e1rcio Patzinger Volk, Maria Rita Kehl, Maria Teresa Quispe, Marina A. R. de Mattos Vieira, Maryelle Morais, Maurice Tomioka Nilsson, Maur\u00edcio Soares Leite, Nayara Begalli Scalco Vieira, Noemia Kazue Ishikawa, Paulo Basta, Pedro Portella, Rafael Ramalhoso, Ricardo Verdum, Rog\u00e9rio Duarte do Pateo, Silvia Guimar\u00e3es, Stella Lobo, Tamara Miranda, Thamirez Lutaif, Thiago Magri Benucci, Thiago Chacon, Valeria Vega, Vicente Albernaz Coelho, Victor Py-Daniel, Viviane Kruel.  <\/p>\n\n\n\n<p>_______________<\/p>\n\n\n\n<p> 1 De acordo com a base de dados georreferenciados da Funai, h\u00e1 informa\u00e7\u00f5es sobre oito grupos isolados. Seis ocorr\u00eancias est\u00e3o em fase de qualifica\u00e7\u00e3o pelo \u00f3rg\u00e3o indigenista, uma est\u00e1 sendo localizada geograficamente e a outra j\u00e1 foi confirmada. Trata-se dos &#8220;isolados da Serra da Estrutura&#8221; ou Moxihat\u00ebt\u00ebma, situados no interfl\u00favio dos rios Catrimani e Mucaja\u00ed, regi\u00e3o cercada pelo garimpo ilegal. Informa\u00e7\u00f5es retiradas de: Ricardo, F; Gongora, M. F. (orgs.). Cercos e Resist\u00eancias: povos ind\u00edgenas isolados na Amaz\u00f4nia Brasileira. S\u00e3o Paulo: Instituto Socioambiental, 2019, pp 62-71. 2 CSR-UFMG; ISA. Nota t\u00e9cnica sobre a Modelagem da vulnerabilidade dos povos ind\u00edgenas no Brasil \u00e0 COVID-19. Dispon\u00edvel em: https:\/\/isa.to\/2RNMEJ5. Acesso em: 16 de maio de 2020.  3 Azevedo, M.; Damasco, F.; Antunes, M.; Martins, M. H.; Rebou\u00e7as, M. P.. An\u00e1lise de Vulnerabilidade Demogr\u00e1fica e Infraestrutural das Terras Ind\u00edgenas \u00e0 COVID-19: caderno de insumos. Dispon\u00edvel em: http:\/\/www.nepo.unicamp.br\/publicacoes\/Caderno-Demografia-Indigena-eCOVID19.pdf. Acesso em: 16 de maio de 2020. 4 SESAI. Boletim Epidemiol\u00f3gico da SESAI. Dispon\u00edvel em: http:\/\/www.saudeindigena.net.br\/coronavirus\/mapaEp.php. Acesso em: 16 de maio de 2020. 5 APIB. Atualiza\u00e7\u00e3o de casos ind\u00edgenas. Dispon\u00edvel em: http:\/\/quarentenaindigena.info\/casos-indigenas\/. Acesso em: 16 de maio de 2020. COIAB. Informativo COIAB: Covid-19 e Povos Ind\u00edgenas na Amaz\u00f4nia brasileira, 12 de maio de 2020. Dispon\u00edvel em: https:\/\/coiab.org.br\/conteudo\/1589305472205&#215;204329225459859460. Acesso em: 16 de maio de 2020. 6 Ritual funer\u00e1rio que envolve o luto coletivo, mobilizando intera\u00e7\u00f5es de afinidade entre as aldeias em todo o conjunto multicomunit\u00e1rio dos Yanomami. Sobre esse sistema ritual funer\u00e1rio, ver: ALBERT, Bruce. Temps du sang, temps des cendres: repr\u00e9sentation de la maladie, espace politique et syst\u00e8me rituel chez les Yanomami du sud-est (Amazonie br\u00e9silienne). Universidade de Paris X-Nanterre. Tese (Doutorado em Etnologia), 1985. 7 PR\u00d3 YANOMAMI. O caso DSEI Yanomami: gest\u00e3o e sa\u00fade ind\u00edgena. Dispon\u00edvel em: http:\/\/www.proyanomami.org.br\/pdf\/o_caos_dsei_yanomami_gestao_saude_indigen a.pdf. Acesso em: 16 de maio de 2020.; HUTUKARA. Nota da Hutukara sobre a situa\u00e7\u00e3o do atendimento de sa\u00fade aos Yanomami. Dispon\u00edvel em: http:\/\/www.hutukara.org\/index.php\/noticias\/793-nota-da-hutukara-sobre-a-situacaodo-atendimento-de-saude-aos-yanomami. Acesso em: 16 de maio de 2020. 8 MS\/FUNAI. Portaria Conjunta do Minist\u00e9rio da Sa\u00fade e da Funai no 4.094, de 20 de dezembro de 2018. Dispon\u00edvel em: http:\/\/www.in.gov.br\/materia\/- \/asset_publisher\/Kujrw0TZC2Mb\/content\/id\/57220459. Acesso em: 16 de maio de 2020. 9 MS\/SESAI. Plano de Conting\u00eancia de Preven\u00e7\u00e3o e Controle para o Novo Coronav\u00edrus (COVID-19) do DSEI-Y. Dispon\u00edvel em: https:\/\/drive.google.com\/drive\/folders\/1ti4y0weLDsJYdL-R3r2FuxDf8XWDn2O_ Acesso em: 16 de maio de 2020. 10 MPF. Plano emergencial garimpo Yanomami. Dispon\u00edvel em: http:\/\/www.mpf.mp.br\/rr\/sala-deimprensa\/docs\/ACPPLANOEMERGENCIALGARIMPOYANOMAMI31.pdf. Acesso em: 16 de maio de 2020. 11 RCA. Protocolo de consulta dos povos Yanomami e Ye&#8217;kwana. Dispon\u00edvel em: https:\/\/rca.org.br\/wp-content\/uploads\/2019\/09\/PROTOCOLO-Yanomami-capa-eMIOLO-final-min.pdf. Acesso em: 16 de maio de 2020. 12 Com a intensifica\u00e7\u00e3o de a\u00e7\u00f5es de fiscaliza\u00e7\u00e3o conforme ACP n\u00ba 1001973- 17.2020.4.01.4200, protocolada no dia 28\/04\/2020, MPF. Plano emergencial garimpo Yanomami. Dispon\u00edvel em: http:\/\/www.mpf.mp.br\/rr\/sala-deimprensa\/docs\/ACPPLANOEMERGENCIALGARIMPOYANOMAMI31.pdf. Acesso em: 16 de maio de 2020.  13 Considerando tamb\u00e9m: Portaria Conjunta do Minist\u00e9rio da Sa\u00fade e da Funai n\u00ba. 4.094 de 20 de dezembro de 2018; Recomenda\u00e7\u00e3o n\u00ba 01\/2020\/6\u00aaCCR\/MPF; Recomenda\u00e7\u00e3o n\u00ba 11\/2020-MPF; Resolu\u00e7\u00e3o CNDH N\u00ba 13, de 15 de abril de 2020. 14 Deve-se considerar que os testes r\u00e1pidos s\u00e3o capazes de detectar casos positivos somente a partir do 8\u00ba dia de infec\u00e7\u00e3o\/contamina\u00e7\u00e3o. Para maiores informa\u00e7\u00f5es, ver: MS. Diretrizes para Diagn\u00f3stico e Tratamento da COVID-19 (17 de abril de 2020). Dispon\u00edvel em: https:\/\/portalarquivos.saude.gov.br\/images\/pdf\/2020\/April\/18\/Diretrizes-Covid19.pdf Acesso em: 16 de maio de 2020. 15 MS\/FUNAI. PORTARIA CONJUNTA N\u00ba 4.094, DE 20 DE DEZEMBRO DE 2018. Dispon\u00edvel em: http:\/\/www.in.gov.br\/materia\/- \/asset_publisher\/Kujrw0TZC2Mb\/content\/id\/57220459. Acesso em: 16 de maio de 2020. <\/p>\n","protected":false},"excerpt":{"rendered":"<p>Por Rede de Pesquisadores e Apoiadores dos Povos Yanomami e Ye&#8217;kwana &#8211; Diante do avan\u00e7o da COVID-19 na Terra Ind\u00edgena Yanomami (TIY) e do risco de genoc\u00eddio decorrente da pandemia, criamos a Rede de Pesquisadores e Apoiadores dos Povos Yanomami e Ye&#8217;kwana. A Rede \u00e9 formada por pessoas de diversas \u00e1reas do conhecimento &#8211; antrop\u00f3logos,&#8230;<a class=\"more-link\" href=\"http:\/\/blogdalucianaoliveira.com.br\/blog\/2020\/05\/19\/covid-19-na-terra-indigena-yanomami\/\">Continue a leitura <span class=\"meta-nav\">&raquo;<\/span><\/a><\/p>\n","protected":false},"author":1,"featured_media":0,"comment_status":"closed","ping_status":"open","sticky":false,"template":"","format":"standard","meta":{"_exactmetrics_skip_tracking":false,"_exactmetrics_sitenote_active":false,"_exactmetrics_sitenote_note":"","_exactmetrics_sitenote_category":0,"jetpack_post_was_ever_published":false,"_jetpack_newsletter_access":"","_jetpack_dont_email_post_to_subs":false,"_jetpack_newsletter_tier_id":0,"_jetpack_memberships_contains_paywalled_content":false,"_jetpack_memberships_contains_paid_content":false,"footnotes":"","jetpack_publicize_message":"","jetpack_publicize_feature_enabled":true,"jetpack_social_post_already_shared":true,"jetpack_social_options":{"image_generator_settings":{"template":"highway","enabled":false},"version":2}},"categories":[1],"tags":[195,382],"class_list":["post-28238","post","type-post","status-publish","format-standard","hentry","category-notas","tag-garimpo","tag-yanomami"],"jetpack_publicize_connections":[],"jetpack_sharing_enabled":true,"jetpack_featured_media_url":"","jetpack_shortlink":"https:\/\/wp.me\/p7wKYW-7ls","jetpack-related-posts":[],"_links":{"self":[{"href":"http:\/\/blogdalucianaoliveira.com.br\/blog\/wp-json\/wp\/v2\/posts\/28238","targetHints":{"allow":["GET"]}}],"collection":[{"href":"http:\/\/blogdalucianaoliveira.com.br\/blog\/wp-json\/wp\/v2\/posts"}],"about":[{"href":"http:\/\/blogdalucianaoliveira.com.br\/blog\/wp-json\/wp\/v2\/types\/post"}],"author":[{"embeddable":true,"href":"http:\/\/blogdalucianaoliveira.com.br\/blog\/wp-json\/wp\/v2\/users\/1"}],"replies":[{"embeddable":true,"href":"http:\/\/blogdalucianaoliveira.com.br\/blog\/wp-json\/wp\/v2\/comments?post=28238"}],"version-history":[{"count":1,"href":"http:\/\/blogdalucianaoliveira.com.br\/blog\/wp-json\/wp\/v2\/posts\/28238\/revisions"}],"predecessor-version":[{"id":28239,"href":"http:\/\/blogdalucianaoliveira.com.br\/blog\/wp-json\/wp\/v2\/posts\/28238\/revisions\/28239"}],"wp:attachment":[{"href":"http:\/\/blogdalucianaoliveira.com.br\/blog\/wp-json\/wp\/v2\/media?parent=28238"}],"wp:term":[{"taxonomy":"category","embeddable":true,"href":"http:\/\/blogdalucianaoliveira.com.br\/blog\/wp-json\/wp\/v2\/categories?post=28238"},{"taxonomy":"post_tag","embeddable":true,"href":"http:\/\/blogdalucianaoliveira.com.br\/blog\/wp-json\/wp\/v2\/tags?post=28238"}],"curies":[{"name":"wp","href":"https:\/\/api.w.org\/{rel}","templated":true}]}}