{"id":28240,"date":"2020-05-20T10:37:18","date_gmt":"2020-05-20T14:37:18","guid":{"rendered":"http:\/\/blogdalucianaoliveira.com.br\/blog\/?p=28240"},"modified":"2020-05-20T10:37:25","modified_gmt":"2020-05-20T14:37:25","slug":"uso-da-cloroquina-contra-covid-19-e-perigoso-carece-de-evidencia-e-tomou-aspecto-politico-inesperado-diz-sociedade-de-infectologia","status":"publish","type":"post","link":"http:\/\/blogdalucianaoliveira.com.br\/blog\/2020\/05\/20\/uso-da-cloroquina-contra-covid-19-e-perigoso-carece-de-evidencia-e-tomou-aspecto-politico-inesperado-diz-sociedade-de-infectologia\/","title":{"rendered":"Uso da cloroquina contra Covid-19 \u00e9 &#8216;perigoso&#8217;, &#8216;carece de evid\u00eancia&#8217; e tomou aspecto pol\u00edtico inesperado, diz Sociedade de Infectologia"},"content":{"rendered":"\n<figure class=\"wp-block-image size-large\"><img data-recalc-dims=\"1\" loading=\"lazy\" decoding=\"async\" width=\"600\" height=\"477\" data-attachment-id=\"28241\" data-permalink=\"http:\/\/blogdalucianaoliveira.com.br\/blog\/2020\/05\/20\/uso-da-cloroquina-contra-covid-19-e-perigoso-carece-de-evidencia-e-tomou-aspecto-politico-inesperado-diz-sociedade-de-infectologia\/image-69-5\/\" data-orig-file=\"https:\/\/i0.wp.com\/blogdalucianaoliveira.com.br\/blog\/wp-content\/uploads\/2020\/05\/image-69.jpeg?fit=984%2C783\" data-orig-size=\"984,783\" data-comments-opened=\"0\" data-image-meta=\"{&quot;aperture&quot;:&quot;0&quot;,&quot;credit&quot;:&quot;&quot;,&quot;camera&quot;:&quot;&quot;,&quot;caption&quot;:&quot;&quot;,&quot;created_timestamp&quot;:&quot;0&quot;,&quot;copyright&quot;:&quot;&quot;,&quot;focal_length&quot;:&quot;0&quot;,&quot;iso&quot;:&quot;0&quot;,&quot;shutter_speed&quot;:&quot;0&quot;,&quot;title&quot;:&quot;&quot;,&quot;orientation&quot;:&quot;0&quot;}\" data-image-title=\"image-69\" data-image-description=\"\" data-image-caption=\"\" data-medium-file=\"https:\/\/i0.wp.com\/blogdalucianaoliveira.com.br\/blog\/wp-content\/uploads\/2020\/05\/image-69.jpeg?fit=300%2C239\" data-large-file=\"https:\/\/i0.wp.com\/blogdalucianaoliveira.com.br\/blog\/wp-content\/uploads\/2020\/05\/image-69.jpeg?fit=600%2C477\" src=\"https:\/\/i0.wp.com\/blogdalucianaoliveira.com.br\/blog\/wp-content\/uploads\/2020\/05\/image-69.jpeg?resize=600%2C477\" alt=\"\" class=\"wp-image-28241\" srcset=\"https:\/\/i0.wp.com\/blogdalucianaoliveira.com.br\/blog\/wp-content\/uploads\/2020\/05\/image-69.jpeg?w=984 984w, https:\/\/i0.wp.com\/blogdalucianaoliveira.com.br\/blog\/wp-content\/uploads\/2020\/05\/image-69.jpeg?resize=300%2C239 300w, https:\/\/i0.wp.com\/blogdalucianaoliveira.com.br\/blog\/wp-content\/uploads\/2020\/05\/image-69.jpeg?resize=768%2C611 768w, https:\/\/i0.wp.com\/blogdalucianaoliveira.com.br\/blog\/wp-content\/uploads\/2020\/05\/image-69.jpeg?resize=377%2C300 377w\" sizes=\"auto, (max-width: 600px) 100vw, 600px\" \/><\/figure>\n\n\n\n<h4 class=\"wp-block-heading\">Nota foi divulgada nesta segunda-feira (18); entidade afirma que &#8216;\u00e9 precoce a recomenda\u00e7\u00e3o&#8217; do medicamento, j\u00e1 que n\u00e3o h\u00e1 benef\u00edcios no seu uso para a Covid-19. Subst\u00e2ncia \u00e9 utilizada para tratar mal\u00e1ria e l\u00fapus.&nbsp;<\/h4>\n\n\n\n<!--more-->\n\n\n\n<p>Por G1<\/p>\n\n\n\n<p>A Sociedade Brasileira de Infectologia (SBI) divulgou nota, nesta segunda-feira (18), na qual declarou que o uso da cloroquina contra a Covid-19, doen\u00e7a causada pelo novo coronav\u00edrus, &#8220;n\u00e3o apenas carece de evid\u00eancia cient\u00edfica&#8221; como \u00e9 &#8220;perigoso, pois tomou um aspecto pol\u00edtico inesperado&#8221;.&nbsp;<\/p>\n\n\n\n<p>Segundo a nota, o uso do medicamento para tratar a Covid-19 &#8220;vem na contram\u00e3o de toda a experi\u00eancia mundial e cient\u00edfica com esta pandemia.&#8221; A cloroquina \u00e9 normalmente utilizada para tratar mal\u00e1ria e doen\u00e7as autoimunes, como l\u00fapus.&nbsp;<\/p>\n\n\n\n<p>&#8220;A escolha desta terapia, ou mesmo a conota\u00e7\u00e3o que a COVID-19 \u00e9 uma doen\u00e7a de f\u00e1cil tratamento, vem na contram\u00e3o de toda a experi\u00eancia mundial e cient\u00edfica com esta pandemia. Este posicionamento n\u00e3o apenas carece de evid\u00eancia cient\u00edfica, al\u00e9m de ser perigoso, pois tomou um aspecto pol\u00edtico inesperado&#8221;, diz a nota da SBI. (<em>Veja \u00edntegra do comunicado ao final desta reportagem<\/em>).&nbsp;<\/p>\n\n\n\n<h2 class=\"wp-block-heading\">Contraindicada mesmo em casos leves<\/h2>\n\n\n\n<figure class=\"wp-block-image\"><img data-recalc-dims=\"1\" decoding=\"async\" src=\"https:\/\/i0.wp.com\/s2.glbimg.com\/7DOLz1JPxhrpzxHgFm8FcyMokH0%3D\/0x0%3A4115x2780\/984x0\/smart\/filters%3Astrip_icc%28%29\/i.s3.glbimg.com\/v1\/AUTH_59edd422c0c84a879bd37670ae4f538a\/internal_photos\/bs\/2020\/I\/4\/B5L38fRKCLtYIaUWH6Cw\/2020-04-01t051213z-112374322-rc2hvf9c7s82-rtrmadp-3-health-coronavirus-usa.jpg?w=600&#038;ssl=1\" alt=\"31 de mar\u00e7o: Mulher segura frasco com p\u00edlulas de hidroxicloroquina que usa para tratar l\u00fapus em Seattle, Washington, noroeste dos Estados Unidos. \u2014 Foto: Lindsey Wasson\/Reuters\"\/><\/figure>\n\n\n\n<p>31 de mar\u00e7o: Mulher segura frasco com p\u00edlulas de hidroxicloroquina que usa para tratar l\u00fapus em Seattle, Washington, noroeste dos Estados Unidos. \u2014 Foto: Lindsey Wasson\/Reuters&nbsp;<\/p>\n\n\n\n<p>Na nota, a SBI frisa que o medicamento \u00e9 contraindicado mesmo em casos leves de Covid-19 (que estudos feitos em outros pa\u00edses apontam ser&nbsp;<a href=\"https:\/\/g1.globo.com\/ciencia-e-saude\/noticia\/2020\/02\/18\/analise-de-perfil-de-44-mil-pacientes-com-coronavirus-mostra-que-80percent-dos-casos-sao-leves.ghtml\">80% dos casos da doen\u00e7a<\/a>).&nbsp;<\/p>\n\n\n\n<p>&#8220;Uma das principais cr\u00edticas em rela\u00e7\u00e3o aos estudos referidos anteriormente \u00e9 que muitos dos pacientes avaliados estavam em estado grave quando receberam esses f\u00e1rmacos&#8221;, considera a nota.<\/p>\n\n\n\n<p>A entidade cita&nbsp;<a href=\"https:\/\/g1.globo.com\/bemestar\/coronavirus\/noticia\/2020\/05\/14\/hidroxicloroquina-nao-e-eficiente-em-pacientes-leves-a-moderados-mostra-estudo-chines.ghtml\">um estudo feito com 150 pacientes<\/a>, divididos em dois grupos: um recebeu hidroxicloroquina e o outro, n\u00e3o. A pesquisa, diz a SBI, apontou que &#8220;n\u00e3o houve diferen\u00e7a quanto \u00e0 evolu\u00e7\u00e3o dos pacientes que usaram ou n\u00e3o esse f\u00e1rmaco, mas v\u00e1rios efeitos adversos relacionados ao uso de hidroxicloroquina foram relatados nos pacientes em uso desse medicamento&#8221;.&nbsp;<\/p>\n\n\n\n<blockquote class=\"wp-block-quote is-layout-flow wp-block-quote-is-layout-flow\"><p>A sociedade, ent\u00e3o, &#8220;conclui que ainda \u00e9 precoce a recomenda\u00e7\u00e3o de uso deste medicamento na COVID-19, visto que diferentes estudos mostram n\u00e3o haver benef\u00edcios para os pacientes que utilizaram hidroxicloroquina. Al\u00e9m disto, trata-se de um medicamento com efeitos adversos graves que devem ser levados em considera\u00e7\u00e3o&#8221;, alerta.<\/p><\/blockquote>\n\n\n\n<p>A entidade destaca, ainda, que os investimentos nas pesquisas de outras alternativas de tratamento tamb\u00e9m devem ser priorizados, &#8220;para que tenhamos um maior n\u00famero de terapias com potencial efetivo no tratamento da COVID-19&#8221;. Por enquanto, diz a SBI,&nbsp;<a href=\"https:\/\/g1.globo.com\/jornal-nacional\/noticia\/2020\/05\/11\/estudo-calcula-quantas-vidas-o-isolamento-social-esta-salvando-no-brasil.ghtml\">o isolamento social<\/a>&nbsp;&#8220;\u00e9 a \u00fanica medida efetiva para desacelerar as curvas de crescimento dessa infec\u00e7\u00e3o.&#8221;&nbsp;<\/p>\n\n\n\n<h2 class=\"wp-block-heading\">Impasse<\/h2>\n\n\n\n<p>O uso da cloroquina para a Covid-19 vem sendo motivo de disc\u00f3rdia entre especialistas e o presidente&nbsp;<a href=\"https:\/\/g1.globo.com\/politica\/politico\/jair-bolsonaro\/\">Jair Bolsonaro<\/a>. Apesar de&nbsp;<a href=\"https:\/\/g1.globo.com\/bemestar\/coronavirus\/noticia\/2020\/05\/12\/estudos-mostram-que-cloroquina-nao-tem-eficacia-no-tratamento-do-coronavirus-entenda-as-pesquisas.ghtml\">n\u00e3o haver evid\u00eancias cient\u00edficas que comprovem a efic\u00e1cia<\/a>&nbsp;do medicamento contra a doen\u00e7a, que&nbsp;<a href=\"https:\/\/g1.globo.com\/bemestar\/coronavirus\/noticia\/2020\/05\/18\/casos-de-coronavirus-e-numero-de-mortes-no-brasil-em-18-de-maio.ghtml\">j\u00e1 matou mais de 16 mil pessoas no Brasil,<\/a>&nbsp;Bolsonaro defende o uso da subst\u00e2ncia.&nbsp;<\/p>\n\n\n\n<p>Na semana passada, depois que o ent\u00e3o ministro da Sa\u00fade, Nelson Teich, alertou sobre os riscos do medicamento, Bolsonaro&nbsp;<a href=\"https:\/\/g1.globo.com\/politica\/noticia\/2020\/05\/13\/apos-teich-fazer-alerta-sobre-cloroquina-bolsonaro-defende-o-medicamento-e-pede-ministros-alinhados-com-ele.ghtml\">manteve sua posi\u00e7\u00e3o sobre o uso dele na pandemia<\/a>&nbsp;(<em>veja v\u00eddeo<\/em>).&nbsp;<\/p>\n\n\n\n<figure class=\"wp-block-image\"><img data-recalc-dims=\"1\" decoding=\"async\" src=\"https:\/\/i0.wp.com\/s01.video.glbimg.com\/x720\/8551300.jpg?w=600&#038;ssl=1\" alt=\"Ap\u00f3s Teich alertar sobre risco da cloroquina, Bolsonaro defende o uso do rem\u00e9dio\"\/><\/figure>\n\n\n\n<p><\/p>\n","protected":false},"excerpt":{"rendered":"<p>Nota foi divulgada nesta segunda-feira (18); entidade afirma que &#8216;\u00e9 precoce a recomenda\u00e7\u00e3o&#8217; do medicamento, j\u00e1 que n\u00e3o h\u00e1 benef\u00edcios no seu uso para a Covid-19. Subst\u00e2ncia \u00e9 utilizada para tratar mal\u00e1ria e l\u00fapus.&nbsp;<\/p>\n","protected":false},"author":1,"featured_media":0,"comment_status":"closed","ping_status":"open","sticky":false,"template":"","format":"standard","meta":{"_exactmetrics_skip_tracking":false,"_exactmetrics_sitenote_active":false,"_exactmetrics_sitenote_note":"","_exactmetrics_sitenote_category":0,"jetpack_post_was_ever_published":false,"_jetpack_newsletter_access":"","_jetpack_dont_email_post_to_subs":false,"_jetpack_newsletter_tier_id":0,"_jetpack_memberships_contains_paywalled_content":false,"_jetpack_memberships_contains_paid_content":false,"footnotes":"","jetpack_publicize_message":"","jetpack_publicize_feature_enabled":true,"jetpack_social_post_already_shared":true,"jetpack_social_options":{"image_generator_settings":{"template":"highway","enabled":false},"version":2}},"categories":[1],"tags":[],"class_list":["post-28240","post","type-post","status-publish","format-standard","hentry","category-notas"],"jetpack_publicize_connections":[],"jetpack_sharing_enabled":true,"jetpack_featured_media_url":"","jetpack_shortlink":"https:\/\/wp.me\/p7wKYW-7lu","jetpack-related-posts":[],"_links":{"self":[{"href":"http:\/\/blogdalucianaoliveira.com.br\/blog\/wp-json\/wp\/v2\/posts\/28240","targetHints":{"allow":["GET"]}}],"collection":[{"href":"http:\/\/blogdalucianaoliveira.com.br\/blog\/wp-json\/wp\/v2\/posts"}],"about":[{"href":"http:\/\/blogdalucianaoliveira.com.br\/blog\/wp-json\/wp\/v2\/types\/post"}],"author":[{"embeddable":true,"href":"http:\/\/blogdalucianaoliveira.com.br\/blog\/wp-json\/wp\/v2\/users\/1"}],"replies":[{"embeddable":true,"href":"http:\/\/blogdalucianaoliveira.com.br\/blog\/wp-json\/wp\/v2\/comments?post=28240"}],"version-history":[{"count":1,"href":"http:\/\/blogdalucianaoliveira.com.br\/blog\/wp-json\/wp\/v2\/posts\/28240\/revisions"}],"predecessor-version":[{"id":28242,"href":"http:\/\/blogdalucianaoliveira.com.br\/blog\/wp-json\/wp\/v2\/posts\/28240\/revisions\/28242"}],"wp:attachment":[{"href":"http:\/\/blogdalucianaoliveira.com.br\/blog\/wp-json\/wp\/v2\/media?parent=28240"}],"wp:term":[{"taxonomy":"category","embeddable":true,"href":"http:\/\/blogdalucianaoliveira.com.br\/blog\/wp-json\/wp\/v2\/categories?post=28240"},{"taxonomy":"post_tag","embeddable":true,"href":"http:\/\/blogdalucianaoliveira.com.br\/blog\/wp-json\/wp\/v2\/tags?post=28240"}],"curies":[{"name":"wp","href":"https:\/\/api.w.org\/{rel}","templated":true}]}}