{"id":28243,"date":"2020-05-20T12:05:56","date_gmt":"2020-05-20T16:05:56","guid":{"rendered":"http:\/\/blogdalucianaoliveira.com.br\/blog\/?p=28243"},"modified":"2020-05-20T12:06:05","modified_gmt":"2020-05-20T16:06:05","slug":"bolsonaro-amplia-uso-da-cloroquina-admitindo-que-pode-nao-ter-eficacia-e-trazer-efeitos-colaterais-graves","status":"publish","type":"post","link":"http:\/\/blogdalucianaoliveira.com.br\/blog\/2020\/05\/20\/bolsonaro-amplia-uso-da-cloroquina-admitindo-que-pode-nao-ter-eficacia-e-trazer-efeitos-colaterais-graves\/","title":{"rendered":"Bolsonaro amplia uso da cloroquina admitindo que pode n\u00e3o ter efic\u00e1cia e trazer efeitos colaterais graves"},"content":{"rendered":"\n<figure class=\"wp-block-image size-large\"><img data-recalc-dims=\"1\" loading=\"lazy\" decoding=\"async\" width=\"600\" height=\"400\" data-attachment-id=\"28244\" data-permalink=\"http:\/\/blogdalucianaoliveira.com.br\/blog\/2020\/05\/20\/bolsonaro-amplia-uso-da-cloroquina-admitindo-que-pode-nao-ter-eficacia-e-trazer-efeitos-colaterais-graves\/image-70-5\/\" data-orig-file=\"https:\/\/i0.wp.com\/blogdalucianaoliveira.com.br\/blog\/wp-content\/uploads\/2020\/05\/image-70.jpeg?fit=640%2C427\" data-orig-size=\"640,427\" data-comments-opened=\"0\" data-image-meta=\"{&quot;aperture&quot;:&quot;0&quot;,&quot;credit&quot;:&quot;&quot;,&quot;camera&quot;:&quot;&quot;,&quot;caption&quot;:&quot;&quot;,&quot;created_timestamp&quot;:&quot;0&quot;,&quot;copyright&quot;:&quot;&quot;,&quot;focal_length&quot;:&quot;0&quot;,&quot;iso&quot;:&quot;0&quot;,&quot;shutter_speed&quot;:&quot;0&quot;,&quot;title&quot;:&quot;&quot;,&quot;orientation&quot;:&quot;0&quot;}\" data-image-title=\"image-70\" data-image-description=\"\" data-image-caption=\"\" data-medium-file=\"https:\/\/i0.wp.com\/blogdalucianaoliveira.com.br\/blog\/wp-content\/uploads\/2020\/05\/image-70.jpeg?fit=300%2C200\" data-large-file=\"https:\/\/i0.wp.com\/blogdalucianaoliveira.com.br\/blog\/wp-content\/uploads\/2020\/05\/image-70.jpeg?fit=600%2C400\" src=\"https:\/\/i0.wp.com\/blogdalucianaoliveira.com.br\/blog\/wp-content\/uploads\/2020\/05\/image-70.jpeg?resize=600%2C400\" alt=\"\" class=\"wp-image-28244\" srcset=\"https:\/\/i0.wp.com\/blogdalucianaoliveira.com.br\/blog\/wp-content\/uploads\/2020\/05\/image-70.jpeg?w=640 640w, https:\/\/i0.wp.com\/blogdalucianaoliveira.com.br\/blog\/wp-content\/uploads\/2020\/05\/image-70.jpeg?resize=300%2C200 300w, https:\/\/i0.wp.com\/blogdalucianaoliveira.com.br\/blog\/wp-content\/uploads\/2020\/05\/image-70.jpeg?resize=450%2C300 450w\" sizes=\"auto, (max-width: 600px) 100vw, 600px\" \/><\/figure>\n\n\n\n<p>Protocolo do Minist\u00e9rio da Sa\u00fade agora vale para casos com sintomas leves. E exige que pacientes assinem termos se responsabilizando por riscos.<\/p>\n\n\n\n<!--more-->\n\n\n\n<p>No El Pa\u00eds <\/p>\n\n\n\n<p>Em um novo protocolo, em que admite que n\u00e3o h\u00e1 comprova\u00e7\u00e3o de efic\u00e1cia e assume a possibilidade de riscos colaterais graves da cloroquina, o Governo de Jair Bolsonaro mudou nesta quarta-feira a orienta\u00e7\u00e3o para m\u00e9dicos que tratam pacientes com a covid-19. O documento assinado pelo Minist\u00e9rio da Sa\u00fade, pasta ainda sem um ministro oficial, afirma que a droga pode ser receitada at\u00e9 no caso de sintomas leves da doen\u00e7a. Para isso, entretanto, o paciente precisa assinar um termo de consentimento, que afirma expressamente que ele sabe que\u00a0<a rel=\"noreferrer noopener\" href=\"https:\/\/brasil.elpais.com\/politica\/2020-04-15\/reumatologista-se-automedica-com-cloroquina-de-forma-preventiva-mas-contrai-covid-19.html\" target=\"_blank\">n\u00e3o h\u00e1 estudos conclusivos de que a cloroquina melhoraria seu quadro de sa\u00fade<\/a>\u00a0e conhece os in\u00fameros efeitos colaterais que o medicamento pode causar, como problemas card\u00edacos, disfun\u00e7\u00e3o do f\u00edgado e problemas de vis\u00e3o.<\/p>\n\n\n\n<p>A pasta liderada pelo general Eduardo Pazuello desde a\u00a0<a rel=\"noreferrer noopener\" href=\"https:\/\/brasil.elpais.com\/brasil\/2020-05-16\/governo-prepara-novo-protocolo-para-tratar-a-covid-19-estopim-para-a-saida-de-teich-do-governo.html\" target=\"_blank\">sa\u00edda do ministro Nelson Teich<\/a>\u00a0h\u00e1 menos de uma semana j\u00e1 autorizava, desde a gest\u00e3o de Luiz Henrique Mandetta, o uso do medicamento desde que m\u00e9dico e paciente assumissem juntos os riscos de efeitos colaterais. Seguia um parecer t\u00e9cnico do Conselho Federal de Medicina, que autoriza a prescri\u00e7\u00e3o da cloroquina em caso excepcional e diante da falta de medicamentos eficazes para tratamento da covid-19, mas n\u00e3o a recomenda. Tanto Mandetta quanto seu sucessor Teich orientavam que apenas casos graves fossem tratados com o medicamento, dentro dos hospitais, onde h\u00e1 estrutura para fazer o monitoramento do paciente caso ele apresente arritmia card\u00edaca, por exemplo. Mas nas \u00faltimas semanas,\u00a0<a rel=\"noreferrer noopener\" href=\"https:\/\/brasil.elpais.com\/brasil\/2020-05-15\/brasil-perde-segundo-ministro-da-saude-sob-pressao-de-bolsonaro-para-abrir-economia-e-por-uso-da-cloroquina.html\" target=\"_blank\">Bolsonaro elevou a press\u00e3o para mudar o protocolo<\/a>, culminando com a demiss\u00e3o de seu segundo ministro da Sa\u00fade. Ainda no in\u00edcio da crise, o presidente havia determinado um\u00a0<a rel=\"noreferrer noopener\" href=\"https:\/\/brasil.elpais.com\/brasil\/2020-04-27\/producao-de-cloroquina-pelo-exercito-aumenta-80-vezes-mesmo-sem-conclusao-de-sua-eficacia-contra-a-covid-19.html\" target=\"_blank\">salto na produ\u00e7\u00e3o do medicamento pelo Ex\u00e9rcito<\/a>.<\/p>\n\n\n\n<p>O presidente \u2015que tem defendido repetidas vezes a necessidade de reabrir a economia mesmo quando a&nbsp;<a href=\"https:\/\/brasil.elpais.com\/brasil\/2020-05-20\/brasil-ultrapassa-mil-mortes-por-coronavirus-notificadas-em-24-horas-novo-recorde-na-crise.html\" target=\"_blank\" rel=\"noreferrer noopener\">curva de cont\u00e1gios ainda segue crescente e o pa\u00eds j\u00e1 ultrapassa o registro de 1.000 mortes di\u00e1rias<\/a>\u2015 tem dito que cabia a ele a decis\u00e3o e que, embora no futuro a ci\u00eancia possa concluir que a cloroquina tinha apenas um efeito placebo, ele quer que o pr\u00f3prio paciente decida se ser\u00e1 tratado com o medicamento. Bolsonaro n\u00e3o comentou os efeitos colaterais graves que a cloroquina pode causar e voltou a&nbsp;<a href=\"https:\/\/brasil.elpais.com\/brasil\/2020-05-17\/alexandre-kalil-politizou-a-coisa-fica-parecendo-que-quem-nao-quer-morrer-e-comunista.html\" target=\"_blank\" rel=\"noreferrer noopener\">polarizar seu uso<\/a>. \u201cQuem \u00e9 de direita toma cloroquina, quem \u00e9 de esquerda toma Tuba\u00edna\u201d, chegou a declarar, rindo, em uma entrevista online a um jornalista nesta ter\u00e7a-feira (19).<\/p>\n\n\n\n<p>O documento divulgado pelo Minist\u00e9rio da Sa\u00fade n\u00e3o obriga m\u00e9dicos a prescreverem a cloroquina, mas d\u00e1 uma mensagem expressa com orienta\u00e7\u00f5es para o seu uso. A pasta traz uma classifica\u00e7\u00e3o de quais s\u00e3o os sintomas leves, moderados e graves da covid-19. E estipula a dosagem e o n\u00famero de dias para o uso do medicamento. Argumenta que ainda n\u00e3o h\u00e1 medicamentos com efic\u00e1cia comprovada e que j\u00e1 h\u00e1 hospitais privados com protocolos pr\u00f3prios, ent\u00e3o a ideia \u00e9 ampliar o uso da cloroquina no SUS.<\/p>\n\n\n\n<p>Especialistas ouvidos pelo EL PA\u00cdS recha\u00e7am que haja benef\u00edcio no uso precoce do rem\u00e9dio e h\u00e1 unidades de sa\u00fade, como o Hospital das Cl\u00ednicas, que n\u00e3o o utilizam sequer nos casos graves, j\u00e1 que n\u00e3o h\u00e1 estudos que embasem sua efic\u00e1cia. Os Estados Unidos \u2015pa\u00eds citado v\u00e1rias vezes por Bolsonaro como exemplo no uso do medicamento\u2015 j\u00e1&nbsp;<a href=\"https:\/\/www.poder360.com.br\/coronavirus\/nos-eua-60-tiveram-piora-na-saude-apos-uso-da-cloroquina\/\" target=\"_blank\" rel=\"noreferrer noopener\">retiraram a recomenda\u00e7\u00e3o do uso de altas doses de cloroquina<\/a>&nbsp;para o tratamento da doen\u00e7a fora de hospitais. Na \u00faltima segunda-feira, a Sociedade Brasileira de Imunologia (SBI) desaconselhou o uso do medicamento, \u201cvisto que diferentes estudos mostram n\u00e3o haver benef\u00edcios para os pacientes\u201d que a utilizaram e devido aos efeitos colaterais (principalmente problemas card\u00edacos) que podem levar \u00e0 morte dos pacientes.<\/p>\n\n\n\n<p>A orienta\u00e7\u00e3o para o uso da cloroquina associada a outros medicamentos \u00e9 o primeiro de tr\u00eas pontos que o Minist\u00e9rio da Sa\u00fade est\u00e1 revisando para o manejo de pacientes com o novo coronav\u00edrus. Al\u00e9m do uso de f\u00e1rmacos, o Minist\u00e9rio deve dar novas orienta\u00e7\u00f5es relacionadas ao uso de equipamentos e recursos humanos. Por enquanto, a pasta s\u00f3 divulgou a primeira parte das novas orienta\u00e7\u00f5es. \u201cO Minist\u00e9rio da Sa\u00fade est\u00e1 consolidando as orienta\u00e7\u00f5es para o manejo de pacientes com a covid-19\u201d, diz a pasta.<\/p>\n\n\n\n<p><em><strong>Erramos:&nbsp;<\/strong><\/em><em>No texto inicial, hav\u00edamos publicado que o medicamento poderia ser prescrito antes do resultado do exame da covid-19. Mas o documento do Minist\u00e9rio da Sa\u00fade afirma que \u201co uso das medica\u00e7\u00f5es est\u00e1 condicionado \u00e0 avalia\u00e7\u00e3o m\u00e9dica, com realiza\u00e7\u00e3o de anamnese, exame f\u00edsico e exames complementares, em Unidade de Sa\u00fade\u201d e que \u201cos crit\u00e9rios cl\u00ednicos para in\u00edcio do tratamento em qualquer fase da doen\u00e7a n\u00e3o excluem a necessidade de confirma\u00e7\u00e3o laboratorial e radiol\u00f3gica\u201d.<\/em><\/p>\n","protected":false},"excerpt":{"rendered":"<p>Protocolo do Minist\u00e9rio da Sa\u00fade agora vale para casos com sintomas leves. E exige que pacientes assinem termos se responsabilizando por riscos.<\/p>\n","protected":false},"author":1,"featured_media":0,"comment_status":"closed","ping_status":"open","sticky":false,"template":"","format":"standard","meta":{"_exactmetrics_skip_tracking":false,"_exactmetrics_sitenote_active":false,"_exactmetrics_sitenote_note":"","_exactmetrics_sitenote_category":0,"jetpack_post_was_ever_published":false,"_jetpack_newsletter_access":"","_jetpack_dont_email_post_to_subs":false,"_jetpack_newsletter_tier_id":0,"_jetpack_memberships_contains_paywalled_content":false,"_jetpack_memberships_contains_paid_content":false,"footnotes":"","jetpack_publicize_message":"","jetpack_publicize_feature_enabled":true,"jetpack_social_post_already_shared":true,"jetpack_social_options":{"image_generator_settings":{"template":"highway","enabled":false},"version":2}},"categories":[1],"tags":[],"class_list":["post-28243","post","type-post","status-publish","format-standard","hentry","category-notas"],"jetpack_publicize_connections":[],"jetpack_sharing_enabled":true,"jetpack_featured_media_url":"","jetpack_shortlink":"https:\/\/wp.me\/p7wKYW-7lx","jetpack-related-posts":[],"_links":{"self":[{"href":"http:\/\/blogdalucianaoliveira.com.br\/blog\/wp-json\/wp\/v2\/posts\/28243","targetHints":{"allow":["GET"]}}],"collection":[{"href":"http:\/\/blogdalucianaoliveira.com.br\/blog\/wp-json\/wp\/v2\/posts"}],"about":[{"href":"http:\/\/blogdalucianaoliveira.com.br\/blog\/wp-json\/wp\/v2\/types\/post"}],"author":[{"embeddable":true,"href":"http:\/\/blogdalucianaoliveira.com.br\/blog\/wp-json\/wp\/v2\/users\/1"}],"replies":[{"embeddable":true,"href":"http:\/\/blogdalucianaoliveira.com.br\/blog\/wp-json\/wp\/v2\/comments?post=28243"}],"version-history":[{"count":1,"href":"http:\/\/blogdalucianaoliveira.com.br\/blog\/wp-json\/wp\/v2\/posts\/28243\/revisions"}],"predecessor-version":[{"id":28245,"href":"http:\/\/blogdalucianaoliveira.com.br\/blog\/wp-json\/wp\/v2\/posts\/28243\/revisions\/28245"}],"wp:attachment":[{"href":"http:\/\/blogdalucianaoliveira.com.br\/blog\/wp-json\/wp\/v2\/media?parent=28243"}],"wp:term":[{"taxonomy":"category","embeddable":true,"href":"http:\/\/blogdalucianaoliveira.com.br\/blog\/wp-json\/wp\/v2\/categories?post=28243"},{"taxonomy":"post_tag","embeddable":true,"href":"http:\/\/blogdalucianaoliveira.com.br\/blog\/wp-json\/wp\/v2\/tags?post=28243"}],"curies":[{"name":"wp","href":"https:\/\/api.w.org\/{rel}","templated":true}]}}