{"id":28278,"date":"2020-05-21T13:07:29","date_gmt":"2020-05-21T17:07:29","guid":{"rendered":"http:\/\/blogdalucianaoliveira.com.br\/blog\/?p=28278"},"modified":"2020-05-21T13:07:39","modified_gmt":"2020-05-21T17:07:39","slug":"antes-de-pandemia-brasileiro-percorria-em-media-78-km-para-comprar-roupas","status":"publish","type":"post","link":"http:\/\/blogdalucianaoliveira.com.br\/blog\/2020\/05\/21\/antes-de-pandemia-brasileiro-percorria-em-media-78-km-para-comprar-roupas\/","title":{"rendered":"Antes de pandemia, brasileiro percorria em m\u00e9dia 78 km para comprar roupas"},"content":{"rendered":"\n<figure class=\"wp-block-image size-large\"><img data-recalc-dims=\"1\" loading=\"lazy\" decoding=\"async\" width=\"600\" height=\"334\" data-attachment-id=\"28279\" data-permalink=\"http:\/\/blogdalucianaoliveira.com.br\/blog\/2020\/05\/21\/antes-de-pandemia-brasileiro-percorria-em-media-78-km-para-comprar-roupas\/image-77-5\/\" data-orig-file=\"https:\/\/i0.wp.com\/blogdalucianaoliveira.com.br\/blog\/wp-content\/uploads\/2020\/05\/image-77.jpeg?fit=743%2C413\" data-orig-size=\"743,413\" data-comments-opened=\"0\" data-image-meta=\"{&quot;aperture&quot;:&quot;0&quot;,&quot;credit&quot;:&quot;&quot;,&quot;camera&quot;:&quot;&quot;,&quot;caption&quot;:&quot;&quot;,&quot;created_timestamp&quot;:&quot;0&quot;,&quot;copyright&quot;:&quot;&quot;,&quot;focal_length&quot;:&quot;0&quot;,&quot;iso&quot;:&quot;0&quot;,&quot;shutter_speed&quot;:&quot;0&quot;,&quot;title&quot;:&quot;&quot;,&quot;orientation&quot;:&quot;0&quot;}\" data-image-title=\"image-77\" data-image-description=\"\" data-image-caption=\"\" data-medium-file=\"https:\/\/i0.wp.com\/blogdalucianaoliveira.com.br\/blog\/wp-content\/uploads\/2020\/05\/image-77.jpeg?fit=300%2C167\" data-large-file=\"https:\/\/i0.wp.com\/blogdalucianaoliveira.com.br\/blog\/wp-content\/uploads\/2020\/05\/image-77.jpeg?fit=600%2C334\" src=\"https:\/\/i0.wp.com\/blogdalucianaoliveira.com.br\/blog\/wp-content\/uploads\/2020\/05\/image-77.jpeg?resize=600%2C334\" alt=\"\" class=\"wp-image-28279\" srcset=\"https:\/\/i0.wp.com\/blogdalucianaoliveira.com.br\/blog\/wp-content\/uploads\/2020\/05\/image-77.jpeg?w=743 743w, https:\/\/i0.wp.com\/blogdalucianaoliveira.com.br\/blog\/wp-content\/uploads\/2020\/05\/image-77.jpeg?resize=300%2C167 300w, https:\/\/i0.wp.com\/blogdalucianaoliveira.com.br\/blog\/wp-content\/uploads\/2020\/05\/image-77.jpeg?resize=540%2C300 540w\" sizes=\"auto, (max-width: 600px) 100vw, 600px\" \/><\/figure>\n\n\n\n<p>Pesquisa do IBGE mostrou que consumidor tamb\u00e9m viajava 73 km para adquirir m\u00f3veis e eletrodom\u00e9sticos.<\/p>\n\n\n\n<!--more-->\n\n\n\n<p><strong><a href=\"https:\/\/www1.folha.uol.com.br\/autores\/diego-garcia.shtml\">Diego Garcia<\/a><\/strong>, na FSP<\/p>\n\n\n\n<p>Antes da&nbsp;<a href=\"https:\/\/www1.folha.uol.com.br\/mercado\/coronavirus-o-debate-economico\/\">pandemia do novo coronav\u00edrus&nbsp;<\/a>atingir o pa\u00eds, o brasileiro percorria, em m\u00e9dia, 73 km para comprar m\u00f3veis e eletrodom\u00e9sticos, e outros 78 km para adquirir vestu\u00e1rios e cal\u00e7ados, de acordo com pesquisa divulgada nesta quinta-feira (21) pelo IBGE (Instituto Brasileiro de Geografia e Estat\u00edstica).<\/p>\n\n\n\n<p>Os dados mostram o padr\u00e3o de deslocamento da popula\u00e7\u00e3o para o com\u00e9rcio em 2018, quando o Brasil ainda n\u00e3o havia sido atingido pela chegada do Covid-19, que registrou o primeiro caso em 26 de fevereiro deste ano. Desde ent\u00e3o, o pa\u00eds n\u00e3o apenas teve 291.579 pessoas infectadas e viu 18.859 brasileiros perderem a vida, como tamb\u00e9m alterou o consumo e fez a economia desabar.<\/p>\n\n\n\n<p>No Amazonas, por exemplo, um dos mais atingidos pela pandemia at\u00e9 o momento, com 23.704 infectados e 1.561 mortes, \u00e9 onde se realizavam os maiores deslocamentos, sendo o \u00fanico estado a superar a marca dos 300km. Para comprar roupas e cal\u00e7ados, o consumidor percorria, em m\u00e9dia, 341,8 km. J\u00e1 para adquirir eletr\u00f4nicos e m\u00f3veis, a dist\u00e2ncia chegava a 388,2 km.<\/p>\n\n\n\n<p>A capital, Manaus, foi considerada pela pesquisa como um dos principais destinos comerciais, especialmente no setor de eletroeletr\u00f4nicos e m\u00f3veis. \u200b<\/p>\n\n\n\n<p>De acordo com Bruno Hidalgo, gerente de redes e fluxos geogr\u00e1ficos do IBGE, as repercuss\u00f5es da pandemia podem ser comparadas com os resultados da pesquisa, que mostram um padr\u00e3o de articula\u00e7\u00e3o para o com\u00e9rcio em uma situa\u00e7\u00e3o anterior \u00e0 chegada do novo coronav\u00edrus.<\/p>\n\n\n\n<p>Atualmente, Manaus \u00e9 o epicentro da doen\u00e7a no Amazonas, concentrando pelo menos um ter\u00e7o das mortes. O Estado foi um dos que mais percebeu a queda no varejo depois que a pandemia se espalhou e fez os governos decretarem medidas de isolamento social, restringindo a circula\u00e7\u00e3o de pessoas e reduzindo o com\u00e9rcio apenas a servi\u00e7os essenciais. Em mar\u00e7o de 2020, as vendas ca\u00edram 16,5% no Amazonas, segundo pior \u00edndice do pa\u00eds.<\/p>\n\n\n\n<p>O padr\u00e3o de deslocamento alto para as compras \u00e9 observado em toda a regi\u00e3o Norte.<\/p>\n\n\n\n<p>Em Bel\u00e9m, as dist\u00e2ncias percorridas para o com\u00e9rcio chegavam a 180 km. O mesmo acontecia em Rond\u00f4nia, onde os consumidores percorriam quase 210 km para comprarem vestu\u00e1rios e cal\u00e7ados, enquanto em Roraima ficavam perto dos 198 km. No Acre, para adquirirem m\u00f3veis e eletr\u00f4nicos, as pessoas viajavam mais do que 150 km.<\/p>\n\n\n\n<p>J\u00e1 nas regi\u00f5es Sudeste, todos os estados possu\u00edam padr\u00e3o de deslocamento m\u00e9dio entre 45 km e 65 km. A maioria dos estados das regi\u00f5es Sul e Nordeste giravam em torno de 50 km e 75 km. A exce\u00e7\u00e3o era Santa Catarina, onde os consumidores percorriam apenas 33,2 km para comprarem eletrodom\u00e9sticos, e no Sergipe, com locomo\u00e7\u00e3o de 40,3 km para roupas.<\/p>\n\n\n\n<p>No Brasil, ap\u00f3s o in\u00edcio&nbsp;<a href=\"https:\/\/www1.folha.uol.com.br\/cotidiano\/coronavirus\/\">da pandemia<\/a>, as atividades que tiveram lojas f\u00edsicas fechadas registraram grandes recuos, algumas delas com varia\u00e7\u00e3o recorde, como Tecidos, vestu\u00e1rio e cal\u00e7ados, com queda de 42,2%, e M\u00f3veis e eletrodom\u00e9sticos, com retra\u00e7\u00e3o de 25,9%.<\/p>\n\n\n\n<p>As&nbsp;<a href=\"https:\/\/www1.folha.uol.com.br\/mercado\/2020\/05\/consumo-das-familias-desaba-em-marco-com-crise-do-coronavirus.shtml\">vendas do com\u00e9rcio brasileiro&nbsp;<\/a>ca\u00edram 2,5% em mar\u00e7o de 2020, no que foi o pior desempenho desde mar\u00e7o de 2003. Entre os oito setores pesquisados pelo IBGE, apenas supermercados e produtos de higiene e limpeza se salvaram, por se encaixarem entre aqueles considerados como essenciais.<\/p>\n\n\n\n<p>O IBGE tamb\u00e9m destacou algumas cidades como sendo os principais centros comerciais do pa\u00eds. S\u00e3o Paulo ocupa o topo da lista, e o Estado ainda tem outros dois polos identificados como destino de compras de vestu\u00e1rio e cal\u00e7ados, os munic\u00edpios de Franca (SP) e Ja\u00fa (SP).<\/p>\n\n\n\n<p>O Estado foi o \u00fanico entre as 27 unidades federativas do pa\u00eds a n\u00e3o observar queda no com\u00e9rcio em mar\u00e7o de 2020, com alta de 0,7%, reflexo das boas vendas em supermercados. Por\u00e9m, os setores de Tecidos, vestu\u00e1rios e cal\u00e7ados e M\u00f3veis e eletrodom\u00e9sticos observaram quedas bruscas no Estado, de 44,7% e 14,1%, respectivamente.<\/p>\n\n\n\n<p>O governador paulista Jo\u00e3o D\u00f3ria (PSDB) decretou quarentena no Estado desde 24 de mar\u00e7o, h\u00e1 quase dois meses. At\u00e9 esta quarta (20), o Estado tinha 5.363 mortes por Covid-19, com 69.859 infectados, o maior do pa\u00eds.<\/p>\n\n\n\n<p>\u201cAs cidades que s\u00e3o destinos recorrentes para realiza\u00e7\u00e3o de compras dos itens investigados pela pesquisa podem sofrer redu\u00e7\u00e3o de vendas espec\u00edficas durante esse per\u00edodo de pandemia, em raz\u00e3o de receberem menos consumidores do que o habitual\u201d, disse Bruno Hidalgo.<\/p>\n","protected":false},"excerpt":{"rendered":"<p>Pesquisa do IBGE mostrou que consumidor tamb\u00e9m viajava 73 km para adquirir m\u00f3veis e eletrodom\u00e9sticos.<\/p>\n","protected":false},"author":1,"featured_media":0,"comment_status":"closed","ping_status":"open","sticky":false,"template":"","format":"standard","meta":{"_exactmetrics_skip_tracking":false,"_exactmetrics_sitenote_active":false,"_exactmetrics_sitenote_note":"","_exactmetrics_sitenote_category":0,"jetpack_post_was_ever_published":false,"_jetpack_newsletter_access":"","_jetpack_dont_email_post_to_subs":false,"_jetpack_newsletter_tier_id":0,"_jetpack_memberships_contains_paywalled_content":false,"_jetpack_memberships_contains_paid_content":false,"footnotes":"","jetpack_publicize_message":"","jetpack_publicize_feature_enabled":true,"jetpack_social_post_already_shared":true,"jetpack_social_options":{"image_generator_settings":{"template":"highway","enabled":false},"version":2}},"categories":[1],"tags":[],"class_list":["post-28278","post","type-post","status-publish","format-standard","hentry","category-notas"],"jetpack_publicize_connections":[],"jetpack_sharing_enabled":true,"jetpack_featured_media_url":"","jetpack_shortlink":"https:\/\/wp.me\/p7wKYW-7m6","jetpack-related-posts":[],"_links":{"self":[{"href":"http:\/\/blogdalucianaoliveira.com.br\/blog\/wp-json\/wp\/v2\/posts\/28278","targetHints":{"allow":["GET"]}}],"collection":[{"href":"http:\/\/blogdalucianaoliveira.com.br\/blog\/wp-json\/wp\/v2\/posts"}],"about":[{"href":"http:\/\/blogdalucianaoliveira.com.br\/blog\/wp-json\/wp\/v2\/types\/post"}],"author":[{"embeddable":true,"href":"http:\/\/blogdalucianaoliveira.com.br\/blog\/wp-json\/wp\/v2\/users\/1"}],"replies":[{"embeddable":true,"href":"http:\/\/blogdalucianaoliveira.com.br\/blog\/wp-json\/wp\/v2\/comments?post=28278"}],"version-history":[{"count":1,"href":"http:\/\/blogdalucianaoliveira.com.br\/blog\/wp-json\/wp\/v2\/posts\/28278\/revisions"}],"predecessor-version":[{"id":28280,"href":"http:\/\/blogdalucianaoliveira.com.br\/blog\/wp-json\/wp\/v2\/posts\/28278\/revisions\/28280"}],"wp:attachment":[{"href":"http:\/\/blogdalucianaoliveira.com.br\/blog\/wp-json\/wp\/v2\/media?parent=28278"}],"wp:term":[{"taxonomy":"category","embeddable":true,"href":"http:\/\/blogdalucianaoliveira.com.br\/blog\/wp-json\/wp\/v2\/categories?post=28278"},{"taxonomy":"post_tag","embeddable":true,"href":"http:\/\/blogdalucianaoliveira.com.br\/blog\/wp-json\/wp\/v2\/tags?post=28278"}],"curies":[{"name":"wp","href":"https:\/\/api.w.org\/{rel}","templated":true}]}}