{"id":28281,"date":"2020-05-21T17:43:41","date_gmt":"2020-05-21T21:43:41","guid":{"rendered":"http:\/\/blogdalucianaoliveira.com.br\/blog\/?p=28281"},"modified":"2020-05-21T17:43:45","modified_gmt":"2020-05-21T21:43:45","slug":"forum-de-artes-marciais-expoe-desperdicio-de-dinheiro-em-viagens-de-governador","status":"publish","type":"post","link":"http:\/\/blogdalucianaoliveira.com.br\/blog\/2020\/05\/21\/forum-de-artes-marciais-expoe-desperdicio-de-dinheiro-em-viagens-de-governador\/","title":{"rendered":"F\u00f3rum de Artes Marciais exp\u00f5e desperd\u00edcio de dinheiro em viagens de governador"},"content":{"rendered":"\n<figure class=\"wp-block-image size-large\"><img data-recalc-dims=\"1\" loading=\"lazy\" decoding=\"async\" width=\"600\" height=\"338\" data-attachment-id=\"28284\" data-permalink=\"http:\/\/blogdalucianaoliveira.com.br\/blog\/2020\/05\/21\/forum-de-artes-marciais-expoe-desperdicio-de-dinheiro-em-viagens-de-governador\/dfb5c64f-93cf-4db3-9813-ef66b51100e4\/\" data-orig-file=\"https:\/\/i0.wp.com\/blogdalucianaoliveira.com.br\/blog\/wp-content\/uploads\/2020\/05\/DFB5C64F-93CF-4DB3-9813-EF66B51100E4.jpeg?fit=620%2C349\" data-orig-size=\"620,349\" data-comments-opened=\"0\" data-image-meta=\"{&quot;aperture&quot;:&quot;0&quot;,&quot;credit&quot;:&quot;&quot;,&quot;camera&quot;:&quot;&quot;,&quot;caption&quot;:&quot;&quot;,&quot;created_timestamp&quot;:&quot;0&quot;,&quot;copyright&quot;:&quot;&quot;,&quot;focal_length&quot;:&quot;0&quot;,&quot;iso&quot;:&quot;0&quot;,&quot;shutter_speed&quot;:&quot;0&quot;,&quot;title&quot;:&quot;&quot;,&quot;orientation&quot;:&quot;1&quot;}\" data-image-title=\"DFB5C64F-93CF-4DB3-9813-EF66B51100E4\" data-image-description=\"\" data-image-caption=\"\" data-medium-file=\"https:\/\/i0.wp.com\/blogdalucianaoliveira.com.br\/blog\/wp-content\/uploads\/2020\/05\/DFB5C64F-93CF-4DB3-9813-EF66B51100E4.jpeg?fit=300%2C169\" data-large-file=\"https:\/\/i0.wp.com\/blogdalucianaoliveira.com.br\/blog\/wp-content\/uploads\/2020\/05\/DFB5C64F-93CF-4DB3-9813-EF66B51100E4.jpeg?fit=600%2C338\" src=\"https:\/\/i0.wp.com\/blogdalucianaoliveira.com.br\/blog\/wp-content\/uploads\/2020\/05\/DFB5C64F-93CF-4DB3-9813-EF66B51100E4.jpeg?resize=600%2C338\" alt=\"\" class=\"wp-image-28284\" srcset=\"https:\/\/i0.wp.com\/blogdalucianaoliveira.com.br\/blog\/wp-content\/uploads\/2020\/05\/DFB5C64F-93CF-4DB3-9813-EF66B51100E4.jpeg?w=620 620w, https:\/\/i0.wp.com\/blogdalucianaoliveira.com.br\/blog\/wp-content\/uploads\/2020\/05\/DFB5C64F-93CF-4DB3-9813-EF66B51100E4.jpeg?resize=300%2C169 300w, https:\/\/i0.wp.com\/blogdalucianaoliveira.com.br\/blog\/wp-content\/uploads\/2020\/05\/DFB5C64F-93CF-4DB3-9813-EF66B51100E4.jpeg?resize=533%2C300 533w\" sizes=\"auto, (max-width: 600px) 100vw, 600px\" \/><\/figure>\n\n\n\n<p><em><strong>Quantia gasta para ir a evento em S\u00e3o Paulo poderia ser investida em sa\u00fade, educa\u00e7\u00e3o e esporte<\/strong><\/em><\/p>\n\n\n\n<p>De Vilhena, por J\u00e9ssica Chalegra<\/p>\n\n\n\n<!--more-->\n\n\n\n<p>Os gastos feitos pelo governador do Estado de Rond\u00f4nia, Marcos Rocha (sem partido), t\u00eam chamado aten\u00e7\u00e3o depois de ele dizer em uma live feita no dia 19 de abril deste ano em seu perfil pessoal no Facebook que n\u00e3o recebeu R$ 100 mil em di\u00e1rias. No v\u00eddeo, o governador falou que as afirma\u00e7\u00f5es sobre os valores recebidos se tratavam de fake news, mas, 10 dias ap\u00f3s a transmiss\u00e3o, um \u00f3rg\u00e3o federal de checagens de not\u00edcias revelou que Marcos Rocha recebeu desde o primeiro dia de seu mandato at\u00e9 14 de mar\u00e7o de 2020 um valor de R$ 100.370,00 em di\u00e1rias (1).<\/p>\n\n\n\n<figure class=\"wp-block-image size-large\"><img data-recalc-dims=\"1\" loading=\"lazy\" decoding=\"async\" width=\"600\" height=\"527\" data-attachment-id=\"28285\" data-permalink=\"http:\/\/blogdalucianaoliveira.com.br\/blog\/2020\/05\/21\/forum-de-artes-marciais-expoe-desperdicio-de-dinheiro-em-viagens-de-governador\/65e1be37-d319-4e52-91f2-8dea7ad65d9c\/\" data-orig-file=\"https:\/\/i0.wp.com\/blogdalucianaoliveira.com.br\/blog\/wp-content\/uploads\/2020\/05\/65E1BE37-D319-4E52-91F2-8DEA7AD65D9C.jpeg?fit=960%2C843\" data-orig-size=\"960,843\" data-comments-opened=\"0\" data-image-meta=\"{&quot;aperture&quot;:&quot;0&quot;,&quot;credit&quot;:&quot;&quot;,&quot;camera&quot;:&quot;&quot;,&quot;caption&quot;:&quot;&quot;,&quot;created_timestamp&quot;:&quot;0&quot;,&quot;copyright&quot;:&quot;&quot;,&quot;focal_length&quot;:&quot;0&quot;,&quot;iso&quot;:&quot;0&quot;,&quot;shutter_speed&quot;:&quot;0&quot;,&quot;title&quot;:&quot;&quot;,&quot;orientation&quot;:&quot;0&quot;}\" data-image-title=\"65E1BE37-D319-4E52-91F2-8DEA7AD65D9C\" data-image-description=\"\" data-image-caption=\"\" data-medium-file=\"https:\/\/i0.wp.com\/blogdalucianaoliveira.com.br\/blog\/wp-content\/uploads\/2020\/05\/65E1BE37-D319-4E52-91F2-8DEA7AD65D9C.jpeg?fit=300%2C263\" data-large-file=\"https:\/\/i0.wp.com\/blogdalucianaoliveira.com.br\/blog\/wp-content\/uploads\/2020\/05\/65E1BE37-D319-4E52-91F2-8DEA7AD65D9C.jpeg?fit=600%2C527\" src=\"https:\/\/i0.wp.com\/blogdalucianaoliveira.com.br\/blog\/wp-content\/uploads\/2020\/05\/65E1BE37-D319-4E52-91F2-8DEA7AD65D9C.jpeg?resize=600%2C527\" alt=\"\" class=\"wp-image-28285\" srcset=\"https:\/\/i0.wp.com\/blogdalucianaoliveira.com.br\/blog\/wp-content\/uploads\/2020\/05\/65E1BE37-D319-4E52-91F2-8DEA7AD65D9C.jpeg?w=960 960w, https:\/\/i0.wp.com\/blogdalucianaoliveira.com.br\/blog\/wp-content\/uploads\/2020\/05\/65E1BE37-D319-4E52-91F2-8DEA7AD65D9C.jpeg?resize=300%2C263 300w, https:\/\/i0.wp.com\/blogdalucianaoliveira.com.br\/blog\/wp-content\/uploads\/2020\/05\/65E1BE37-D319-4E52-91F2-8DEA7AD65D9C.jpeg?resize=768%2C674 768w, https:\/\/i0.wp.com\/blogdalucianaoliveira.com.br\/blog\/wp-content\/uploads\/2020\/05\/65E1BE37-D319-4E52-91F2-8DEA7AD65D9C.jpeg?resize=342%2C300 342w\" sizes=\"auto, (max-width: 600px) 100vw, 600px\" \/><\/figure>\n\n\n\n<p>Parte do valor exposto foi gasto em uma viagem entre os dias 22 e 29 de mar\u00e7o de 2019. Acompanhado por Valdemir Carlos de G\u00f3es e Julio C\u00e9sar Peres de Morais, respectivamente Secret\u00e1rio Chefe e Agente de Seguran\u00e7a da Casa Militar, Marcos Rocha foi para S\u00e3o Paulo para participar do &#8220;F\u00f3rum Permanente de Artes Marciais&#8221;, que aconteceu em 23 de mar\u00e7o e teve duas horas de dura\u00e7\u00e3o. Ele tamb\u00e9m chegou a se reunir com o governador daquele Estado, Jo\u00e3o D\u00f3ria (PSDB), e seguiu para Bras\u00edlia.<\/p>\n\n\n\n<p>O relat\u00f3rio de presta\u00e7\u00e3o de contas aponta para a viagem citada acima foi destinado aos tr\u00eas um total de R$ 35.280,77, sendo que desse valor R$ 18.720,00 eram de di\u00e1rias, e o restante em passagens. Todas as informa\u00e7\u00f5es foram passadas pelo portal e-Sic, conforme a Lei da Transpar\u00eancia, Lei Federal N\u00ba 12.527, de 18 de novembro de 2011 e a Lei Estadual N\u00ba 3.166, de 27 de agosto de 2013, que regulam o acesso \u00e0s informa\u00e7\u00f5es de cunho p\u00fablico.<\/p>\n\n\n\n<p><strong>RECURSOS PODERIAM IR PARA SA\u00daDE, EDUCA\u00c7\u00c3O OU ESPORTE<\/strong><\/p>\n\n\n\n<p>O valor gasto por Marcos Rocha e seus acompanhantes em sete dias de viagem \u00e9 igual a oito meses de sal\u00e1rio de um enfermeiro, ou, pagaria um t\u00e9cnico de enfermagem por quase dezessete meses. Os valores est\u00e3o de acordo com o piso salarial \u00e9tico estipulado pelo Conselho Regional de Enfermagem de Rond\u00f4nia (Coren-RO).<\/p>\n\n\n\n<p>Em outra compara\u00e7\u00e3o, com R$ 35.280, 77 \u00e9 poss\u00edvel comprar quase 650 caixas de 30 comprimidos de Hidroxicloroquina, medicamento que em uma drogaria consultada custa R$ 54,59 e seu uso \u00e9 defendido pelos seguidores do presidente Jair Bolsonaro (sem partido). Por\u00e9m, \u00e9 importante lembrar que n\u00e3o h\u00e1 evid\u00eancia cient\u00edfica sobre a efic\u00e1cia da cloroquina no tratamento da Covid-19 e o Conselho Federal de Medicina n\u00e3o recomenda seu uso.<\/p>\n\n\n\n<p>Se dividirmos a quantia pelo atual sal\u00e1rio dos Profissionais da Rede P\u00fablica de Educa\u00e7\u00e3o B\u00e1sica, R$ 2.886,24, seria igual a um ano de pagamento de um professor, de acordo com o piso salarial a partir de 2020 (03).<\/p>\n\n\n\n<p>Devemos lembrar que, no ano anterior, alunos do Projeto Bushid\u00f4, que oferta aulas de jiu-j\u00edtsu gratuitas para crian\u00e7as e adolescentes da rede p\u00fablica de ensino em Vilhena, venderam \u00e1gua em um sem\u00e1foro para arrecadar dinheiro e poder participar de competi\u00e7\u00f5es em outras cidades (4).<\/p>\n\n\n\n<p>Vale ressaltar que nenhum atleta rondoniense recebeu do governo local atual tamanha ajuda financeira para disputar campeonatos estaduais, ou em outros estados, mesmo que tenha ido para representar Rond\u00f4nia.<\/p>\n\n\n\n<p>confira documentos: <\/p>\n\n\n\n<figure class=\"wp-block-image size-large\"><img loading=\"lazy\" decoding=\"async\" width=\"828\" height=\"1076\" data-attachment-id=\"28282\" data-permalink=\"http:\/\/blogdalucianaoliveira.com.br\/blog\/2020\/05\/21\/forum-de-artes-marciais-expoe-desperdicio-de-dinheiro-em-viagens-de-governador\/f5d26bc8-23ed-4b71-bebc-ae7ff2cae05b\/\" data-orig-file=\"https:\/\/i0.wp.com\/blogdalucianaoliveira.com.br\/blog\/wp-content\/uploads\/2020\/05\/F5D26BC8-23ED-4B71-BEBC-AE7FF2CAE05B.jpeg?fit=828%2C1076\" data-orig-size=\"828,1076\" data-comments-opened=\"0\" data-image-meta=\"{&quot;aperture&quot;:&quot;0&quot;,&quot;credit&quot;:&quot;&quot;,&quot;camera&quot;:&quot;&quot;,&quot;caption&quot;:&quot;&quot;,&quot;created_timestamp&quot;:&quot;0&quot;,&quot;copyright&quot;:&quot;&quot;,&quot;focal_length&quot;:&quot;0&quot;,&quot;iso&quot;:&quot;0&quot;,&quot;shutter_speed&quot;:&quot;0&quot;,&quot;title&quot;:&quot;&quot;,&quot;orientation&quot;:&quot;0&quot;}\" data-image-title=\"F5D26BC8-23ED-4B71-BEBC-AE7FF2CAE05B\" data-image-description=\"\" data-image-caption=\"\" data-medium-file=\"https:\/\/i0.wp.com\/blogdalucianaoliveira.com.br\/blog\/wp-content\/uploads\/2020\/05\/F5D26BC8-23ED-4B71-BEBC-AE7FF2CAE05B.jpeg?fit=231%2C300\" data-large-file=\"https:\/\/i0.wp.com\/blogdalucianaoliveira.com.br\/blog\/wp-content\/uploads\/2020\/05\/F5D26BC8-23ED-4B71-BEBC-AE7FF2CAE05B.jpeg?fit=600%2C780\" src=\"https:\/\/i2.wp.com\/blogdalucianaoliveira.com.br\/blog\/wp-content\/uploads\/2020\/05\/F5D26BC8-23ED-4B71-BEBC-AE7FF2CAE05B.jpeg?fit=600%2C780\" alt=\"\" class=\"wp-image-28282\" srcset=\"https:\/\/i0.wp.com\/blogdalucianaoliveira.com.br\/blog\/wp-content\/uploads\/2020\/05\/F5D26BC8-23ED-4B71-BEBC-AE7FF2CAE05B.jpeg?w=828 828w, https:\/\/i0.wp.com\/blogdalucianaoliveira.com.br\/blog\/wp-content\/uploads\/2020\/05\/F5D26BC8-23ED-4B71-BEBC-AE7FF2CAE05B.jpeg?resize=231%2C300 231w, https:\/\/i0.wp.com\/blogdalucianaoliveira.com.br\/blog\/wp-content\/uploads\/2020\/05\/F5D26BC8-23ED-4B71-BEBC-AE7FF2CAE05B.jpeg?resize=788%2C1024 788w, https:\/\/i0.wp.com\/blogdalucianaoliveira.com.br\/blog\/wp-content\/uploads\/2020\/05\/F5D26BC8-23ED-4B71-BEBC-AE7FF2CAE05B.jpeg?resize=768%2C998 768w\" sizes=\"auto, (max-width: 600px) 100vw, 600px\" \/><\/figure>\n\n\n\n<p><br><\/p>\n\n\n\n<figure class=\"wp-block-image size-large\"><img loading=\"lazy\" decoding=\"async\" width=\"828\" height=\"1109\" data-attachment-id=\"28283\" data-permalink=\"http:\/\/blogdalucianaoliveira.com.br\/blog\/2020\/05\/21\/forum-de-artes-marciais-expoe-desperdicio-de-dinheiro-em-viagens-de-governador\/bb19fc67-05cb-472d-b80e-1dc9e98b4c36\/\" data-orig-file=\"https:\/\/i0.wp.com\/blogdalucianaoliveira.com.br\/blog\/wp-content\/uploads\/2020\/05\/BB19FC67-05CB-472D-B80E-1DC9E98B4C36.jpeg?fit=828%2C1109\" data-orig-size=\"828,1109\" data-comments-opened=\"0\" data-image-meta=\"{&quot;aperture&quot;:&quot;0&quot;,&quot;credit&quot;:&quot;&quot;,&quot;camera&quot;:&quot;&quot;,&quot;caption&quot;:&quot;&quot;,&quot;created_timestamp&quot;:&quot;0&quot;,&quot;copyright&quot;:&quot;&quot;,&quot;focal_length&quot;:&quot;0&quot;,&quot;iso&quot;:&quot;0&quot;,&quot;shutter_speed&quot;:&quot;0&quot;,&quot;title&quot;:&quot;&quot;,&quot;orientation&quot;:&quot;0&quot;}\" data-image-title=\"BB19FC67-05CB-472D-B80E-1DC9E98B4C36\" data-image-description=\"\" data-image-caption=\"\" data-medium-file=\"https:\/\/i0.wp.com\/blogdalucianaoliveira.com.br\/blog\/wp-content\/uploads\/2020\/05\/BB19FC67-05CB-472D-B80E-1DC9E98B4C36.jpeg?fit=224%2C300\" data-large-file=\"https:\/\/i0.wp.com\/blogdalucianaoliveira.com.br\/blog\/wp-content\/uploads\/2020\/05\/BB19FC67-05CB-472D-B80E-1DC9E98B4C36.jpeg?fit=600%2C803\" src=\"https:\/\/i2.wp.com\/blogdalucianaoliveira.com.br\/blog\/wp-content\/uploads\/2020\/05\/BB19FC67-05CB-472D-B80E-1DC9E98B4C36.jpeg?fit=600%2C803\" alt=\"\" class=\"wp-image-28283\" srcset=\"https:\/\/i0.wp.com\/blogdalucianaoliveira.com.br\/blog\/wp-content\/uploads\/2020\/05\/BB19FC67-05CB-472D-B80E-1DC9E98B4C36.jpeg?w=828 828w, https:\/\/i0.wp.com\/blogdalucianaoliveira.com.br\/blog\/wp-content\/uploads\/2020\/05\/BB19FC67-05CB-472D-B80E-1DC9E98B4C36.jpeg?resize=224%2C300 224w, https:\/\/i0.wp.com\/blogdalucianaoliveira.com.br\/blog\/wp-content\/uploads\/2020\/05\/BB19FC67-05CB-472D-B80E-1DC9E98B4C36.jpeg?resize=765%2C1024 765w, https:\/\/i0.wp.com\/blogdalucianaoliveira.com.br\/blog\/wp-content\/uploads\/2020\/05\/BB19FC67-05CB-472D-B80E-1DC9E98B4C36.jpeg?resize=768%2C1029 768w\" sizes=\"auto, (max-width: 600px) 100vw, 600px\" \/><\/figure>\n\n\n\n<p>(1) http:\/\/www.checagem.unir.br\/noticia\/exibir\/11191<br> (2) http:\/\/www.coren-ro.org.br\/coren-ro-institui-piso-salarial-etico-para-profissionais-de-enfermagem-do-estado_11171.html<br> (3)  http:\/\/www.sintero.org.br\/noticias\/geral\/piso-salarial-do-magisterio-e-reajustado-para-r288624-em-2020\/1847<br> (4) https:\/\/globoesporte.globo.com\/ro\/noticia\/atletas-de-jiu-jitsu-vendem-agua-em-semaforo-para-arrecadar-dinheiro-para-competicoes.ghtml<\/p>\n","protected":false},"excerpt":{"rendered":"<p>Quantia gasta para ir a evento em S\u00e3o Paulo poderia ser investida em sa\u00fade, educa\u00e7\u00e3o e esporte De Vilhena, por J\u00e9ssica Chalegra<\/p>\n","protected":false},"author":1,"featured_media":0,"comment_status":"closed","ping_status":"open","sticky":false,"template":"","format":"standard","meta":{"_exactmetrics_skip_tracking":false,"_exactmetrics_sitenote_active":false,"_exactmetrics_sitenote_note":"","_exactmetrics_sitenote_category":0,"jetpack_post_was_ever_published":false,"_jetpack_newsletter_access":"","_jetpack_dont_email_post_to_subs":false,"_jetpack_newsletter_tier_id":0,"_jetpack_memberships_contains_paywalled_content":false,"_jetpack_memberships_contains_paid_content":false,"footnotes":"","jetpack_publicize_message":"","jetpack_publicize_feature_enabled":true,"jetpack_social_post_already_shared":true,"jetpack_social_options":{"image_generator_settings":{"template":"highway","enabled":false},"version":2}},"categories":[1],"tags":[],"class_list":["post-28281","post","type-post","status-publish","format-standard","hentry","category-notas"],"jetpack_publicize_connections":[],"jetpack_sharing_enabled":true,"jetpack_featured_media_url":"","jetpack_shortlink":"https:\/\/wp.me\/p7wKYW-7m9","jetpack-related-posts":[],"_links":{"self":[{"href":"http:\/\/blogdalucianaoliveira.com.br\/blog\/wp-json\/wp\/v2\/posts\/28281","targetHints":{"allow":["GET"]}}],"collection":[{"href":"http:\/\/blogdalucianaoliveira.com.br\/blog\/wp-json\/wp\/v2\/posts"}],"about":[{"href":"http:\/\/blogdalucianaoliveira.com.br\/blog\/wp-json\/wp\/v2\/types\/post"}],"author":[{"embeddable":true,"href":"http:\/\/blogdalucianaoliveira.com.br\/blog\/wp-json\/wp\/v2\/users\/1"}],"replies":[{"embeddable":true,"href":"http:\/\/blogdalucianaoliveira.com.br\/blog\/wp-json\/wp\/v2\/comments?post=28281"}],"version-history":[{"count":1,"href":"http:\/\/blogdalucianaoliveira.com.br\/blog\/wp-json\/wp\/v2\/posts\/28281\/revisions"}],"predecessor-version":[{"id":28286,"href":"http:\/\/blogdalucianaoliveira.com.br\/blog\/wp-json\/wp\/v2\/posts\/28281\/revisions\/28286"}],"wp:attachment":[{"href":"http:\/\/blogdalucianaoliveira.com.br\/blog\/wp-json\/wp\/v2\/media?parent=28281"}],"wp:term":[{"taxonomy":"category","embeddable":true,"href":"http:\/\/blogdalucianaoliveira.com.br\/blog\/wp-json\/wp\/v2\/categories?post=28281"},{"taxonomy":"post_tag","embeddable":true,"href":"http:\/\/blogdalucianaoliveira.com.br\/blog\/wp-json\/wp\/v2\/tags?post=28281"}],"curies":[{"name":"wp","href":"https:\/\/api.w.org\/{rel}","templated":true}]}}