{"id":28287,"date":"2020-05-21T19:22:40","date_gmt":"2020-05-21T23:22:40","guid":{"rendered":"http:\/\/blogdalucianaoliveira.com.br\/blog\/?p=28287"},"modified":"2020-05-21T19:22:47","modified_gmt":"2020-05-21T23:22:47","slug":"camara-adia-votacao-da-lei-de-emergencia-cultural-para-terca-feira","status":"publish","type":"post","link":"http:\/\/blogdalucianaoliveira.com.br\/blog\/2020\/05\/21\/camara-adia-votacao-da-lei-de-emergencia-cultural-para-terca-feira\/","title":{"rendered":"C\u00e2mara adia vota\u00e7\u00e3o da Lei de Emerg\u00eancia Cultural para ter\u00e7a-feira"},"content":{"rendered":"\n<figure class=\"wp-block-image size-large\"><img loading=\"lazy\" decoding=\"async\" width=\"1200\" height=\"754\" data-attachment-id=\"28288\" data-permalink=\"http:\/\/blogdalucianaoliveira.com.br\/blog\/2020\/05\/21\/camara-adia-votacao-da-lei-de-emergencia-cultural-para-terca-feira\/image-78-5\/\" data-orig-file=\"https:\/\/i0.wp.com\/blogdalucianaoliveira.com.br\/blog\/wp-content\/uploads\/2020\/05\/image-78.jpeg?fit=1200%2C754\" data-orig-size=\"1200,754\" data-comments-opened=\"0\" data-image-meta=\"{&quot;aperture&quot;:&quot;0&quot;,&quot;credit&quot;:&quot;&quot;,&quot;camera&quot;:&quot;&quot;,&quot;caption&quot;:&quot;&quot;,&quot;created_timestamp&quot;:&quot;0&quot;,&quot;copyright&quot;:&quot;&quot;,&quot;focal_length&quot;:&quot;0&quot;,&quot;iso&quot;:&quot;0&quot;,&quot;shutter_speed&quot;:&quot;0&quot;,&quot;title&quot;:&quot;&quot;,&quot;orientation&quot;:&quot;0&quot;}\" data-image-title=\"image-78\" data-image-description=\"\" data-image-caption=\"\" data-medium-file=\"https:\/\/i0.wp.com\/blogdalucianaoliveira.com.br\/blog\/wp-content\/uploads\/2020\/05\/image-78.jpeg?fit=300%2C189\" data-large-file=\"https:\/\/i0.wp.com\/blogdalucianaoliveira.com.br\/blog\/wp-content\/uploads\/2020\/05\/image-78.jpeg?fit=600%2C377\" src=\"https:\/\/i0.wp.com\/blogdalucianaoliveira.com.br\/blog\/wp-content\/uploads\/2020\/05\/image-78.jpeg?fit=600%2C377\" alt=\"\" class=\"wp-image-28288\" srcset=\"https:\/\/i0.wp.com\/blogdalucianaoliveira.com.br\/blog\/wp-content\/uploads\/2020\/05\/image-78.jpeg?w=1200 1200w, https:\/\/i0.wp.com\/blogdalucianaoliveira.com.br\/blog\/wp-content\/uploads\/2020\/05\/image-78.jpeg?resize=300%2C189 300w, https:\/\/i0.wp.com\/blogdalucianaoliveira.com.br\/blog\/wp-content\/uploads\/2020\/05\/image-78.jpeg?resize=1024%2C643 1024w, https:\/\/i0.wp.com\/blogdalucianaoliveira.com.br\/blog\/wp-content\/uploads\/2020\/05\/image-78.jpeg?resize=768%2C483 768w, https:\/\/i0.wp.com\/blogdalucianaoliveira.com.br\/blog\/wp-content\/uploads\/2020\/05\/image-78.jpeg?resize=477%2C300 477w\" sizes=\"auto, (max-width: 600px) 100vw, 600px\" \/><\/figure>\n\n\n\n<p>Na ANF &#8211; A vota\u00e7\u00e3o do Projeto de Lei 1075\/2020, a Lei de Emerg\u00eancia Cultural, que tramita no Congresso Nacional em regime de urg\u00eancia, foi transferida para ter\u00e7a-feira, 26, a pedido do Ministro do Turismo, Marcelo Ant\u00f4nio, respons\u00e1vel pela Secretaria Especial de Cultura. <br><\/p>\n\n\n\n<!--more-->\n\n\n\n<p>Ele recebeu o texto hoje, 21, e pediu tempo para \u201ctomar conhecimento do PL\u201d. <br>O presidente da C\u00e2mara, Rodrigo Maia, havia inclu\u00eddo na pauta de vota\u00e7\u00e3o desta quinta-feira.<\/p>\n\n\n\n<p>A relatora do projeto, deputada federal Jandira Feghali, destacou a constru\u00e7\u00e3o participativa do substitutivo que apresentou para vota\u00e7\u00e3o em plen\u00e1rio, que unificou diferentes projetos em tramita\u00e7\u00e3o na C\u00e2mara e incorporou contribui\u00e7\u00f5es dos mais diversos segmentos art\u00edsticos e culturais:\u201cRealizamos diversas reuni\u00f5es nacionais e regionais com artistas, t\u00e9cnicos, produtores, coletivos, conselheiros e gestores municipais e estaduais de todo o pa\u00eds, autores dos cinco projetos de lei que s\u00e3o analisados neste parecer, parlamentares de diversos partidos, lideres, e protocolamos na Casa um novo parecer a partir dessa ampla ausculta. <br><\/p>\n\n\n\n<p>Encaminhamos \u00e0 presid\u00eancia e esperamos agora o apoio amplo das lideran\u00e7as do Congresso para que possamos aprovar esta importante Lei de Emerg\u00eancia Cultural, socorrendo os que exercem e vivem os of\u00edcios da arte e da cultura\u201d, disse a deputada.<br><\/p>\n\n\n\n<p>A hora \u00e9 essa! Mobiliza\u00e7\u00e3o total nas redes pela aprova\u00e7\u00e3o da Lei de Emerg\u00eancia Cultural<\/p>\n\n\n\n<p>LEIA AQUI o substitutivo final encaminhado para vota\u00e7\u00e3o:<a href=\"https:\/\/cutt.ly\/yyUE77d\">https:\/\/cutt.ly\/yyUE77d<\/a>MANUAL DE A\u00c7\u00c3O NAS REDES- veja como fazer a campanha pela aprova\u00e7\u00e3o da Lei junto aos parlamentares de seus estados:<a href=\"https:\/\/cutt.ly\/IyUE3gu\">https:\/\/cutt.ly\/IyUE3gu<\/a>#LeiEmergenciaCulturalContamos com o apoio e a participa\u00e7\u00e3o de todos e todas.Para acompanhar todas as not\u00edcias e a\u00e7\u00f5es em tempo real, temos:Grupo de WhatsApp\u00a0<a href=\"https:\/\/cutt.ly\/lyQEYPC\">https:\/\/cutt.ly\/lyQEYPC<\/a>Canal Telegran\u00a0<a href=\"https:\/\/t.me\/leiemergeciacultural\">https:\/\/t.me\/leiemergeciacultural<\/a>Instagram :\u00a0<a href=\"https:\/\/cutt.ly\/Yyjf7KT\">https:\/\/cutt.ly\/Yyjf7KT<\/a>Venha fazer parte desta urgente Mobiliza\u00e7\u00e3o!<\/p>\n","protected":false},"excerpt":{"rendered":"<p>Na ANF &#8211; A vota\u00e7\u00e3o do Projeto de Lei 1075\/2020, a Lei de Emerg\u00eancia Cultural, que tramita no Congresso Nacional em regime de urg\u00eancia, foi transferida para ter\u00e7a-feira, 26, a pedido do Ministro do Turismo, Marcelo Ant\u00f4nio, respons\u00e1vel pela Secretaria Especial de Cultura.<\/p>\n","protected":false},"author":1,"featured_media":0,"comment_status":"closed","ping_status":"open","sticky":false,"template":"","format":"standard","meta":{"_exactmetrics_skip_tracking":false,"_exactmetrics_sitenote_active":false,"_exactmetrics_sitenote_note":"","_exactmetrics_sitenote_category":0,"jetpack_post_was_ever_published":false,"_jetpack_newsletter_access":"","_jetpack_dont_email_post_to_subs":false,"_jetpack_newsletter_tier_id":0,"_jetpack_memberships_contains_paywalled_content":false,"_jetpack_memberships_contains_paid_content":false,"footnotes":"","jetpack_publicize_message":"","jetpack_publicize_feature_enabled":true,"jetpack_social_post_already_shared":true,"jetpack_social_options":{"image_generator_settings":{"template":"highway","enabled":false},"version":2}},"categories":[1],"tags":[],"class_list":["post-28287","post","type-post","status-publish","format-standard","hentry","category-notas"],"jetpack_publicize_connections":[],"jetpack_sharing_enabled":true,"jetpack_featured_media_url":"","jetpack_shortlink":"https:\/\/wp.me\/p7wKYW-7mf","jetpack-related-posts":[],"_links":{"self":[{"href":"http:\/\/blogdalucianaoliveira.com.br\/blog\/wp-json\/wp\/v2\/posts\/28287","targetHints":{"allow":["GET"]}}],"collection":[{"href":"http:\/\/blogdalucianaoliveira.com.br\/blog\/wp-json\/wp\/v2\/posts"}],"about":[{"href":"http:\/\/blogdalucianaoliveira.com.br\/blog\/wp-json\/wp\/v2\/types\/post"}],"author":[{"embeddable":true,"href":"http:\/\/blogdalucianaoliveira.com.br\/blog\/wp-json\/wp\/v2\/users\/1"}],"replies":[{"embeddable":true,"href":"http:\/\/blogdalucianaoliveira.com.br\/blog\/wp-json\/wp\/v2\/comments?post=28287"}],"version-history":[{"count":1,"href":"http:\/\/blogdalucianaoliveira.com.br\/blog\/wp-json\/wp\/v2\/posts\/28287\/revisions"}],"predecessor-version":[{"id":28289,"href":"http:\/\/blogdalucianaoliveira.com.br\/blog\/wp-json\/wp\/v2\/posts\/28287\/revisions\/28289"}],"wp:attachment":[{"href":"http:\/\/blogdalucianaoliveira.com.br\/blog\/wp-json\/wp\/v2\/media?parent=28287"}],"wp:term":[{"taxonomy":"category","embeddable":true,"href":"http:\/\/blogdalucianaoliveira.com.br\/blog\/wp-json\/wp\/v2\/categories?post=28287"},{"taxonomy":"post_tag","embeddable":true,"href":"http:\/\/blogdalucianaoliveira.com.br\/blog\/wp-json\/wp\/v2\/tags?post=28287"}],"curies":[{"name":"wp","href":"https:\/\/api.w.org\/{rel}","templated":true}]}}