{"id":28290,"date":"2020-05-21T19:27:23","date_gmt":"2020-05-21T23:27:23","guid":{"rendered":"http:\/\/blogdalucianaoliveira.com.br\/blog\/?p=28290"},"modified":"2020-05-21T19:27:30","modified_gmt":"2020-05-21T23:27:30","slug":"camara-aprova-auxilio-de-um-salario-minimo-a-indigenas-ribeirinhos-e-quilombolas","status":"publish","type":"post","link":"http:\/\/blogdalucianaoliveira.com.br\/blog\/2020\/05\/21\/camara-aprova-auxilio-de-um-salario-minimo-a-indigenas-ribeirinhos-e-quilombolas\/","title":{"rendered":"C\u00e2mara aprova aux\u00edlio de um sal\u00e1rio m\u00ednimo a ind\u00edgenas, ribeirinhos e quilombolas"},"content":{"rendered":"\n<figure class=\"wp-block-image size-large\"><img data-recalc-dims=\"1\" loading=\"lazy\" decoding=\"async\" width=\"600\" height=\"401\" data-attachment-id=\"28291\" data-permalink=\"http:\/\/blogdalucianaoliveira.com.br\/blog\/2020\/05\/21\/camara-aprova-auxilio-de-um-salario-minimo-a-indigenas-ribeirinhos-e-quilombolas\/image-79-5\/\" data-orig-file=\"https:\/\/i0.wp.com\/blogdalucianaoliveira.com.br\/blog\/wp-content\/uploads\/2020\/05\/image-79.jpeg?fit=800%2C534\" data-orig-size=\"800,534\" data-comments-opened=\"0\" data-image-meta=\"{&quot;aperture&quot;:&quot;0&quot;,&quot;credit&quot;:&quot;&quot;,&quot;camera&quot;:&quot;&quot;,&quot;caption&quot;:&quot;&quot;,&quot;created_timestamp&quot;:&quot;0&quot;,&quot;copyright&quot;:&quot;&quot;,&quot;focal_length&quot;:&quot;0&quot;,&quot;iso&quot;:&quot;0&quot;,&quot;shutter_speed&quot;:&quot;0&quot;,&quot;title&quot;:&quot;&quot;,&quot;orientation&quot;:&quot;1&quot;}\" data-image-title=\"image-79\" data-image-description=\"\" data-image-caption=\"\" data-medium-file=\"https:\/\/i0.wp.com\/blogdalucianaoliveira.com.br\/blog\/wp-content\/uploads\/2020\/05\/image-79.jpeg?fit=300%2C200\" data-large-file=\"https:\/\/i0.wp.com\/blogdalucianaoliveira.com.br\/blog\/wp-content\/uploads\/2020\/05\/image-79.jpeg?fit=600%2C401\" src=\"https:\/\/i0.wp.com\/blogdalucianaoliveira.com.br\/blog\/wp-content\/uploads\/2020\/05\/image-79.jpeg?resize=600%2C401\" alt=\"\" class=\"wp-image-28291\" srcset=\"https:\/\/i0.wp.com\/blogdalucianaoliveira.com.br\/blog\/wp-content\/uploads\/2020\/05\/image-79.jpeg?w=800 800w, https:\/\/i0.wp.com\/blogdalucianaoliveira.com.br\/blog\/wp-content\/uploads\/2020\/05\/image-79.jpeg?resize=300%2C200 300w, https:\/\/i0.wp.com\/blogdalucianaoliveira.com.br\/blog\/wp-content\/uploads\/2020\/05\/image-79.jpeg?resize=768%2C513 768w, https:\/\/i0.wp.com\/blogdalucianaoliveira.com.br\/blog\/wp-content\/uploads\/2020\/05\/image-79.jpeg?resize=449%2C300 449w\" sizes=\"auto, (max-width: 600px) 100vw, 600px\" \/><\/figure>\n\n\n\n<h4 class=\"wp-block-heading\">Texto vai ao Senado; aux\u00edlio poder\u00e1 ser pago sem necessidade de inscri\u00e7\u00e3o das fam\u00edlias em cadastros sociais anteriores<\/h4>\n\n\n\n<!--more-->\n\n\n\n<p>Brasil de Fato\u00a0<\/p>\n\n\n\n<p>A C\u00e2mara dos Deputados aprovou nesta quinta-feira (21) o projeto de lei 1142\/20, que institui aux\u00edlio emergencial no valor de um sal\u00e1rio m\u00ednimo (R$ 1.045) mensal a fam\u00edlias ind\u00edgenas enquanto perdurar o estado de&nbsp;<a href=\"https:\/\/www.brasildefato.com.br\/minuto-a-minuto\/coronavirus-no-brasil\">emerg\u00eancia pelo novo coronav\u00edrus<\/a>. O texto segue agora para an\u00e1lise do Senado.<\/p>\n\n\n\n<p>A medida se estende a pescadores, ribeirinhos, quilombolas e povos das florestas. Pelo texto, o aux\u00edlio poder\u00e1 ser executado sem a necessidade de inscri\u00e7\u00e3o das fam\u00edlias em cadastros sociais anteriores, inclu\u00eddos os ind\u00edgenas que residam fora de terras ind\u00edgenas por raz\u00f5es de estudo ou de tratamento m\u00e9dico.<\/p>\n\n\n\n<p>A proposta admite &#8211; n\u00e3o obriga &#8211; a distribui\u00e7\u00e3o direta de cestas b\u00e1sicas, itens de prote\u00e7\u00e3o contra a covid-19&nbsp;(m\u00e1scara, \u00e1lcool gel, etc) e rem\u00e9dios&nbsp;pelos distritos sanit\u00e1rios ind\u00edgenas e pela Funda\u00e7\u00e3o Nacional do \u00cdndio (Funai).&nbsp;<\/p>\n\n\n\n<p>Outro ponto do texto prev\u00ea o desenvolvimento de a\u00e7\u00f5es emergenciais de sa\u00fade, como a restri\u00e7\u00e3o de acesso \u00e0s aldeias por n\u00e3o ind\u00edgenas, ressalvados profissionais da sa\u00fade e servidores da Funai; o acesso garantido ao Sistema \u00danico de Sa\u00fade (SUS); a testagem r\u00e1pida para os casos suspeitos de coronav\u00edrus; a oferta emergencial de leitos hospitalares; e a disponibiliza\u00e7\u00e3o de ambul\u00e2ncias adequadas para o transporte de ind\u00edgenas de suas comunidades at\u00e9 a unidade de sa\u00fade mais pr\u00f3xima.<\/p>\n\n\n\n<p>O dinheiro sair\u00e1 do fundo criado pelo governo para enfrentar a pandemia. O projeto permite que a Uni\u00e3o firme conv\u00eanio com&nbsp;estados e munic\u00edpios para implementar&nbsp;as a\u00e7\u00f5es.<\/p>\n\n\n\n<p>Edi\u00e7\u00e3o: Rodrigo Chagas<\/p>\n","protected":false},"excerpt":{"rendered":"<p>Texto vai ao Senado; aux\u00edlio poder\u00e1 ser pago sem necessidade de inscri\u00e7\u00e3o das fam\u00edlias em cadastros sociais anteriores<\/p>\n","protected":false},"author":1,"featured_media":0,"comment_status":"closed","ping_status":"open","sticky":false,"template":"","format":"standard","meta":{"_exactmetrics_skip_tracking":false,"_exactmetrics_sitenote_active":false,"_exactmetrics_sitenote_note":"","_exactmetrics_sitenote_category":0,"jetpack_post_was_ever_published":false,"_jetpack_newsletter_access":"","_jetpack_dont_email_post_to_subs":false,"_jetpack_newsletter_tier_id":0,"_jetpack_memberships_contains_paywalled_content":false,"_jetpack_memberships_contains_paid_content":false,"footnotes":"","jetpack_publicize_message":"","jetpack_publicize_feature_enabled":true,"jetpack_social_post_already_shared":true,"jetpack_social_options":{"image_generator_settings":{"template":"highway","enabled":false},"version":2}},"categories":[1],"tags":[],"class_list":["post-28290","post","type-post","status-publish","format-standard","hentry","category-notas"],"jetpack_publicize_connections":[],"jetpack_sharing_enabled":true,"jetpack_featured_media_url":"","jetpack_shortlink":"https:\/\/wp.me\/p7wKYW-7mi","jetpack-related-posts":[],"_links":{"self":[{"href":"http:\/\/blogdalucianaoliveira.com.br\/blog\/wp-json\/wp\/v2\/posts\/28290","targetHints":{"allow":["GET"]}}],"collection":[{"href":"http:\/\/blogdalucianaoliveira.com.br\/blog\/wp-json\/wp\/v2\/posts"}],"about":[{"href":"http:\/\/blogdalucianaoliveira.com.br\/blog\/wp-json\/wp\/v2\/types\/post"}],"author":[{"embeddable":true,"href":"http:\/\/blogdalucianaoliveira.com.br\/blog\/wp-json\/wp\/v2\/users\/1"}],"replies":[{"embeddable":true,"href":"http:\/\/blogdalucianaoliveira.com.br\/blog\/wp-json\/wp\/v2\/comments?post=28290"}],"version-history":[{"count":1,"href":"http:\/\/blogdalucianaoliveira.com.br\/blog\/wp-json\/wp\/v2\/posts\/28290\/revisions"}],"predecessor-version":[{"id":28292,"href":"http:\/\/blogdalucianaoliveira.com.br\/blog\/wp-json\/wp\/v2\/posts\/28290\/revisions\/28292"}],"wp:attachment":[{"href":"http:\/\/blogdalucianaoliveira.com.br\/blog\/wp-json\/wp\/v2\/media?parent=28290"}],"wp:term":[{"taxonomy":"category","embeddable":true,"href":"http:\/\/blogdalucianaoliveira.com.br\/blog\/wp-json\/wp\/v2\/categories?post=28290"},{"taxonomy":"post_tag","embeddable":true,"href":"http:\/\/blogdalucianaoliveira.com.br\/blog\/wp-json\/wp\/v2\/tags?post=28290"}],"curies":[{"name":"wp","href":"https:\/\/api.w.org\/{rel}","templated":true}]}}