{"id":28293,"date":"2020-05-22T07:39:38","date_gmt":"2020-05-22T11:39:38","guid":{"rendered":"http:\/\/blogdalucianaoliveira.com.br\/blog\/?p=28293"},"modified":"2020-05-22T07:39:46","modified_gmt":"2020-05-22T11:39:46","slug":"55-paises-adiaram-eleicoes-por-pandemia","status":"publish","type":"post","link":"http:\/\/blogdalucianaoliveira.com.br\/blog\/2020\/05\/22\/55-paises-adiaram-eleicoes-por-pandemia\/","title":{"rendered":"55 pa\u00edses adiaram elei\u00e7\u00f5es por pandemia"},"content":{"rendered":"\n<figure class=\"wp-block-image size-large\"><img data-recalc-dims=\"1\" loading=\"lazy\" decoding=\"async\" width=\"600\" height=\"333\" data-attachment-id=\"28294\" data-permalink=\"http:\/\/blogdalucianaoliveira.com.br\/blog\/2020\/05\/22\/55-paises-adiaram-eleicoes-por-pandemia\/image-2-12\/\" data-orig-file=\"https:\/\/i0.wp.com\/blogdalucianaoliveira.com.br\/blog\/wp-content\/uploads\/2020\/05\/image-2.png?fit=810%2C450\" data-orig-size=\"810,450\" data-comments-opened=\"0\" data-image-meta=\"{&quot;aperture&quot;:&quot;0&quot;,&quot;credit&quot;:&quot;&quot;,&quot;camera&quot;:&quot;&quot;,&quot;caption&quot;:&quot;&quot;,&quot;created_timestamp&quot;:&quot;0&quot;,&quot;copyright&quot;:&quot;&quot;,&quot;focal_length&quot;:&quot;0&quot;,&quot;iso&quot;:&quot;0&quot;,&quot;shutter_speed&quot;:&quot;0&quot;,&quot;title&quot;:&quot;&quot;,&quot;orientation&quot;:&quot;0&quot;}\" data-image-title=\"image-2\" data-image-description=\"\" data-image-caption=\"\" data-medium-file=\"https:\/\/i0.wp.com\/blogdalucianaoliveira.com.br\/blog\/wp-content\/uploads\/2020\/05\/image-2.png?fit=300%2C167\" data-large-file=\"https:\/\/i0.wp.com\/blogdalucianaoliveira.com.br\/blog\/wp-content\/uploads\/2020\/05\/image-2.png?fit=600%2C333\" src=\"https:\/\/i0.wp.com\/blogdalucianaoliveira.com.br\/blog\/wp-content\/uploads\/2020\/05\/image-2.png?resize=600%2C333\" alt=\"\" class=\"wp-image-28294\" srcset=\"https:\/\/i0.wp.com\/blogdalucianaoliveira.com.br\/blog\/wp-content\/uploads\/2020\/05\/image-2.png?w=810 810w, https:\/\/i0.wp.com\/blogdalucianaoliveira.com.br\/blog\/wp-content\/uploads\/2020\/05\/image-2.png?resize=300%2C167 300w, https:\/\/i0.wp.com\/blogdalucianaoliveira.com.br\/blog\/wp-content\/uploads\/2020\/05\/image-2.png?resize=768%2C427 768w, https:\/\/i0.wp.com\/blogdalucianaoliveira.com.br\/blog\/wp-content\/uploads\/2020\/05\/image-2.png?resize=540%2C300 540w\" sizes=\"auto, (max-width: 600px) 100vw, 600px\" \/><\/figure>\n\n\n\n<p>Um estudo internacional feito no TSE, feito a pedido do ministro e futuro presidente Lu\u00eds Roberto Barroso, mostrou que em 55 pa\u00edses houve o adiamento de elei\u00e7\u00f5es, referendos ou pr\u00e9vias, entre fevereiro e o come\u00e7o de maio deste ano.<\/p>\n\n\n\n<!--more-->\n\n\n\n<p>O levantamento, antecipado pela Coluna, revelou ainda 22 na\u00e7\u00f5es que mantiveram a disputa, mesmo com a covid-19, como \u00e9 o caso da Coreia do Sul. As elei\u00e7\u00f5es no Brasil est\u00e3o marcadas para outubro, mas devem ser adiadas pelo Congresso.<\/p>\n\n\n\n<p>O autor do estudo, futuro assessor internacional do TSE, Jos\u00e9 Gilberto Scandiucci Filho, destaca medidas adotadas pelo pa\u00eds asi\u00e1tico, como a proibi\u00e7\u00e3o de com\u00edcios. Ressalta ainda que, na ocasi\u00e3o, a curva da Coreia do Sul era descendente, o que pode n\u00e3o ser o caso do Brasil em outubro.<\/p>\n\n\n\n<p>Estad\u00e3o<\/p>\n","protected":false},"excerpt":{"rendered":"<p>Um estudo internacional feito no TSE, feito a pedido do ministro e futuro presidente Lu\u00eds Roberto Barroso, mostrou que em 55 pa\u00edses houve o adiamento de elei\u00e7\u00f5es, referendos ou pr\u00e9vias, entre fevereiro e o come\u00e7o de maio deste ano.<\/p>\n","protected":false},"author":1,"featured_media":0,"comment_status":"closed","ping_status":"open","sticky":false,"template":"","format":"standard","meta":{"_exactmetrics_skip_tracking":false,"_exactmetrics_sitenote_active":false,"_exactmetrics_sitenote_note":"","_exactmetrics_sitenote_category":0,"jetpack_post_was_ever_published":false,"_jetpack_newsletter_access":"","_jetpack_dont_email_post_to_subs":false,"_jetpack_newsletter_tier_id":0,"_jetpack_memberships_contains_paywalled_content":false,"_jetpack_memberships_contains_paid_content":false,"footnotes":"","jetpack_publicize_message":"","jetpack_publicize_feature_enabled":true,"jetpack_social_post_already_shared":true,"jetpack_social_options":{"image_generator_settings":{"template":"highway","enabled":false},"version":2}},"categories":[1],"tags":[],"class_list":["post-28293","post","type-post","status-publish","format-standard","hentry","category-notas"],"jetpack_publicize_connections":[],"jetpack_sharing_enabled":true,"jetpack_featured_media_url":"","jetpack_shortlink":"https:\/\/wp.me\/p7wKYW-7ml","jetpack-related-posts":[],"_links":{"self":[{"href":"http:\/\/blogdalucianaoliveira.com.br\/blog\/wp-json\/wp\/v2\/posts\/28293","targetHints":{"allow":["GET"]}}],"collection":[{"href":"http:\/\/blogdalucianaoliveira.com.br\/blog\/wp-json\/wp\/v2\/posts"}],"about":[{"href":"http:\/\/blogdalucianaoliveira.com.br\/blog\/wp-json\/wp\/v2\/types\/post"}],"author":[{"embeddable":true,"href":"http:\/\/blogdalucianaoliveira.com.br\/blog\/wp-json\/wp\/v2\/users\/1"}],"replies":[{"embeddable":true,"href":"http:\/\/blogdalucianaoliveira.com.br\/blog\/wp-json\/wp\/v2\/comments?post=28293"}],"version-history":[{"count":1,"href":"http:\/\/blogdalucianaoliveira.com.br\/blog\/wp-json\/wp\/v2\/posts\/28293\/revisions"}],"predecessor-version":[{"id":28295,"href":"http:\/\/blogdalucianaoliveira.com.br\/blog\/wp-json\/wp\/v2\/posts\/28293\/revisions\/28295"}],"wp:attachment":[{"href":"http:\/\/blogdalucianaoliveira.com.br\/blog\/wp-json\/wp\/v2\/media?parent=28293"}],"wp:term":[{"taxonomy":"category","embeddable":true,"href":"http:\/\/blogdalucianaoliveira.com.br\/blog\/wp-json\/wp\/v2\/categories?post=28293"},{"taxonomy":"post_tag","embeddable":true,"href":"http:\/\/blogdalucianaoliveira.com.br\/blog\/wp-json\/wp\/v2\/tags?post=28293"}],"curies":[{"name":"wp","href":"https:\/\/api.w.org\/{rel}","templated":true}]}}