{"id":28296,"date":"2020-05-22T07:50:25","date_gmt":"2020-05-22T11:50:25","guid":{"rendered":"http:\/\/blogdalucianaoliveira.com.br\/blog\/?p=28296"},"modified":"2020-05-22T07:50:33","modified_gmt":"2020-05-22T11:50:33","slug":"lideres-em-casos-de-covid-tem-governos-conservadores-ou-demoraram-a-adotar-isolamento","status":"publish","type":"post","link":"http:\/\/blogdalucianaoliveira.com.br\/blog\/2020\/05\/22\/lideres-em-casos-de-covid-tem-governos-conservadores-ou-demoraram-a-adotar-isolamento\/","title":{"rendered":"L\u00edderes em casos de covid t\u00eam governos conservadores ou demoraram a adotar isolamento"},"content":{"rendered":"\n<figure class=\"wp-block-image size-large\"><img data-recalc-dims=\"1\" loading=\"lazy\" decoding=\"async\" width=\"600\" height=\"400\" data-attachment-id=\"28297\" data-permalink=\"http:\/\/blogdalucianaoliveira.com.br\/blog\/2020\/05\/22\/lideres-em-casos-de-covid-tem-governos-conservadores-ou-demoraram-a-adotar-isolamento\/image-80-5\/\" data-orig-file=\"https:\/\/i0.wp.com\/blogdalucianaoliveira.com.br\/blog\/wp-content\/uploads\/2020\/05\/image-80.jpeg?fit=800%2C533\" data-orig-size=\"800,533\" data-comments-opened=\"0\" data-image-meta=\"{&quot;aperture&quot;:&quot;0&quot;,&quot;credit&quot;:&quot;&quot;,&quot;camera&quot;:&quot;&quot;,&quot;caption&quot;:&quot;&quot;,&quot;created_timestamp&quot;:&quot;0&quot;,&quot;copyright&quot;:&quot;&quot;,&quot;focal_length&quot;:&quot;0&quot;,&quot;iso&quot;:&quot;0&quot;,&quot;shutter_speed&quot;:&quot;0&quot;,&quot;title&quot;:&quot;&quot;,&quot;orientation&quot;:&quot;0&quot;}\" data-image-title=\"image-80\" data-image-description=\"\" data-image-caption=\"\" data-medium-file=\"https:\/\/i0.wp.com\/blogdalucianaoliveira.com.br\/blog\/wp-content\/uploads\/2020\/05\/image-80.jpeg?fit=300%2C200\" data-large-file=\"https:\/\/i0.wp.com\/blogdalucianaoliveira.com.br\/blog\/wp-content\/uploads\/2020\/05\/image-80.jpeg?fit=600%2C400\" src=\"https:\/\/i0.wp.com\/blogdalucianaoliveira.com.br\/blog\/wp-content\/uploads\/2020\/05\/image-80.jpeg?resize=600%2C400\" alt=\"\" class=\"wp-image-28297\" srcset=\"https:\/\/i0.wp.com\/blogdalucianaoliveira.com.br\/blog\/wp-content\/uploads\/2020\/05\/image-80.jpeg?w=800 800w, https:\/\/i0.wp.com\/blogdalucianaoliveira.com.br\/blog\/wp-content\/uploads\/2020\/05\/image-80.jpeg?resize=300%2C200 300w, https:\/\/i0.wp.com\/blogdalucianaoliveira.com.br\/blog\/wp-content\/uploads\/2020\/05\/image-80.jpeg?resize=768%2C512 768w, https:\/\/i0.wp.com\/blogdalucianaoliveira.com.br\/blog\/wp-content\/uploads\/2020\/05\/image-80.jpeg?resize=450%2C300 450w\" sizes=\"auto, (max-width: 600px) 100vw, 600px\" \/><\/figure>\n\n\n\n<h4 class=\"wp-block-heading\">N\u00famero de infectados supera os 5 milh\u00f5es com resultados dram\u00e1ticos para na\u00e7\u00f5es que ignoraram o isolamento social<\/h4>\n\n\n\n<!--more-->\n\n\n\n<p>Nara Lacerda &#8211; Brasil de Fato<\/p>\n\n\n\n<p>Apesar da diversidade observada entre os cinco pa\u00edses que mais registram casos da<a href=\"https:\/\/www.brasildefato.com.br\/minuto-a-minuto\/coronavirus-no-brasil\" target=\"_blank\" rel=\"noreferrer noopener\">&nbsp;covid-19<\/a>&nbsp;no mundo, pelo menos duas caracter\u00edsticas podem ser encontradas em quase todos: o conservadorismo pol\u00edtico ou a falta de aten\u00e7\u00e3o a recomenda\u00e7\u00f5es da ci\u00eancia. Por conta disso, nesses lugares,&nbsp;as medidas restritivas vieram tarde.<\/p>\n\n\n\n<p>Aliada&nbsp;\u00e0 densidade populacional e ao alto \u00edndice de pessoas nos grupos de risco, a continuidade das atividades econ\u00f4micas em momentos cruciais para controle da pandemia criou cen\u00e1rios cr\u00edticos. Os<a href=\"https:\/\/www.brasildefato.com.br\/2020\/03\/20\/coronavirus-sistema-de-saude-privado-nos-eua-esta-matando-as-pessoas-diz-ativista\">&nbsp;sistemas de sa\u00fade<\/a>&nbsp;ficaram sobrecarregados e houve situa\u00e7\u00f5es em que as&nbsp;<a href=\"https:\/\/www.brasildefato.com.br\/2020\/05\/08\/saiba-a-situacao-do-sistema-funerario-das-quatro-capitais-com-mais-casos-de-covid-19\">redes funer\u00e1rias<\/a>&nbsp;n\u00e3o conseguiram atender \u00e0 demanda, impactadas pela quantidade de mortos.<\/p>\n\n\n\n<p>Na lista das na\u00e7\u00f5es com maior n\u00famero de infectados est\u00e3o Estados Unidos, R\u00fassia, Brasil, Reino Unido e Espanha. Elas somam mais de 2,6 milh\u00f5es casos, mais da metade&nbsp;dos 5,1 milh\u00f5es&nbsp;em todo o mundo, eles som.&nbsp;O m\u00e9dico e mestre em Sa\u00fade P\u00fablica pela Universidade de S\u00e3o Paulo, Thiago Henrique Silva, explica que h\u00e1 duas fases essenciais&nbsp;para criar formas de enfrentar crises como esta&nbsp;\u2013&nbsp;parte desses pa\u00edses falharam na fase inicial desse processo.<\/p>\n\n\n\n<p><a href=\"https:\/\/www.brasildefato.com.br\/2020\/05\/21\/brasil-supera-20-mil-mortes-pelo-novo-coronavirus-foram-1-188-obitos-em-24-horas\"><strong>::Brasil supera 20 mil mortes pelo novo coronav\u00edrus; foram 1.188 \u00f3bitos em 24 horas::<\/strong><\/a><\/p>\n\n\n\n<p>A primeira etapa, chamada de fase&nbsp;de conten\u00e7\u00e3o, \u00e9 colocada em pr\u00e1tica a partir do registro dos&nbsp;primeiros casos. Trata-se de um est\u00e1gio r\u00edgido de rastreamento, testagem e isolamento. A inten\u00e7\u00e3o \u00e9 erradicar o v\u00edrus, mas a partir do momento em que o cont\u00e1gio comunit\u00e1rio torna invi\u00e1vel saber a origem das contamina\u00e7\u00f5es, esse trabalho fica impossibilitado.<\/p>\n\n\n\n<p>Passa-se ent\u00e3o \u00e0 fase de mitiga\u00e7\u00e3o, quando o objetivo \u00e9 diminuir as contamina\u00e7\u00f5es. Desde o&nbsp;<a href=\"https:\/\/www.brasildefato.com.br\/2020\/04\/08\/como-a-china-descobriu-o-novo-coronavirus-semanas-antes-da-pandemia-global\">in\u00edcio da circula\u00e7\u00e3o do v\u00edrus na China<\/a>&nbsp;at\u00e9 a chegada da doen\u00e7a nos continente europeu e americano, as na\u00e7\u00f5es tiveram alguns meses para se preparar, tempo que poderia ser essencial para elaborar a fase de conten\u00e7\u00e3o. A falta de aten\u00e7\u00e3o aos alertas cient\u00edficos, no entanto, colocou os governos, principalmente os conservadores, distantes dessa possibilidade.<\/p>\n\n\n\n<p>\u201cA quest\u00e3o da ideologia anti-ci\u00eancia, por assim dizer, ela coloca esses pa\u00edses muito em maus len\u00e7\u00f3is, principalmente porque voc\u00ea esquece toda a prepara\u00e7\u00e3o que poderia ter. Voc\u00ea atrasa toda a fase de prepara\u00e7\u00e3o que a fase conten\u00e7\u00e3o permite. Aqui no Brasil a gente teve mais ou menos 60 dias entre a descoberta do tamanho da epidemia e a chegada dos primeiros casos aqui. Ent\u00e3o, a gente teve tempo de se preparar e n\u00e3o se preparou porque n\u00f3s temos essas caracter\u00edsticas alinhadas com esses pa\u00edses.\u201d (<em>Ou\u00e7a a entrevista completa com o&nbsp; m\u00e9dico Thiago Henrique Silva no player do in\u00edcio da mat\u00e9ria.)<\/em><\/p>\n\n\n\n<p><a href=\"https:\/\/www.brasildefato.com.br\/2020\/04\/18\/coronavirus-governo-bolsonaro-demorou-mais-de-dois-meses-para-editar-primeira-medida\"><strong>::Coronav\u00edrus: governo Bolsonaro demorou mais de dois meses para editar primeira medida::<\/strong><\/a><\/p>\n\n\n\n<p>Brasil, Estados Unidos e Reino Unido<\/p>\n\n\n\n<p>Em pelo menos tr\u00eas pa\u00edses na lista dos que mais t\u00eam casos, \u00e9 poss\u00edvel dizer que a postura inicial dos governos conservadores e populistas, contra o isolamento e minimizando os impactos da doen\u00e7a, contribuiu muito para o n\u00famero de casos.<a href=\"https:\/\/www.brasildefato.com.br\/2020\/03\/24\/na-tv-bolsonaro-faz-pouco-caso-do-coronavirus-e-pede-volta-a-normalidade\">Jair Bolsonaro<\/a>&nbsp;no Brasil,&nbsp;<a href=\"https:\/\/www.brasildefato.com.br\/2020\/03\/26\/artigo-ate-trump-muda-discurso-sobre-coronavirus-e-bolsonaro-esta-isolado-no-mundo\">Donald Trump<\/a>, nos Estados Unidos e&nbsp;<a href=\"https:\/\/www.brasildefato.com.br\/2020\/04\/06\/depois-de-minimizar-o-coronavirus-primeiro-ministro-ingles-vai-parar-na-uti\">Boris Johnson<\/a>, no Reino Unido, deram declara\u00e7\u00f5es contr\u00e1rias \u00e0 pr\u00e1tica e favor\u00e1veis \u00e0&nbsp;normalidade da economia.&nbsp;<\/p>\n\n\n\n<p>Trump viu a pandemia crescer frente a um\u00a0<a href=\"https:\/\/www.brasildefato.com.br\/2020\/03\/20\/coronavirus-sistema-de-saude-privado-nos-eua-esta-matando-as-pessoas-diz-ativista\">sistema de sa\u00fade privatizado<\/a>, caro e inacess\u00edvel para parte da popula\u00e7\u00e3o e os Estados Unidos passaram a adotar medidas de isolamento. Os estados mais atingidos, como Nova Iorque, foram mais r\u00edgidos. O n\u00famero de novos casos se estabilizou nessas regi\u00f5es, mas n\u00e3o parou de crescer no pa\u00eds. Ainda assim, em 16 de abril, Trump anunciou um plano de afrouxamento das medidas.<\/p>\n\n\n\n<p>Alguns estados iniciaram o processo de abertura sem seguir nem mesmo esse planejamento. O aumento de novas contamina\u00e7\u00f5es n\u00e3o s\u00f3 continua crescendo, agora h\u00e1 tamb\u00e9m novos focos da doen\u00e7a em \u00e1reas rurais e no interior. Crescem tamb\u00e9m os registros da covid-19 em f\u00e1bricas, frigor\u00edficos, pris\u00f5es, asilos e pontos comerciais.&nbsp;<\/p>\n\n\n\n<p>No Reino Unido, Boris Johnson tamb\u00e9m voltou atr\u00e1s e adotou medidas que restringem a circula\u00e7\u00e3o. O pr\u00f3prio primeiro ministro foi infectado e ficou internado em uma UTI. Ao sair do hospital, disse que devia a vida ao Sistema Nacional de S\u00e1ude (NHS). No entanto, o enfrentamento da pandemia no pa\u00eds foi marcado por den\u00fancias de falta de equipamento nas unidades de sa\u00fade. Segundo o governo, a reabertura dos servi\u00e7os e a volta \u00e0 normalidade, previstas em um plano anunciado no dia 11 de maio, v\u00eam sendo realizadas de maneira criteriosa.<\/p>\n\n\n\n<p>O poder p\u00fablico anunciou nesta semana um esfor\u00e7o in\u00e9dito para testes ao maior n\u00famero poss\u00edvel de pessoas com sintomas. Na semana que vem haver\u00e1 uma nova avalia\u00e7\u00e3o sobre os pr\u00f3ximos passos para o fim do isolamento. Mas o an\u00fancio de que hospitais poderiam voltar a realizar procedimentos n\u00e3o emergenciais e adiados por conta da pandemia colocou sindicatos em alerta. Eles exigem a garantia de equipamentos de seguran\u00e7a e defendem o pagamento de horas extras.&nbsp;<\/p>\n\n\n\n<p>O professor do Departamento de Pol\u00edtica e Rela\u00e7\u00f5es Internacionais da Universidade de Edimburgo, Oliver Turner, aponta como carater\u00edstica comum o foco limitado nas pol\u00edticas de sa\u00fade p\u00fablica.<\/p>\n\n\n\n<p>\u201cInicialmente eu diria que esses pa\u00edses t\u00eam coisas em comum, mas a situa\u00e7\u00e3o \u00e9 complicada e h\u00e1 outros fatores al\u00e9m da politica. Mas certamente Brasil, Reino Unido e Estados unido, o que eles t\u00eam em comum \u00e9 que eles procuram proteger a economia primeiro e n\u00e3o abordaram a sa\u00fade p\u00fablica. Eles t\u00eam governos em que a primeira prioridade n\u00e3o \u00e9 necessariamente a sa\u00fade p\u00fablica, mas proteger os governos, ou porque querem ser reeleitos ou porque t\u00eam muito medo da rea\u00e7\u00e3o popular.&#8221;<\/p>\n\n\n\n<blockquote class=\"wp-block-quote is-layout-flow wp-block-quote-is-layout-flow\"><p>&nbsp;<\/p><p><em><strong>Certamente Brasil, Reino Unido e Estados unido, o que eles t\u00eam em comum \u00e9 que eles procuram proteger a economia primeiro e n\u00e3o abordaram a sa\u00fade p\u00fablica.<\/strong><\/em><\/p><\/blockquote>\n\n\n\n<p><strong><a href=\"https:\/\/www.brasildefato.com.br\/2020\/04\/16\/bolsonaro-diz-que-demitiu-mandetta-porque-ele-nao-entendeu-a-questao-do-emprego\" target=\"_blank\" rel=\"noreferrer noopener\">::Bolsonaro diz que demitiu Mandetta porque ele n\u00e3o entendeu a &#8220;quest\u00e3o do emprego&#8221;::<\/a><\/strong><\/p>\n\n\n\n<p>O m\u00e9dico Thiago Henrique Silva diz que as escolhas econ\u00f4micas do governo brasileiro trazem ainda mais riscos.<\/p>\n\n\n\n<p>\u201cO Brasil \u00e9 o \u00fanico pa\u00eds que tem lideran\u00e7a populista de direita no mundo que tem um sinal trocado entre economia e pol\u00edtica. Todos eles adotam pol\u00edticas protecionistas no \u00e2mbito da economia. Essa quest\u00e3o do protecionismo na economia acaba refletindo em uma prote\u00e7\u00e3o social maior para dentro no pa\u00eds. N\u00e3o necessariamente porque voc\u00ea quer fazer pol\u00edticas sociais, mas porque voc\u00ea tenta proteger o emprego dentro do pa\u00eds. Isso \u00e9 completamente diferente no Brasil.\u201d<\/p>\n\n\n\n<p>Segundo o m\u00e9dico o&nbsp;<a href=\"https:\/\/www.brasildefato.com.br\/2020\/04\/29\/ao-lado-de-braga-netto-guedes-rejeita-briga-e-diz-que-seguira-cartilha-neoliberal\">neoliberalismo radical da equipe de Paulo Guedes<\/a>, ministro da Economia no Brasil, afasta ainda mais essa possibilidade.<\/p>\n\n\n\n<p>\u201cComo nosso sinal \u00e9 trocado, como a gente dependeu de poupan\u00e7a externa para retomar o emprego desde o primeiro dia de governo \u2013 sempre a conversa era privatizar para atrair investidor externo, entregar para os outros para tentar &nbsp;retomar emprego dentro do marco neoliberal estrito que \u00e1 cabe\u00e7a do Paulo Guedes, voc\u00ea n\u00e3o tem sa\u00edda. Todos os pa\u00edses do mundo est\u00e3o com uma sa\u00edda keynesiana, desenvolvimentista, do estado protegendo a economia. Aqui no Brasil est\u00e3o tentando aproveitar para dilapidar o resto da economia, achando que a gente vai retomar o emprego com poupan\u00e7a externa no momento da pandemia. Como \u00e9 que voc\u00ea conta com poupan\u00e7a externa no momento da pandemia? N\u00e3o existe!\u201d<\/p>\n\n\n\n<p><a href=\"https:\/\/www.brasildefato.com.br\/2020\/04\/28\/plano-pro-brasil-nao-agrada-a-paulo-guedes-e-nem-a-defensores-do-investimento-publico\"><strong>::Plano Pr\u00f3-Brasil n\u00e3o agrada a Paulo Guedes e nem a defensores do investimento p\u00fablico::<\/strong><\/a><\/p>\n\n\n\n<p>R\u00fassia e Espanha<\/p>\n\n\n\n<p>Entre os pa\u00edses que mais registram casos da covid-19,&nbsp;<a href=\"https:\/\/www.brasildefato.com.br\/2020\/04\/13\/coronavirus-e-crise-do-petroleo-fazem-ressurgir-fantasmas-dos-anos-90-na-russia\">o caso da R\u00fassia<\/a>&nbsp;surpreende pela baixa letalidade.&nbsp;O resultado pode ter rela\u00e7\u00e3o com o n\u00famero alto de testes que v\u00eam sendo realizados e com um controle maior da doen\u00e7a ainda nos est\u00e1gios iniciais. Em Moscou, o prefeito Sergei Sobyanin anunciou que at\u00e9 o fim deste m\u00eas seriam realizados mais de 200 mil testes por dia. Os resultados, segundo ele, v\u00e3o nortear as decis\u00f5es&nbsp;sobre o isolamento.<\/p>\n\n\n\n<p>O pa\u00eds adotou medidas restritivas internas relativamente r\u00e1pidas, mas demorou para fechar as fronteiras. Cr\u00edticos do governo de Vladimir Putin afirmam que h\u00e1 subnotifica\u00e7\u00e3o de \u00f3bitos e que mortes pela covid-19 estariam sendo registradas como outras doen\u00e7as.&nbsp;<\/p>\n\n\n\n<p>A<a href=\"https:\/\/www.brasildefato.com.br\/2020\/04\/03\/brasileira-em-barcelona-conta-como-espanha-esta-enfrentando-coronavirus.\">&nbsp;Espanha<\/a>&nbsp;\u00e9 o \u00fanico&nbsp;que n\u00e3o tem um governo conservador entre os pa\u00edses que mais registram casos da covid-19. No entanto, n\u00e3o adotou medidas de isolamento social r\u00edgidas no in\u00edcio da pandemia e viu os \u00edndices de contamina\u00e7\u00e3o comunit\u00e1ria e mortes aumentarem expressivamente. A situa\u00e7\u00e3o se agravou frente ao grande n\u00famero de idosos e casas asilares no pa\u00eds.<\/p>\n\n\n\n<p>Em resposta, o pa\u00eds ib\u00e9rico teve que estabelecer um r\u00edgido processo de isolamento, que durou 60 dias e agora come\u00e7a a ser revertido. A chamada desescalada do confinamento, no entanto, deixou de fora cidades como Madrid e Val\u00eancia, que registraram grande n\u00famero de casos.<\/p>\n\n\n\n<p>Com a decis\u00e3o, grupos de direta tomaram as ruas do bairro de Salamanca, o mais caro da cidade. A precau\u00e7\u00e3o gerou tamb\u00e9m um rompimento entre a governadora madrilena, Isabel D\u00edaz Ayuso (Partido Popular e o presidente Pedro S\u00e1nchez (Partido Socialista Espanhol) e a pol\u00eamica prossegue.<\/p>\n\n\n\n<p>Na outra ponta<\/p>\n\n\n\n<p>Sejam quais&nbsp;forem as caracter\u00edsticas e medidas tomadas por essas na\u00e7\u00f5es, fica explicitado que o isolamento social causa impactos&nbsp;consistentes no n\u00famero de casos, na velocidade com que a pandemia se espalha e na conten\u00e7\u00e3o do v\u00edrus.<\/p>\n\n\n\n<blockquote class=\"wp-block-quote is-layout-flow wp-block-quote-is-layout-flow\"><p>&nbsp;<\/p><p><em><strong>Se voc\u00ea est\u00e1 procurando proteger pessoas, h\u00e1 algumas coisas que voc\u00ea pode fazer muito r\u00e1pido, como testes e isolamento social.<\/strong><\/em>&nbsp;<\/p><\/blockquote>\n\n\n\n<p>Do lado dos pa\u00edses que tiveram sucesso no controle da covid-19 est\u00e3o governos que impuseram a\u00e7\u00f5es r\u00edgidas de isolamento social. T\u00e3o diversos quanto os que mais t\u00eam casos, Portugal, Nova Zel\u00e2ndia, Vietn\u00e3, China e Coreia do Sul, por exemplo, devem enfrentar menos dificuldades para sair da crise.&nbsp;<\/p>\n\n\n\n<p>O professor Oliver Turner ressalta a ironia da situa\u00e7\u00e3o. Na\u00e7\u00f5es conservadores, que focaram seus esfor\u00e7os na prote\u00e7\u00e3o dos mercados e n\u00e3o das pessoas, devem demorar mais para retomar as perspectivas de crescimento. A conclus\u00e3o, segundo Turner, \u00e9 \u00f3bvia: conter a pandemia e salvar vida se mostra um modo mais eficaz para preservar a economia.&nbsp;<\/p>\n\n\n\n<p>\u201cTodos os pa\u00edses no mundo que lidaram com isso de maneira mais efetiva, a maior parte deles est\u00e1 na \u00c1sia. E o que eles fizeram foi reagir muito r\u00e1pido, a partir da perspectiva das pol\u00edticas p\u00fablicas de sa\u00fade. Se voc\u00ea est\u00e1 procurando proteger pessoas, h\u00e1 algumas coisas que voc\u00ea pode fazer muito r\u00e1pido, como testes e isolamento social. Ironicamente, claro, isso significa que eles protegeram a economia, porque poder\u00e3o abrir mais rapidamente.\u201d<\/p>\n\n\n\n<p><\/p>\n","protected":false},"excerpt":{"rendered":"<p>N\u00famero de infectados supera os 5 milh\u00f5es com resultados dram\u00e1ticos para na\u00e7\u00f5es que ignoraram o isolamento social<\/p>\n","protected":false},"author":1,"featured_media":0,"comment_status":"closed","ping_status":"open","sticky":false,"template":"","format":"standard","meta":{"_exactmetrics_skip_tracking":false,"_exactmetrics_sitenote_active":false,"_exactmetrics_sitenote_note":"","_exactmetrics_sitenote_category":0,"jetpack_post_was_ever_published":false,"_jetpack_newsletter_access":"","_jetpack_dont_email_post_to_subs":false,"_jetpack_newsletter_tier_id":0,"_jetpack_memberships_contains_paywalled_content":false,"_jetpack_memberships_contains_paid_content":false,"footnotes":"","jetpack_publicize_message":"","jetpack_publicize_feature_enabled":true,"jetpack_social_post_already_shared":true,"jetpack_social_options":{"image_generator_settings":{"template":"highway","enabled":false},"version":2}},"categories":[1],"tags":[],"class_list":["post-28296","post","type-post","status-publish","format-standard","hentry","category-notas"],"jetpack_publicize_connections":[],"jetpack_sharing_enabled":true,"jetpack_featured_media_url":"","jetpack_shortlink":"https:\/\/wp.me\/p7wKYW-7mo","jetpack-related-posts":[],"_links":{"self":[{"href":"http:\/\/blogdalucianaoliveira.com.br\/blog\/wp-json\/wp\/v2\/posts\/28296","targetHints":{"allow":["GET"]}}],"collection":[{"href":"http:\/\/blogdalucianaoliveira.com.br\/blog\/wp-json\/wp\/v2\/posts"}],"about":[{"href":"http:\/\/blogdalucianaoliveira.com.br\/blog\/wp-json\/wp\/v2\/types\/post"}],"author":[{"embeddable":true,"href":"http:\/\/blogdalucianaoliveira.com.br\/blog\/wp-json\/wp\/v2\/users\/1"}],"replies":[{"embeddable":true,"href":"http:\/\/blogdalucianaoliveira.com.br\/blog\/wp-json\/wp\/v2\/comments?post=28296"}],"version-history":[{"count":1,"href":"http:\/\/blogdalucianaoliveira.com.br\/blog\/wp-json\/wp\/v2\/posts\/28296\/revisions"}],"predecessor-version":[{"id":28298,"href":"http:\/\/blogdalucianaoliveira.com.br\/blog\/wp-json\/wp\/v2\/posts\/28296\/revisions\/28298"}],"wp:attachment":[{"href":"http:\/\/blogdalucianaoliveira.com.br\/blog\/wp-json\/wp\/v2\/media?parent=28296"}],"wp:term":[{"taxonomy":"category","embeddable":true,"href":"http:\/\/blogdalucianaoliveira.com.br\/blog\/wp-json\/wp\/v2\/categories?post=28296"},{"taxonomy":"post_tag","embeddable":true,"href":"http:\/\/blogdalucianaoliveira.com.br\/blog\/wp-json\/wp\/v2\/tags?post=28296"}],"curies":[{"name":"wp","href":"https:\/\/api.w.org\/{rel}","templated":true}]}}